{"id":575607,"date":"2026-07-23T23:52:14","date_gmt":"2026-07-23T23:52:14","guid":{"rendered":"https:\/\/www.europesays.com\/pl\/575607\/"},"modified":"2026-07-23T23:52:14","modified_gmt":"2026-07-23T23:52:14","slug":"maria-prazuch-niebawem-zadebiutuje-w-polsacie-marcin-prokop-dodal-jej-otuchy","status":"publish","type":"post","link":"https:\/\/www.europesays.com\/pl\/575607\/","title":{"rendered":"Maria Pra\u017cuch niebawem zadebiutuje w Polsacie. Marcin Prokop doda\u0142 jej otuchy"},"content":{"rendered":"<p>Ma\u0142\u017ce\u0144stwo Marcina Prokopa, znanego dziennikarza i prowadz\u0105cego &#8222;Dzie\u0144 Dobry TVN&#8221;, oraz <a href=\"https:\/\/plejada.pl\/temat\/maria-prazuch-prokop\/gjy0x5q\" id=\"46487d27-28ce-450c-b5e5-70cc042caa86\" rel=\"nofollow noopener\" target=\"_blank\">Marii Pra\u017cuch-Prokop<\/a>, instruktorki jogi, przez lata uchodzi\u0142o za wz\u00f3r harmonii. Tym wi\u0119ksze by\u0142o zaskoczenie, gdy para, ju\u017c po fakcie, <a href=\"https:\/\/plejada.pl\/newsy\/marcin-prokop-rozstal-sie-zona-jest-oswiadczenie\/mc5t7z7\" id=\"a3c0baf0-2e45-4ab2-8951-0ea2dae95376\" rel=\"nofollow noopener\" target=\"_blank\">zakomunikowa\u0142a rozstanie<\/a>.<\/p>\n<p>&#8222;Tak wygl\u0105daj\u0105 ludzie, kt\u00f3rzy [&#8230;] mimo \u017ce jaki\u015b czas temu rozstali si\u0119 jako ma\u0142\u017ce\u0144stwo, to jako przyjaciele i rodzice Zosi nadal pozostaj\u0105 razem&#8221; \u2014 napisali w oficjalnym o\u015bwiadczeniu. Cho\u0107 drogi pary jako ma\u0142\u017conk\u00f3w si\u0119 rozesz\u0142y, podkre\u015blaj\u0105, \u017ce nadal \u0142\u0105czy ich przyja\u017a\u0144 i wsp\u00f3lna troska o c\u00f3rk\u0119.<\/p>\n<p>      Dalszy ci\u0105g artyku\u0142u pod materia\u0142em wideo Marcin Prokop o debiucie by\u0142ej \u017cony w Polsacie. &#8222;Jest nietuzinkow\u0105 osobowo\u015bci\u0105&#8221;Przez lata Maria Pra\u017cuch-Prokop pozostawa\u0142a w cieniu medialnej kariery m\u0119\u017ca. Dzi\u015b coraz \u015bmielej buduje w\u0142asn\u0105 mark\u0119. Ju\u017c wkr\u00f3tce <a href=\"https:\/\/plejada.pl\/newsy\/polsat-oglasza-nowy-program-randkowy-poprowadzi-go-maria-prokop\/yst2z10\" id=\"9c794521-6093-4d7c-b964-8d28ae7edc70\" rel=\"nofollow noopener\" target=\"_blank\">zadebiutuje jako prowadz\u0105ca nowy program Polsatu<\/a> &#8222;Wielka Mi\u0142o\u015b\u0107 w Ma\u0142ym Mie\u015bcie&#8221; \u2014 randkowe show, w kt\u00f3rym uczestnicy b\u0119d\u0105 poszukiwa\u0107 drugiej po\u0142\u00f3wki.         <img class=\"ods-a-photo ods-a-photo--background\" src=\"https:\/\/www.europesays.com\/pl\/wp-content\/uploads\/2026\/07\/D2Kk9lBaHR0cHM6Ly9vY2RuLmV1L3B1bHNjbXMvTURBXy85NzcxZWNiMzIwNTg1NjY1N2UzNjc1NTY4ZDQxOWNkZi5qcGeRlQLNA.jpeg\" height=\"300\" width=\"450\" alt=\"Skolim (zdj\u0119cie nie pochodzi ze wspomnianego koncertu)\" loading=\"lazy\" fetchpriority=\"low\" decoding=\"async\"\/>  Do medialnych doniesie\u0144 odni\u00f3s\u0142 si\u0119 tak\u017ce <a href=\"https:\/\/plejada.pl\/temat\/marcin-prokop\/qf071zk\" id=\"9a5c479d-aeb8-49c3-a0cd-587b3d07c868\" rel=\"nofollow noopener\" target=\"_blank\">Marcin Prokop<\/a>. Dziennikarz nie kryje dumy z debiutu by\u0142ej \u017cony i otwarcie deklaruje wsparcie, mimo \u017ce sam jest zwi\u0105zany z konkurencyjn\u0105 stacj\u0105.<\/p>\n<blockquote class=\"ods-o-quote\">\n<p class=\"ods-o-quote__paragraph\">Bardzo si\u0119 ciesz\u0119, \u017ce Marysia b\u0119dzie mia\u0142a sw\u00f3j program, bo jest nietuzinkow\u0105 osobowo\u015bci\u0105 i m\u0105dr\u0105 kobiet\u0105, wi\u0119c kamera z pewno\u015bci\u0105 j\u0105 pokocha<\/p>\n<\/blockquote>\n<p>\u2014 przyzna\u0142 w rozmowie z &#8222;Super Expressem&#8221;.<\/p>\n<p>&#8222;Trzymam mocno kciuki i mam nadziej\u0119, \u017ce ten projekt odniesie du\u017cy sukces&#8221; \u2014 podsumowa\u0142 w tej samej rozmowie.<\/p>\n<p> Dzi\u0119kujemy, \u017ce przeczyta\u0142a\u015b\/e\u015b nasz artyku\u0142 do ko\u0144ca. W serwisie Plejada.pl ka\u017cdego dnia piszemy o najwa\u017cniejszych wydarzeniach show-biznesowych. B\u0105d\u017a na bie\u017c\u0105co!<a rel=\"nofollow noopener\" href=\"https:\/\/profile.google.com\/cp\/Cg0vZy8xMWJ6X19wdHBx\" id=\"edb191e4-cb86-421d-b6a2-8a2d52be0cdd\" target=\"_blank\"> Obserwuj<\/a> Plejad\u0119 w Google. Odwied\u017a nas tak\u017ce na<a rel=\"nofollow noopener\" href=\"https:\/\/www.facebook.com\/plejadapl\" id=\"432a0e80-69cb-4a1f-b84c-3c91c3508d10\" target=\"_blank\"> Facebooku<\/a>,<a rel=\"nofollow noopener\" href=\"https:\/\/www.instagram.com\/plejadapl\/\" id=\"8733bf68-2403-4c81-b3cf-c5dd0b2f52d0\" target=\"_blank\"> Instagramie<\/a>,<a rel=\"nofollow noopener\" href=\"https:\/\/www.youtube.com\/c\/plejada\" id=\"b67a169c-60b1-456a-b2c2-98cf4e7b4caa\" target=\"_blank\"> YouTubie<\/a> oraz<a rel=\"nofollow noopener\" href=\"https:\/\/www.tiktok.com\/@plejada_pl\" id=\"c8e2b873-984a-495e-860d-d117e79e01e9\" target=\"_blank\"> TikToku<\/a>.Chcesz podzieli\u0107 si\u0119 ciekawym newsem lub zaproponowa\u0107 temat? Skontaktuj si\u0119 z nami, pisz\u0105c maila na adres: <a rel=\"nofollow noopener\" href=\"https:\/\/plejada.pl\/newsy\/maria-prazuch-niebawem-zadebiutuje-w-polsacie-marcin-prokop-dodal-jej-otuchy\/mailto:plejada@redakcjaonet.pl\" id=\"45959d82-a6e7-4f49-b9bc-c7aaab7ea5be\" target=\"_blank\">plejada@redakcjaonet.pl<\/a>.<script async src=\"\/\/www.instagram.com\/embed.js\"><\/script><script async src=\"\/\/www.tiktok.com\/embed.js\"><\/script><\/p>\n","protected":false},"excerpt":{"rendered":"Ma\u0142\u017ce\u0144stwo Marcina Prokopa, znanego dziennikarza i prowadz\u0105cego &#8222;Dzie\u0144 Dobry TVN&#8221;, oraz Marii Pra\u017cuch-Prokop, instruktorki jogi, przez lata uchodzi\u0142o&hellip;\n","protected":false},"author":2,"featured_media":575608,"comment_status":"","ping_status":"","sticky":false,"template":"","format":"standard","meta":{"footnotes":"","_share_on_mastodon":"0"},"categories":[22],"tags":[61195,122,2956,64484,48,125,46,42,38,40,263,39,41,123,47],"class_list":["post-575607","post","type-post","status-publish","format-standard","has-post-thumbnail","category-rozrywka","tag-bottomfeed_styl","tag-entertainment","tag-marcin_prokop","tag-maria_prazuch_prokop","tag-nat_styl","tag-newsy","tag-omp","tag-pl","tag-poland","tag-polish","tag-polsat","tag-polska","tag-polski","tag-rozrywka","tag-screening_general"],"share_on_mastodon":{"url":"","error":""},"_links":{"self":[{"href":"https:\/\/www.europesays.com\/pl\/wp-json\/wp\/v2\/posts\/575607","targetHints":{"allow":["GET"]}}],"collection":[{"href":"https:\/\/www.europesays.com\/pl\/wp-json\/wp\/v2\/posts"}],"about":[{"href":"https:\/\/www.europesays.com\/pl\/wp-json\/wp\/v2\/types\/post"}],"author":[{"embeddable":true,"href":"https:\/\/www.europesays.com\/pl\/wp-json\/wp\/v2\/users\/2"}],"replies":[{"embeddable":true,"href":"https:\/\/www.europesays.com\/pl\/wp-json\/wp\/v2\/comments?post=575607"}],"version-history":[{"count":0,"href":"https:\/\/www.europesays.com\/pl\/wp-json\/wp\/v2\/posts\/575607\/revisions"}],"wp:featuredmedia":[{"embeddable":true,"href":"https:\/\/www.europesays.com\/pl\/wp-json\/wp\/v2\/media\/575608"}],"wp:attachment":[{"href":"https:\/\/www.europesays.com\/pl\/wp-json\/wp\/v2\/media?parent=575607"}],"wp:term":[{"taxonomy":"category","embeddable":true,"href":"https:\/\/www.europesays.com\/pl\/wp-json\/wp\/v2\/categories?post=575607"},{"taxonomy":"post_tag","embeddable":true,"href":"https:\/\/www.europesays.com\/pl\/wp-json\/wp\/v2\/tags?post=575607"}],"curies":[{"name":"wp","href":"https:\/\/api.w.org\/{rel}","templated":true}]}}