{"id":575931,"date":"2026-07-24T03:43:14","date_gmt":"2026-07-24T03:43:14","guid":{"rendered":"https:\/\/www.europesays.com\/pl\/575931\/"},"modified":"2026-07-24T03:43:14","modified_gmt":"2026-07-24T03:43:14","slug":"maciej-wilk-chce-referendum-w-sprawie-trzaskowskiego-bedzie-zbieral-podpisy","status":"publish","type":"post","link":"https:\/\/www.europesays.com\/pl\/575931\/","title":{"rendered":"Maciej Wilk chce referendum w sprawie Trzaskowskiego. B\u0119dzie zbiera\u0142 podpisy"},"content":{"rendered":"<p>Maciej Wilk to dzia\u0142acz spo\u0142eczny i aktywista, szef Stowarzyszenia &#8222;Tak dla CPK&#8221;. Jest mened\u017cerem lotniczym. Przez blisko 10 lat pracowa\u0142 w Liniach Lotniczych LOT, a w latach 2023-2026 by\u0142 prezesem kanadyjskich linii lotniczych Flair Airlines. Jest prezesem Fundacji Polskiego Rozwoju, a inne jego inicjatywy to &#8222;Tak dla obywateli&#8221;, w kt\u00f3rej postuluje ograniczenie liczby pos\u0142\u00f3w i likwidacj\u0119 Senatu oraz &#8222;Tak dla uczciwo\u015bci&#8221; \u2014 zbiera podpisy pod petycj\u0105 do Sejmu o ograniczenie przywilej\u00f3w parlamentarzyst\u00f3w.<\/p>\n<p>Piotr Halicki: Dlaczego chce pan odwo\u0142ania prezydenta Warszawy Rafa\u0142a Trzaskowskiego oraz Rady Warszawy?<\/p>\n<p>Maciej Wilk: Do podj\u0119cia tej akcji popchn\u0119\u0142o mnie to, co przeczyta\u0142em w mediach na temat sytuacji w Szpitalu Po\u0142udniowym.<\/p>\n<p>Przyznaj\u0119, \u017ce szukali\u015bmy chwytliwej nazwy dla naszej inicjatywy. My\u015bl\u0119, \u017ce si\u0119 uda\u0142o. To taki skr\u00f3t, gra s\u0142\u00f3w, ale temat jak najbardziej powa\u017cny.<\/p>\n<p>Musi to by\u0107 inicjatywa, kt\u00f3ra uderzy w emocje warszawiak\u00f3w i pomo\u017ce zmobilizowa\u0107 ich do wsp\u00f3lnego dzia\u0142ania. Bo przecie\u017c nie jest \u0142atwo zach\u0119ci\u0107 ludzi do takiego oddolnego zrywu.<\/p>\n<p>Afera w tym szpitalu sprawi\u0142a, \u017ce przela\u0142a si\u0119 czara goryczy?<\/p>\n<p>Dok\u0142adnie tak. Oczywi\u015bcie obserwuj\u0119, co si\u0119 dzieje w Warszawie. Mieszkam w tym mie\u015bcie ca\u0142e \u017cycie, poza trzyletnim epizodem w Kanadzie. Urodzi\u0142em si\u0119 tu, wi\u0119c zale\u017cy mi g\u0142\u0119boko na Warszawie, \u017ceby to faktycznie by\u0142o miasto na miar\u0119 stolicy wa\u017cnego, europejskiego pa\u0144stwa. Gdy widz\u0119 tego typu, nomen omen, patologie, jak w Szpitalu Po\u0142udniowym, to diagnozuj\u0119 je nie jako jaki\u015b jednostkowy przyk\u0142ad, tylko jako wierzcho\u0142ek g\u00f3ry lodowej. Znak, \u017ce pewne kluczowe procesy w mie\u015bcie nie funkcjonuj\u0105. Takie jak na przyk\u0142ad nadz\u00f3r w\u0142a\u015bcicielski nad sp\u00f3\u0142kami miejskimi.<\/p>\n<p>Co\u015b mi si\u0119 po tym skandalu w szpitalu ula\u0142o. Jestem \u015bwiadom tego, jak mocny jest establishment warszawski. Ale je\u017celi w tym momencie nie da si\u0119 zrobi\u0107 czego\u015b, \u017ceby t\u0119 sytuacj\u0119 jako\u015b pchn\u0105\u0107 ku poprawie, to ju\u017c chyba nigdy nie damy rady.<\/p>\n<p> Dalszy ci\u0105g artyku\u0142u pod materia\u0142em wideo <\/p>\n<p>Czyli postanowi\u0142 pan wykorzysta\u0107 do tego, \u017ceby co\u015b zmieni\u0107, jeden z najwi\u0119kszych w ostatnim czasie kryzys\u00f3w rz\u0105du Koalicji Obywatelskiej?<\/p>\n<p>Ja nawet nie patrz\u0119 przez pryzmat kryzysu Koalicji Obywatelskiej. Raczej postrzegam to jako kryzys warszawskiego establishmentu. Bo zdajemy sobie spraw\u0119, \u017ce w Warszawie nieprzerwanie od 20 lat rz\u0105dzi ta sama ekipa. A je\u017celi wy\u0142\u0105czymy kr\u00f3tki epizod prezydentury Lecha Kaczy\u0144skiego \u2014 to pewnie ju\u017c ponad 30 lat. Ci sami ludzie, w gruncie rzeczy to samo ugrupowanie, a przynajmniej \u015brodowisko.<\/p>\n<p>Przecie\u017c Koalicja Obywatelska ma w radzie 36 mandat\u00f3w na 60 miejsc. Jest takie pi\u0119kne powiedzenie, \u017ce w\u0142adza deprawuje, a w\u0142adza absolutna deprawuje absolutnie. I w Warszawie widzimy niestety dzisiaj tego rezultatu. To, co si\u0119 dzieje w Szpitalu Po\u0142udniowym, diagnozuj\u0119 jako efekt wieloletniej patologii i nieprawid\u0142owo\u015bci w nadzorze w\u0142a\u015bcicielskim, sposobie zarz\u0105dzania mieniem publicznym, miejskim.<\/p>\n<p>     ZOBACZ R\u00d3WNIE\u017b: <a href=\"https:\/\/wiadomosci.onet.pl\/kraj\/konsekwencje-po-aferze-w-szpitalu-poludniowym-tak-ocenili-je-polacy\/r2zwhs5\" id=\"f59f7e5a-da0c-4011-909e-35804d4c1302\" rel=\"nofollow noopener\" target=\"_blank\">Polacy jednoznacznie o aferze w Szpitalu Po\u0142udniowym. 47 proc. wskaza\u0144<\/a><\/p>\n<p>Ale rozumiem, \u017ce Szpital Po\u0142udniowy to nie jest jedyna sprawa, kt\u00f3ra pana denerwuje. Ma pan wi\u0119cej zarzut\u00f3w do Rafa\u0142a Trzaskowskiego i do \u2014 jak sam pan m\u00f3wi \u2014 rz\u0105d\u00f3w warszawskiego establishmentu?<\/p>\n<p>Trzeba oddzieli\u0107 tutaj osob\u0119 pana prezydenta Trzaskowskiego, bo traktuj\u0119 go tylko jako pierwszego w szeregu. Rada Miasta te\u017c jest cz\u0119\u015bci\u0105 tego samego establishmentu. Jak sobie przypomnimy nie tylko ostatnie osiem lat, ale 20, to jest mn\u00f3stwo temat\u00f3w, kt\u00f3re nigdy, mam wra\u017cenie, nie zosta\u0142y dostatecznie zbadane, przedyskutowane i nie zosta\u0142y wyci\u0105gni\u0119te z nich wnioski.<\/p>\n<p>Mo\u017ce pan wymieni\u0107 te najwa\u017cniejsze zarzuty, kt\u00f3re le\u017c\u0105 panu na sercu?<\/p>\n<p>Na przyk\u0142ad wr\u00f3\u0107my do tematu reprywatyzacji.<\/p>\n<p>Za rz\u0105d\u00f3w Hanny Gronkiewicz-Waltz.<\/p>\n<p>Owszem, zacz\u0119\u0142o si\u0119 za jej rz\u0105d\u00f3w, ale ten proces by\u0142 kontynuowany r\u00f3wnie\u017c za prezydentury Trzaskowskiego. I nikt nigdy nie poni\u00f3s\u0142 \u017cadnej odpowiedzialno\u015bci za bezprawn\u0105 sprzeda\u017c i za oddawanie kamienic razem z lokatorami.<\/p>\n<p>     &#8222;Po 20 latach takiej sytuacji ko\u0144czy si\u0119 to Dawidem Kacprzykiem i salonikiem VIP&#8221;<\/p>\n<p>M\u00f3wi pan chyba o odpowiedzialno\u015bci politycznej. Bo przecie\u017c bior\u0105cy udzia\u0142 w tzw. dzikiej reprywatyzacji prawnicy czy urz\u0119dnicy trafili za kraty.<\/p>\n<p>A na czyje zlecenie i z czyjej inspiracji dzia\u0142ali? I tak, chodzi mi o odpowiedzialno\u015b\u0107 polityczn\u0105. Bo nie m\u00f3g\u0142 by\u0107 ten proceder realizowany bez b\u0142ogos\u0142awie\u0144stwa ekipy zarz\u0105dzaj\u0105cej miastem. Ale takiego rozliczenia nigdy nie by\u0142o.<\/p>\n<p>Teraz chcia\u0142em przej\u015b\u0107 p\u0142ynnie do tematu MPWiK-u i katastrofy ekologicznej w Czajce. Jest to szczeg\u00f3lnie mi bliski temat, bo mieszkam na M\u0142ocinach i czu\u0142em w\u0142asnym nosem ten problem 11 mln m sze\u015bc. \u015bciek\u00f3w, kt\u00f3re sp\u0142yn\u0119\u0142y do Wis\u0142y. Nie pos\u0105dzam tu nikogo o spowodowanie katastrofy, ale wracam do raportu NIK-u. I on jednoznacznie wskazuje, \u017ce to prezydent miasta \u2014 znowu \u2014 nie wykorzysta\u0142 wszystkich dost\u0119pnych sobie narz\u0119dzi kontrolnych i nadzoru, \u017ceby zapobiec sytuacji.<\/p>\n<p>Zw\u0142aszcza \u017ce katastrofa w Czajce nast\u0105pi\u0142a de facto dwukrotnie. I znowu, w\u0142a\u015bciwie wsz\u0119dzie, gdzie nie spojrzymy, wracamy do problemu nadzoru w\u0142a\u015bcicielskiego. To jest termin, powiedzia\u0142bym, bardzo korporacyjny, ale w gruncie rzeczy sprowadza si\u0119 do systemu, w jakim obsadza si\u0119 kluczowe stanowiska w sp\u00f3\u0142kach miejskich, instytucjach, urz\u0119dach itd.<\/p>\n<p>ZOBACZ R\u00d3WNIE\u017b: <a href=\"https:\/\/www.onet.pl\/informacje\/onetwarszawa\/jurasz-bylem-wstrzasniety-tym-co-zobaczylem-na-sor-ze-w-szpitalu-poludniowym\/9e1vzyp,79cfc278\" id=\"41e130b3-3abb-4046-964d-e0e889b29a22\" rel=\"nofollow noopener\" target=\"_blank\">Jurasz: by\u0142em wstrz\u0105\u015bni\u0119ty tym, co us\u0142ysza\u0142em na SOR-ze w Szpitalu Po\u0142udniowym<\/a><\/p>\n<p>Pisali\u015bmy o tym zreszt\u0105 w Onecie, zaraz po wybuchu afery w Szpitalu Po\u0142udniowym, \u017ce w zarz\u0105dach i radach nadzorczych sp\u00f3\u0142ek miejskich w Warszawie zasiada ponad 40 polityk\u00f3w.<\/p>\n<p>I jeszcze do tego dochodz\u0105 takie wynaturzenia systemu, \u017ce politycy z r\u00f3\u017cnych samorz\u0105d\u00f3w krzy\u017cowo wymieniaj\u0105 si\u0119 pozycjami. I w ten spos\u00f3b na przyk\u0142ad w radzie nadzorczej Tramwaj\u00f3w Warszawskich zasiada marsza\u0142ek wojew\u00f3dztwa mazowieckiego Adam Struzik.<\/p>\n<p>Ale ostatecznie wracamy do tej samej obserwacji \u2014 je\u017celi kluczowe stanowiska, kt\u00f3re maj\u0105 nadzorowa\u0107 prace sp\u00f3\u0142ek, obsadzamy nie profesjonalistami, nie osobami przygotowanymi merytorycznie, tylko politykami czy te\u017c lud\u017ami, kt\u00f3rym musimy odda\u0107 jakie\u015b przys\u0142ugi, po 20 latach ko\u0144czy si\u0119 to Dawidem Kacprzykiem i salonikiem VIP na SOR-ze.<\/p>\n<p>I znowu: \u015bwietnie, \u017ce prezydent Trzaskowski obudzi\u0142 si\u0119 teraz, po o\u015bmiu latach i stwierdzi\u0142, \u017ce w sp\u00f3\u0142kach nie powinni zasiada\u0107 politycy. Ale to jest po o\u015bmiu latach prezydentury! Nagle doszed\u0142 do odkrywczego wniosku, \u017ce mo\u017ce lepiej biznes odda\u0107 profesjonalistom do prowadzenia. I ja si\u0119 ciesz\u0119, \u017ce zosta\u0142y wprowadzone \u015brodki naprawcze, m\u00f3wi\u0105c j\u0119zykiem biznesowym. Wniosek systemowy zosta\u0142 wyci\u0105gni\u0119ty, \u017ce politycy nie powinni zasiada\u0107 w radach. \u015arodek naprawczy zosta\u0142 wdro\u017cony, bo usuni\u0119to ich z tych rad albo zapowiedziano, \u017ce b\u0119d\u0105 usuni\u0119ci.<\/p>\n<p>ZOBACZ R\u00d3WNIE\u017b: <a href=\"https:\/\/wiadomosci.onet.pl\/tylko-w-onecie\/trzaskowski-wyrzuca-politykow-ze-szpitali-w-spolkach-wciaz-ma-ich-pelno\/bqgtqe5?utm_term=autor_15&amp;utm_source=facebook&amp;utm_medium=social&amp;utm_campaign=onetwiadomosci-page-post\" id=\"a557f2e8-26e7-4e69-9f99-bf93e418cf1d\" rel=\"nofollow noopener\" target=\"_blank\">Rafa\u0142 Trzaskowski wyrzuca polityk\u00f3w ze szpitali. W sp\u00f3\u0142kach wci\u0105\u017c ma ich pe\u0142no<\/a><\/p>\n<p>Ale oddzieln\u0105 kwesti\u0105 pozostaje odpowiedzialno\u015b\u0107 za to, \u017ce przez osiem, a tak naprawd\u0119 przez 20 lat budowano skrupulatnie taki patologiczny system. Pos\u0142u\u017c\u0119 si\u0119 analogi\u0105 \u2014 jak zwyk\u0142y szary obywatel wsi\u0105dzie za kierownic\u0119 po spo\u017cyciu i spowoduje wypadek, to mo\u017ce si\u0119 zarzeka\u0107, \u017ce ju\u017c nigdy nie tknie alkoholu, ale odpowiedzialno\u015b\u0107 i tak b\u0119dzie musia\u0142 ponie\u015b\u0107. I tu powinna by\u0107 taka sama sytuacja.<\/p>\n<p>          <img class=\"ods-a-photo ods-a-photo--background\" src=\"https:\/\/www.europesays.com\/pl\/wp-content\/uploads\/2026\/07\/AxXk9lBaHR0cHM6Ly9vY2RuLmV1L3B1bHNjbXMvTURBXy8zMjhiOWJlYmYzNjcwZWM2MjYyZGE1ZmNkOGYwNDFiMS5qcGeRkwXNB.jpeg\" height=\"638\" width=\"940\" alt=\"Prezydent Warszawy Rafa\u0142 Trzaskowski\" loading=\"lazy\" fetchpriority=\"auto\" decoding=\"auto\"\/>    <\/p>\n<p>Mateusz Grochocki\/East News \/ East News<\/p>\n<p>  Prezydent Warszawy Rafa\u0142 Trzaskowski  <\/p>\n<p>Czy to jest aluzja do procesu wprowadzania nocnej prohibicji w Warszawie, kt\u00f3ry r\u00f3wnie\u017c przebiega\u0142 z pewnymi problemami i oporami?<\/p>\n<p>(\u015bmiech) Troch\u0119 tak, bo przecie\u017c sta\u0142o si\u0119 to dopiero po reakcji spo\u0142ecznej, kt\u00f3ra wymusi\u0142a prohibicj\u0119 w ca\u0142ej Warszawie. Najpierw wprowadzono j\u0105 w taki spos\u00f3b, \u017ce po prawej stronie Alei Jana Paw\u0142a II nie mo\u017cna by\u0142o kupi\u0107 alkoholu w nocy, a po lewej stronie tej arterii ju\u017c tak [co wynika z faktu, \u017ce Al. Jana Paw\u0142a II biegnie granica mi\u0119dzy dwiema dzielnicami: Wol\u0105 i \u015ar\u00f3dmie\u015bciem].<\/p>\n<p>&#8222;Traktowa\u0142 to jako trampolin\u0119 do prezydentury Polski&#8221;<\/p>\n<p>Ale od czerwca mi\u0119dzy godz. 22 a 6 rano alkoholu nie da si\u0119 kupi\u0107 ju\u017c w ca\u0142ym mie\u015bcie.<\/p>\n<p>Nie dosz\u0142oby do tego, gdyby nie presja spo\u0142eczna.<\/p>\n<p>Wracaj\u0105c jeszcze do d\u0142ugiej listy zarzut\u00f3w, jakie mam nie tylko wobec prezydenta, ale wobec ca\u0142ego uk\u0142adu rz\u0105dz\u0105cego Warszaw\u0105. We\u017amy inwestycje \u2014 m\u00f3j konik. Mamy wi\u0119c metro.<\/p>\n<p>Akurat metro jest przecie\u017c rozbudowywane, wci\u0105\u017c si\u0119 rozwija.<\/p>\n<p>Rozwija si\u0119, \u015bwietnie, z tym \u017ce za chwil\u0119 zostanie doko\u0144czona druga linia metra, ale trzecia, nie wspominaj\u0105c ju\u017c o czwartej, zacznie si\u0119 budowa\u0107 dopiero za kilka lat.<\/p>\n<p>Po raz pierwszy, odk\u0105d pami\u0119tam, w Warszawie nie b\u0119dzie si\u0119 budowa\u0107 metro. Pod koniec tego roku metro dojedzie na dalekie Bemowo czy do Ursusa i nie b\u0119dzie kolejnej inwestycji w podziemn\u0105 kolej ani w 2026, ani w 2027 r. Mo\u017ce najwcze\u015bniej w 2028.<\/p>\n<p>ZOBACZ R\u00d3WNIE\u017b: <a href=\"https:\/\/wiadomosci.onet.pl\/warszawa\/jak-prosektor-szpitala-poludniowego-handlowal-zwlokami-ujawniamy-kulisy\/77trrt8\" id=\"68461bd2-d116-400c-a44d-61b115ffacbb\" rel=\"nofollow noopener\" target=\"_blank\">Jak prosektor Szpitala Po\u0142udniowego handlowa\u0142 zw\u0142okami. Ujawniamy kulisy<\/a><\/p>\n<p>Pami\u0119tajmy jednak, \u017ce tak ogromna inwestycja wymaga czasu \u2014 projektowanie, podpisywanie um\u00f3w, dopiero potem realizacja.<\/p>\n<p>Oczywi\u015bcie, \u017ce tak. Tylko to w\u0142a\u015bnie powinno si\u0119 pod okiem dobrego gospodarza dzia\u0107 przez ostatnie par\u0119 lat. Tak, \u017ceby ta trzecia linia, o kt\u00f3rej przecie\u017c mowa od lat 15 \u2014 zreszt\u0105 dyskusyjna jest w og\u00f3le ta nitka na Groch\u00f3w, ale to ju\u017c zostawmy \u2014 by\u0142a ju\u017c dawno przygotowana do wystartowania prac, \u017ceby zachowa\u0107 p\u0142ynno\u015b\u0107 rob\u00f3t. W Delhi 30 lat temu nie by\u0142o metra w og\u00f3le, a teraz maj\u0105 tam 12 linii i 420 km tor\u00f3w. W tym czasie my mamy dwie linie, dopiero co uko\u0144czone.<\/p>\n<p>Z tego, co pami\u0119tam, op\u00f3\u017anienia w rozbudowie metra wynika\u0142y w ostatnim czasie z problem\u00f3w proceduralnych, rosn\u0105cych koszt\u00f3w oraz k\u0142opot\u00f3w z uzyskaniem unijnego dofinansowania, co z kolei by\u0142o m.in. efektem blokowania wyp\u0142at z KPO.<\/p>\n<p>By\u0107 mo\u017ce. Wiadomo, zawsze znajd\u0105 si\u0119 uzasadnienia, dla kt\u00f3rych co\u015b si\u0119 mo\u017ce nie dzia\u0107.<\/p>\n<p>Natomiast metazarzut, jaki mog\u0119 postawi\u0107 ju\u017c personalnie Rafa\u0142owi Trzaskowskiemu jako gospodarzowi miasta, jest taki, \u017ce on zawsze traktowa\u0142 t\u0119 pozycj\u0119 jako trampolin\u0119 do prezydentury Polski. Dwukrotnie pr\u00f3bowa\u0142, dwukrotnie si\u0119 nie uda\u0142o. \u0141\u0105cznie przez oko\u0142o roku nie by\u0142o go w og\u00f3le w Warszawie. Sam m\u00f3wi\u0142, \u017ce &#8222;bywa&#8221; w ratuszu raz w tygodniu w czasie kampanii wyborczej.<\/p>\n<p>Dwie kampanie wyborcze \u0142\u0105cznie zaj\u0119\u0142y rok, a jemu brakowa\u0142o kr\u0119gos\u0142upa moralnego czy integralno\u015bci wewn\u0119trznej, \u017ceby powiedzie\u0107 &#8222;dobra, kochani, mam pi\u0119cioro wiceprezydent\u00f3w, to ja id\u0119 na urlop bezp\u0142atny i zajmuj\u0119 si\u0119 kampani\u0105 wyborcz\u0105&#8221;.<\/p>\n<p>A jak nie ma gospodarza \u2014 czy to w biznesie, czy w mie\u015bcie \u2014 to rzeczy roz\u0142a\u017c\u0105 si\u0119 w r\u0119kach.<\/p>\n<p>I gdyby\u015bmy mieli faktycznego gospodarza, kt\u00f3ry 100 proc. swojej uwagi skupia na mie\u015bcie, to trzecia linia metra ju\u017c by si\u0119 pewnie dawno budowa\u0142a.<\/p>\n<p>ZOBACZ R\u00d3WNIE\u017b: <a href=\"https:\/\/wiadomosci.onet.pl\/warszawa\/w-warszawie-bedzie-piec-linii-metra-sa-nowe-plany\/jbd32f4\" id=\"9e3d2d7d-bae8-4abc-b1b0-90ca44c0f9f5\" rel=\"nofollow noopener\" target=\"_blank\">W Warszawie b\u0119dzie pi\u0119\u0107 linii metra. Trzaskowski zaprezentowa\u0142 masterplan dla stolicy<\/a><\/p>\n<p>Kolejn\u0105 kwesti\u0105, je\u015bli chodzi o inwestycje warszawskie, jest fakt, \u017ce zajmuj\u0105 d\u0142u\u017cej i kosztuj\u0105 wi\u0119cej, ni\u017c zak\u0142adano. Cho\u0107by pere\u0142ka w koronie naszego prezydenta, czyli Muzeum Sztuki Nowoczesnej \u2014 przecie\u017c bud\u017cet zosta\u0142 przekroczony dwukrotnie. K\u0142adka nad Wis\u0142\u0105 \u2014 to samo. Remont Sali Kongresowej potrwa 14 lat. Teraz mamy ju\u017c 12. rok inwestycji, a jeszcze dwa lata w najlepszym przypadku. Pocz\u0105tkowy bud\u017cet zostanie przekroczony 12-krotnie. Rozumiem, \u017ce azbest i inne r\u00f3\u017cne rzeczy, ale znowu \u2014 pa\u0144skie oko konia tuczy.<\/p>\n<p>&#8222;Nie przecz\u0119, oczywi\u015bcie, \u017ce Warszawa si\u0119 rozwija&#8221;     <\/p>\n<p>Warszawa si\u0119 jednak rozwija, co wida\u0107 go\u0142ym okiem. Powstaje coraz wi\u0119cej mieszka\u0144 i nowych obiekt\u00f3w u\u017cyteczno\u015bci publicznej, zmienia si\u0119 centrum miasta, jest wi\u0119cej zieleni, remontowane s\u0105 g\u0142\u00f3wne ulice, cho\u0107 akurat nie wszystkim podoba si\u0119 np. zw\u0119\u017canie jezdni.<\/p>\n<p>To jest faktycznie kontrowersyjny temat.<\/p>\n<p>Nie przecz\u0119, oczywi\u015bcie, \u017ce Warszawa si\u0119 rozwija. Ale trudno, \u017ceby nie rozwija\u0142a si\u0119 stolica pa\u0144stwa, kt\u00f3re samo r\u00f3wnie\u017c dynamicznie si\u0119 rozwija. Pytanie jest o jako\u015b\u0107 tego rozwoju. O jego tempo. Moim zdaniem mog\u0142oby by\u0107 znacznie lepiej.<\/p>\n<p>Wr\u00f3\u0107my do tematu Placu Centralnego i Muzeum Sztuki Nowoczesnej. 16 lat temu zosta\u0142 przyj\u0119ty plan generalny zagospodarowania Placu Defilad. Postawiono w zwi\u0105zku z tym Muzeum Sztuki Nowoczesnej. Mnie si\u0119 ono nie podoba, ale to kwestia gustu. Jest teraz obok budowany teatr, ale na po\u0142udniowej pierzei placu nie ma nic. Nie ma \u017cadnych plan\u00f3w, \u017cadnych projekt\u00f3w. Przez 16 lat nic nie powsta\u0142o.<\/p>\n<p>Kolejna kwestia \u2014 sam Rafa\u0142 Trzaskowski obiecywa\u0142 w kampanii w 2017 r., \u017ce powstanie w Warszawie 10 parking\u00f3w podziemnych. Powsta\u0142 jeden. Mo\u017cna tak mno\u017cy\u0107 te przyk\u0142ady.<\/p>\n<p>Ostatnia kwestia \u2014 Lotnisko Chopina. M\u00f3j kolejny konik, zwi\u0105zany bardzo mocno z CPK.<\/p>\n<p>CPK przecie\u017c ostatecznie jest realizowane, tylko pod zmienion\u0105 nazw\u0105: Port Polska.<\/p>\n<p>Zgadza si\u0119, raz jest lepiej, raz gorzej, ale powstaje. Mo\u017cemy wci\u0105\u017c oczekiwa\u0107, \u017ce w 2032 r. otwarte zostanie nowe mi\u0119dzykontynentalne lotnisko obs\u0142uguj\u0105ce aglomeracj\u0119 warszawsk\u0105. Sam rz\u0105d m\u00f3wi, \u017ce ruch cywilny na Lotnisku Chopina ustanie. Nie b\u0119dzie go. W zwi\u0105zku z tym powtarzam, \u017ce Lotnisko Chopina powinno by\u0107 ca\u0142kowicie zlikwidowane \u2014 \u017ce nie tylko ruch cywilny, ale r\u00f3wnie\u017c wojskowy i VIP-owski, czyli polityczny, powinien by\u0107 wyniesiony z tego terenu.<\/p>\n<p>ZOBACZ R\u00d3WNIE\u017b: <a href=\"https:\/\/wiadomosci.onet.pl\/warszawa\/nowy-biznes-wokol-portu-polska-lokalsi-chca-zarobic-na-cpk\/6e0t3wj\" id=\"693bc3bb-4a75-492c-96d4-6c19f076b70e\" rel=\"nofollow noopener\" target=\"_blank\">Nowy biznes wok\u00f3\u0142 Portu Polska. Lokalsi chc\u0105 zarobi\u0107 na CPK<\/a><\/p>\n<p>Nie ma chyba na razie takich plan\u00f3w.<\/p>\n<p>Nie ma \u017cadnych plan\u00f3w. Ka\u017cdy si\u0119 boi tego tematu dotkn\u0105\u0107. Oczywi\u015bcie, \u017ce politykom wygodnie jest lata\u0107 ze \u017bwirki i Wigury ni\u017c je\u017adzi\u0107 do Baranowa, ale tym bardziej upieram si\u0119, \u017ce ca\u0142y ruch powinien by\u0107 stamt\u0105d wyniesiony. Te 8 km kw. przestrzeni, po\u0142o\u017conej 7 km od centrum Warszawy, powinno zosta\u0107 uwolnione i tam powinna powsta\u0107 dzielnica przysz\u0142o\u015bci \u2014 wizyt\u00f3wka Polski w trzeciej czy czwartej dekadzie XXI w.<\/p>\n<p>     <img class=\"ods-a-photo ods-a-photo--background\" src=\"https:\/\/www.europesays.com\/pl\/wp-content\/uploads\/2026\/07\/GNok9lBaHR0cHM6Ly9vY2RuLmV1L3B1bHNjbXMvTURBXy8yYmZmNmI0M2YyODhhNTljNTFlMzIxNjc0MWQxMDZmZC5qcGeRkwXNB.jpeg\" height=\"627\" width=\"940\" alt=\"Maciej Wilk\" loading=\"lazy\" fetchpriority=\"auto\" decoding=\"auto\"\/>    <\/p>\n<p>Pawe\u0142 Supernak \/ PAP<\/p>\n<p>  Maciej Wilk  <\/p>\n<p>Pan by tam widzia\u0142 osiedle mieszkaniowe?<\/p>\n<p>Tak, na 100 tys. mieszka\u0144. I oczywi\u015bcie nie mieszka\u0144 budowanych jak na Woli czy w Miasteczku Wilan\u00f3w \u2014 oddanych deweloperom, \u017ceby kasowali 40 proc. mar\u017cy \u2014 tylko mieszka\u0144 komunalnych, kt\u00f3rych zas\u00f3b przecie\u017c maleje w ostatnich latach w Warszawie. Budownictwo czynszowe, nowe gmachy u\u017cyteczno\u015bci publicznej \u2014 to wszystko mo\u017ce tam powsta\u0107 w jednolitej wizji urbanistycznej.<\/p>\n<p>A prezydent Trzaskowski opowiada\u0142 jeszcze nie dawniej ni\u017c rok temu, \u017ce Lotnisko Chopina to najwi\u0119ksza zaleta Warszawy, \u017ce b\u0119dzie go broni\u0142, \u017ce nie pozwoli go zamkn\u0105\u0107. M\u00f3wi\u0142, jak to miasto wy\u017cy\u0142owa\u0142o si\u0119, \u017ceby doprowadzi\u0107 tam poci\u0105g i inn\u0105 infrastruktur\u0119. Jakby ta kolejka mia\u0142a znikn\u0105\u0107, gdyby powsta\u0142a tam nowa dzielnica. Ca\u0142kowity brak wizjonerstwa dostrzegam w tym wszystkim.<\/p>\n<p>Wracam jeszcze do kwestii strategii Warszawy do roku 2040. Dokument, kt\u00f3ry powinien by\u0107 przyj\u0119ty do ko\u0144ca 2025 r., nie zosta\u0142 przyj\u0119ty do dzi\u015b, a w wersji do konsultacji nie ma w nim s\u0142owa na temat CPK. Natomiast Lotnisko Chopina w 2040 r. wci\u0105\u017c funkcjonuje w najlepsze.<\/p>\n<p>Tego dnia rozpocznie si\u0119 zbi\u00f3rka podpis\u00f3w<\/p>\n<p>Na jakim etapie jest pan z referendum? Kiedy si\u0119 rozpocznie zbieranie podpis\u00f3w?<\/p>\n<p>Chcemy rozpocz\u0105\u0107 zbi\u00f3rk\u0119 podpis\u00f3w 30 lipca, czyli w czwartek. Nie ujawnia\u0142em jeszcze publicznie tej daty, podaj\u0119 j\u0105 w Onecie po raz pierwszy.<\/p>\n<p>Jest szereg krok\u00f3w formalnych, kt\u00f3re trzeba spe\u0142ni\u0107, \u017ceby zainicjowa\u0107 akcj\u0119. Trzeba odpowiednie dokumenty z\u0142o\u017cy\u0107 do biura prezydenta miasta i do biura komisarza wyborczego. Dopiero od momentu przybicia ostatniej piecz\u0119ci mo\u017cna zacz\u0105\u0107 zbiera\u0107 podpisy. Wi\u0119c szykujemy si\u0119 na to, \u017ceby faktycznie w godzinach porannych 30 lipca dope\u0142ni\u0107 formalno\u015bci, a potem jak na gwizdek zacz\u0105\u0107 w r\u00f3\u017cnych miejscach miasta zbiera\u0107 podpisy.<\/p>\n<p>Jak podkre\u015bla\u0142em, zebranie 132 tys. wa\u017cnych podpis\u00f3w w ci\u0105gu 60 dni to bardzo du\u017ce wyzwanie, organizacyjne i logistyczne. Dlatego w\u0142a\u015bnie odsuwamy to w czasie i nie rzucamy si\u0119 na hurra na ten projekt, bo tylko przy bardzo dobrej organizacji ma on szans\u0119 si\u0119 powie\u015b\u0107.<\/p>\n<p>ZOBACZ R\u00d3WNIE\u017b: <a href=\"https:\/\/wiadomosci.onet.pl\/warszawa\/tak-bedzie-wygladac-odnowione-szpiegowo-mamy-wizualizacje\/y2nlf6d\" id=\"83dc01a4-3a39-4053-9aa7-dcb11dc21563\" rel=\"nofollow noopener\" target=\"_blank\">Tak b\u0119dzie wygl\u0105da\u0107 odnowione Szpiegowo. Mamy wizualizacje<\/a><\/p>\n<p>Ma pan ludzi do tego? <\/p>\n<p>To jest kluczowy element przygotowa\u0144. Poniewa\u017c organizujemy zryw oddolny oparty na wolontariacie i ludziach, kt\u00f3rzy proaktywnie sami si\u0119 zg\u0142aszaj\u0105, \u017ceby bra\u0107 w tym udzia\u0142, potrzebujemy czasu, \u017ceby ich zrekrutowa\u0107. A potem spotka\u0107 si\u0119 z nimi, przeszkoli\u0107, wyposa\u017cy\u0107 w podstawowy ekwipunek, chocia\u017cby karty do podpis\u00f3w. St\u0105d ta data \u2014 30 lipca. W tym momencie mamy ju\u017c ponad 260 zg\u0142osze\u0144.<\/p>\n<p>Z tego, co wiem, liczy\u0142 pan, \u017ce zg\u0142osi si\u0119 przynajmniej 300 os\u00f3b.<\/p>\n<p>Wst\u0119pnie kalkulowa\u0142em, \u017ce je\u017celi przyjmiemy minimalny cel 150 tys. podpis\u00f3w i za\u0142o\u017cymy, \u017ce 300 os\u00f3b dzia\u0142a przez 60 dni, to wychodzi nam oko\u0142o 8-10 podpis\u00f3w dziennie na osob\u0119. To ju\u017c wydaje si\u0119 liczb\u0105 do\u015b\u0107 realn\u0105. Opieramy si\u0119 na wolontariacie, a nikt nie b\u0119dzie przecie\u017c zbiera\u0142 podpis\u00f3w pi\u0119\u0107 dni w tygodniu po osiem godzin.<\/p>\n<p>Chcemy wystawi\u0107 jak najwi\u0119ksz\u0105 liczb\u0119 punkt\u00f3w sta\u0142ych w Warszawie, w r\u00f3\u017cnych miejscach miasta. Profesjonalnie obrandowane stoliki, wolontariusze w kamizelkach \u2014 tak jak by\u0142o w Krakowie \u2014 \u017ceby rzucali si\u0119 w oczy i byli dobrze widoczni z daleka.<\/p>\n<p>To gdzie b\u0119dzie mo\u017cna ich spotka\u0107?<\/p>\n<p>We wszystkich dzielnicach, ale na pewno r\u00f3wnie\u017c w takich oczywistych punktach jak &#8222;patelnia&#8221; przy metrze Centrum, okolice metra Ratusz-Arsena\u0142, metra Wilanowska, dworca Wile\u0144skiego, Dworca Gda\u0144skiego czy Placu Zawiszy.<\/p>\n<p>Czyli na w\u0119z\u0142ach komunikacyjnych.<\/p>\n<p>Tak, ale podchodzimy do tematu analitycznie. Patrzymy na dane z ostatnich kilku wybor\u00f3w, kt\u00f3re pozwalaj\u0105 zobaczy\u0107 preferencje elektoratu do poziomu obwodowej komisji wyborczej. I jeste\u015bmy w stanie bardzo precyzyjnie zidentyfikowa\u0107, gdzie realnie s\u0105 ludzie, kt\u00f3rzy mog\u0105 chcie\u0107 podpisa\u0107 nasz wniosek.<\/p>\n<p>S\u0105 te\u017c inne, ciekawe dane. Na przyk\u0142ad sam ratusz udost\u0119pnia informacje na temat nat\u0119\u017cenia ruchu pieszych w r\u00f3\u017cnych punktach miasta.<\/p>\n<p>Pytanie, czy tego ruchu nie generuj\u0105 w du\u017cej mierze przyjezdni. A przecie\u017c oni nie mog\u0105 wzi\u0105\u0107 udzia\u0142u w referendum, ich podpisy s\u0105 niewa\u017cne.<\/p>\n<p>To jest jedno z ryzyk, kt\u00f3rych jeste\u015bmy \u015bwiadomi. Dlatego chcemy zebra\u0107 minimum 150 tys. podpis\u00f3w, \u017ceby p\u00f3\u017aniej nie okaza\u0142o si\u0119, \u017ce nie ma dostatecznej liczby tych wa\u017cnych. Nie mam w\u0105tpliwo\u015bci, \u017ce si\u0119 uda. Rok temu na Karola Nawrockiego g\u0142osowa\u0142o w Warszawie blisko 400 tys. ludzi.<\/p>\n<p>Dok\u0142adnie 362 tys.<\/p>\n<p>Nie tylko wyborcy Karola Nawrockiego b\u0119d\u0105 chcieli podpisa\u0107 ten wniosek. Badania pokazuj\u0105, \u017ce w \u015bwietle niedawnego skandalu nawet 10 proc. wyborc\u00f3w Koalicji Obywatelskiej \u017cyczy\u0142oby sobie dymisji Rafa\u0142a Trzaskowskiego. Wi\u0119c oceniam, \u017ce jest pewnie oko\u0142o p\u00f3\u0142 miliona ludzi gotowych z\u0142o\u017cy\u0107 podpis.<\/p>\n<p>&#8222;Nie chcemy tylko krytykowa\u0107, ale te\u017c pokazywa\u0107, jak mog\u0142oby by\u0107&#8221;<\/p>\n<p>Ze statystyk wynika, \u017ce wymagane 3\/5 wyborc\u00f3w z tych, kt\u00f3rzy g\u0142osowali w Warszawie w poprzednich wyborach samorz\u0105dowych, to blisko 467 tys. os\u00f3b. Tyle potrzeba, \u017ceby referendum w og\u00f3le by\u0142o wa\u017cne. W zestawieniu z liczb\u0105 g\u0142osuj\u0105cych na Karola Nawrockiego \u2014 jednak sporo brakuje. <\/p>\n<p>Wierz\u0119, \u017ce to ma szans\u0119 si\u0119 uda\u0107, bo nastroje i przekonania ludzi nie s\u0105 niezmienne. Nasze do\u015bwiadczenie z akcji &#8222;Tak dla CPK&#8221; sprzed dw\u00f3ch lat jasno to pokazuje. Gdy zaczyna\u0142a si\u0119 dyskusja na temat CPK, to 65 proc. Polak\u00f3w uwa\u017ca\u0142o ten projekt za PiS-owsk\u0105 gigantomani\u0119. A po kilku miesi\u0105cach debaty publicznej proporcje si\u0119 odwr\u00f3ci\u0142y i dzisiaj nikt powa\u017cny nie kwestionuje zasadno\u015bci budowy nowego lotniska dla Warszawy i dla Polski.<\/p>\n<p>W\u0142\u0105cznie z politykami Koalicji Obywatelskiej.<\/p>\n<p>Dok\u0142adnie. Oczywi\u015bcie wbrew temu, co m\u00f3wili wcze\u015bniej.<\/p>\n<p>R\u00f3wnolegle z akcj\u0105 zbierania podpis\u00f3w zamierzamy wystartowa\u0107 z kampani\u0105 bardziej merytoryczn\u0105. Nie chcemy tylko krytykowa\u0107, opiera\u0107 si\u0119 na litanii zarzut\u00f3w wobec prezydenta i rady miasta. Planujemy pokaza\u0107 alternatyw\u0119, jak mog\u0142oby by\u0107, gdyby w Warszawie zapanowa\u0142y merytokracja i gospodarskie podej\u015bcie.<\/p>\n<p>Bo wracamy do kwestii, kt\u00f3rej ju\u017c dotykali\u015bmy \u2014 naszym podstawowym zarzutem nie jest to, \u017ce Warszawa jest miastem w ruinie, wymagaj\u0105cym natychmiastowej interwencji. Stawiamy tez\u0119, \u017ce Warszawa nie wykorzystuje w pe\u0142ni swojego potencja\u0142u, i chcemy wskaza\u0107 obszary, gdzie ten potencja\u0142 m\u00f3g\u0142by by\u0107 lepiej realizowany.<\/p>\n<p>     ZOBACZ R\u00d3WNIE\u017b: <a href=\"https:\/\/www.onet.pl\/informacje\/tu-stolica\/jedno-z-najcenniejszych-miejsc-w-warszawie-wymaga-ochrony-miasto-zapowiada-kolejne\/txnks4h,30bc1058\" id=\"bba514c7-ebe9-4fa8-936c-9c1dc87778b8\" rel=\"nofollow noopener\" target=\"_blank\">Jedno z najcenniejszych miejsc w Warszawie wymaga ochrony. Miasto zapowiada kolejne dzia\u0142ania<\/a><\/p>\n<p>W Warszawie by\u0142o ju\u017c takie referendum \u2014 w sprawie odwo\u0142ania Hanny Gronkiewicz-Waltz. Zorganizowa\u0142 je Piotr Guzia\u0142, \u00f3wczesny burmistrz Ursynowa. Frekwencja wynios\u0142a 25,66 proc. wobec progu na poziomie 29,1 proc. Wa\u017cnych g\u0142os\u00f3w oddano 343 tys. 732; wymagane minimum wynosi\u0142o 389 tys. 430 os\u00f3b. Za odwo\u0142aniem Hanny Gronkiewicz-Waltz zag\u0142osowa\u0142o 322 tys. 17 os\u00f3b, przeciw by\u0142o 17 tys. 465 os\u00f3b. Tamto referendum by\u0142o niewa\u017cne. <\/p>\n<p>Wierz\u0119, \u017ce jeste\u015bmy w stanie przekona\u0107 warszawiak\u00f3w, \u017ce warto p\u00f3j\u015b\u0107 do urn, \u017ceby pokaza\u0107 ca\u0142emu temu zdegenerowanemu samorz\u0105dowi, establishmentowi warszawskiemu, czerwon\u0105 kartk\u0119. Wtedy zabrak\u0142o 35 tys. g\u0142os\u00f3w, teraz poprzeczka jest zawieszona wy\u017cej. Ale rzecz dzieje si\u0119 13 lat p\u00f3\u017aniej. \u017byjemy w innym \u015bwiecie, inne s\u0105 metody dotarcia do ludzi, inne metody mobilizacji. Wi\u0119c wierz\u0119, \u017ce to si\u0119 mo\u017ce uda\u0107.<\/p>\n<p>          <img class=\"ods-a-photo ods-a-photo--background\" src=\"https:\/\/www.europesays.com\/pl\/wp-content\/uploads\/2026\/07\/H4Nk9lBaHR0cHM6Ly9vY2RuLmV1L3B1bHNjbXMvTURBXy8xN2FhMzFiMTViZGU3NTQyY2MwMDMzMDgxOGQwN2VkNy5qcGeRkwXNB.jpeg\" height=\"627\" width=\"940\" alt=\"Aleksander Miszalski  \" loading=\"lazy\" fetchpriority=\"auto\" decoding=\"auto\"\/>    <\/p>\n<p>Art Service \/ PAP<\/p>\n<p>  Aleksander Miszalski    <\/p>\n<p>O czym \u015bwiadczy ostatnie referendum dotycz\u0105ce odwo\u0142ania prezydenta w Krakowie.<\/p>\n<p>Dok\u0142adnie. Chocia\u017c w Krakowie sukces by\u0142 po\u0142owiczny, bo tam nie uda\u0142o si\u0119 odwo\u0142a\u0107 rady. Ale chcia\u0142bym tutaj powiedzie\u0107 jeszcze jedn\u0105 wa\u017cn\u0105 rzecz: je\u015bli Rafa\u0142 Trzaskowski by si\u0119 wybroni\u0142, to i tak widz\u0119 kolosaln\u0105 warto\u015b\u0107 ca\u0142ej tej akcji. Bo ju\u017c sam fakt zorganizowania referendum to pot\u0119\u017cna \u017c\u00f3\u0142ta kartka.<\/p>\n<p>ZOBACZ R\u00d3WNIE\u017b: <a href=\"https:\/\/wiadomosci.onet.pl\/tylko-w-onecie\/referendum-w-krakowie-kolejna-zolta-kartka-dla-donalda-tuska\/8g7w7dl\" id=\"a481ba1b-e07b-46a0-a5a2-5cacb121b041\" rel=\"nofollow noopener\" target=\"_blank\">Aleksander Miszalski zostanie odwo\u0142any. Druga \u017c\u00f3\u0142ta kartka dla Donalda Tuska<\/a><\/p>\n<p>Po akcji referendalnej w sprawie odwo\u0142ania Hanny Gronkiewicz-Waltz wspomniany ju\u017c jej inicjator, Piotr Guzia\u0142, sta\u0142 si\u0119 rozpoznawalny w ca\u0142ym kraju. Potem zreszt\u0105 sam wystartowa\u0142 w wyborach na prezydenta. Czy pan chce by\u0107 prezydentem Warszawy? We\u017amie pan udzia\u0142 w wyborach?<\/p>\n<p>Wie pan, oczywi\u015bcie by\u0142by to jaki\u015b nieprawdopodobny zaszczyt, stan\u0105\u0107 w jednym rz\u0119dzie ze Stefanem Starzy\u0144skim. Ale nie. Zar\u0119czam, \u017ce ca\u0142a akcja nie jest motywowana tym, \u017ceby mnie osobi\u015bcie wynie\u015b\u0107 na nie wiadomo jakie stanowisko. Ca\u0142e \u017cycie przepracowa\u0142em w biznesie. Jestem zwi\u0105zany z bran\u017c\u0105 lotnicz\u0105, kt\u00f3ra mi si\u0119 szalenie podoba. Ch\u0119tnie dalej bym w niej pracowa\u0142.<\/p>\n<p>Natomiast jestem teraz akurat w takim momencie \u017cycia, \u017ce ju\u017c wr\u00f3ci\u0142em z Kanady, zrezygnowa\u0142em tam z pracy i nie mam jakiej\u015b natychmiastowej potrzeby, \u017ceby podejmowa\u0107 kolejne zaj\u0119cie. Mam zdrowie, czas, zasoby \u2014 wi\u0119c postanowi\u0142em zrobi\u0107 co\u015b pro publico bono.<\/p>\n<p>Anga\u017cuje si\u0119 pan w r\u00f3\u017cne inicjatywy, zbiera podpisy. Najbardziej znany jest pan z bycia prezesem stowarzyszenia &#8222;Tak dla CPK&#8221;. Chce pan za\u0142o\u017cy\u0107 w\u0142asn\u0105 parti\u0119? Wej\u015b\u0107 do polityki? Prosz\u0119 o jednoznaczn\u0105 deklaracj\u0119.<\/p>\n<p>Ja w tej polityce, chc\u0105c nie chc\u0105c, jestem od dw\u00f3ch lat \u2014 od kiedy zacz\u0119li\u015bmy walk\u0119 o CPK. To si\u0119 szybko sta\u0142o tematem bardzo politycznym. Jeste\u015bmy \u015brodowiskiem ludzi, kt\u00f3rym na sercu le\u017cy rozw\u00f3j i diagnozujemy, \u017ce bez g\u0142\u0119bokich zmian systemowych, ustrojowych trudno nam b\u0119dzie utrzyma\u0107 tempo rozwoju.<\/p>\n<p>St\u0105d w\u0142a\u015bnie inicjatywa &#8222;TAK dla Obywateli&#8221;, kt\u00f3ra postuluje daleko id\u0105ce zmiany systemowe, jak chocia\u017cby zmniejszenie parlamentu, czego nie uda\u0142oby si\u0119 wprowadzi\u0107 bez zmiany Konstytucji. Uwa\u017camy, \u017ce w Polsce potrzebna jest merytoryczna debata przynajmniej na temat zmian w obecnej Konstytucji i chcemy tym naszym oddolnym wysi\u0142kiem pom\u00f3c tak\u0105 dyskusj\u0119 wywo\u0142a\u0107.<\/p>\n<p>Na razie nie mam plan\u00f3w startowania w wyborach. Prawd\u0119 m\u00f3wi\u0105c, nie widz\u0119 te\u017c partii, z kt\u00f3rej list m\u00f3g\u0142bym kandydowa\u0107 do Sejmu.<\/p>\n<p>Dlatego w\u0142a\u015bnie pytam, czy nie chce pan za\u0142o\u017cy\u0107 w\u0142asnej.<\/p>\n<p>Na razie si\u0119 skupiam na zebraniu 132 tys. podpis\u00f3w w Warszawie, by referendum si\u0119 odby\u0142o.<\/p>\n<p>ZOBACZ R\u00d3WNIE\u017b: <a href=\"https:\/\/wiadomosci.onet.pl\/krakow\/politycy-opozycji-reaguja-po-referendum-w-krakowie-nokaut-czerwona-kartka\/0zmn88p\" id=\"d15cc53e-6be2-44fc-9849-7ba8f886afd5\" rel=\"nofollow noopener\" target=\"_blank\">Politycy opozycji reaguj\u0105 po referendum w Krakowie. &#8222;Nokaut&#8221;, &#8222;czerwona kartka&#8221;<\/a><\/p>\n<p>Ale taka akcja referendalna to w pewnym sensie trampolina do wi\u0119kszej rozpoznawalno\u015bci. Ze strony niekt\u00f3rych \u015brodowisk pojawia si\u0119 taki zarzut, \u017ce referendum pan chce zrobi\u0107 nie dla dobra warszawiak\u00f3w, tylko dla samego siebie, \u017ce chce pan stworzy\u0107 sobie pewne mo\u017cliwo\u015bci m.in. polityczne. <\/p>\n<p>W tym momencie autentycznie skupiam si\u0119 w stu procentach na tym referendum. Z przyjemno\u015bci\u0105 wr\u00f3c\u0119 do pracy w biznesie i znikn\u0119 z radaru, je\u015bli zobacz\u0119, \u017ce sprawy id\u0105 w dobr\u0105 stron\u0119. Licz\u0119, \u017ce w ramach tego oddolnego ruchu, kt\u00f3ry staramy si\u0119 tu wyzwoli\u0107, w spos\u00f3b naturalny pojawi\u0105 si\u0119 liderzy, o kt\u00f3rych dzisiaj nawet nie s\u0142yszeli\u015bmy. I je\u017celi pojawi si\u0119 osoba, kt\u00f3r\u0105 b\u0119d\u0119 m\u00f3g\u0142 z r\u0119k\u0105 na sercu poleci\u0107 i odda\u0107 na ni\u0105 g\u0142os w wyborach na prezydenta miasta, b\u0119d\u0119 pierwszy, \u017ceby to uczyni\u0107.<\/p>\n<p>     &#8222;Nie jestem ukryt\u0105 opcj\u0105 PiS&#8221;<\/p>\n<p>CPK, o kt\u00f3re pan walczy, by\u0142 sztandarowym projektem rz\u0105du PiS. W marcu zaprezentowa\u0142 pan wsp\u00f3lnie z Mateuszem Morawieckim raport #PoweredbyPolska, nakre\u015blaj\u0105cy drogi rozwoju kraju. Popiera\u0142 pan tego polityka wielokrotnie, m.in. jak by\u0142 krytykowany w samym PiS za za\u0142o\u017cenie stowarzyszenia. Czy nie obawia si\u0119 pan, \u017ce jest pan kojarzony z jedn\u0105 opcj\u0105 polityczn\u0105 i \u017ce tak b\u0119dzie te\u017c postrzegana pana inicjatywa referendalna? Jako ukryta opcja PiS?<\/p>\n<p>Dzi\u0119kuj\u0119 za to pytanie, bo daje mi ono mo\u017cliwo\u015b\u0107 zdementowania pewnych rzeczy. Po pierwsze: chc\u0119 powiedzie\u0107, \u017ce s\u0142owa na m\u00f3j temat, \u017ce jestem rzekomo cz\u0142owiekiem Mateusza Morawieckiego \u2014 bo te\u017c czytam tak o sobie \u2014 mog\u0119 przyj\u0105\u0107 tylko z pob\u0142a\u017cliwym u\u015bmiechem. Nie jestem niczyj\u0105 osob\u0105, a ju\u017c w szczeg\u00f3lno\u015bci Mateusza Morawieckiego, kt\u00f3rego widzia\u0142em na \u017cywo trzy razy w \u017cyciu. To troch\u0119 ma\u0142o, \u017ceby by\u0107 czyim\u015b cz\u0142owiekiem.<\/p>\n<p>\u017beby kogo\u015b popiera\u0107, nie trzeba go przecie\u017c cz\u0119sto widywa\u0107.<\/p>\n<p>Jak by\u0142y premier Polski zaprasza mnie na debat\u0119 merytoryczn\u0105 na temat jego programu rozwoju Polski, to trudno nie przyj\u0105\u0107 tego typu zaproszenia. Natomiast je\u017celi kto\u015b by si\u0119 pofatygowa\u0142 i zobaczy\u0142 zapis wideo z tego spotkania, zauwa\u017cy\u0142by, \u017ce pozwoli\u0142em sobie wypunktowa\u0107 pana premiera w kilku elementach, z kt\u00f3rymi nie zgadza\u0142em si\u0119 w jego raporcie albo kt\u00f3rych mi brakowa\u0142o. Uczestniczy\u0142em wi\u0119c w tym wydarzeniu ekspercko, nie politycznie.<\/p>\n<p>     <img class=\"ods-a-photo ods-a-photo--background\" src=\"https:\/\/www.europesays.com\/pl\/wp-content\/uploads\/2026\/07\/TvHk9lBaHR0cHM6Ly9vY2RuLmV1L3B1bHNjbXMvTURBXy9mMGI5NjE0YWNjMmI1OTEwYjI2MjM2MjJkNDk1ODM1Ny5qcGeRkwXNB.jpeg\" height=\"627\" width=\"940\" alt=\"Mateusz Morawiecki\" loading=\"lazy\" fetchpriority=\"auto\" decoding=\"auto\"\/>    <\/p>\n<p>Marcin Gadomski \/ PAP<\/p>\n<p>  Mateusz Morawiecki  <\/p>\n<p>Czyli nie jest pan ukryt\u0105 opcj\u0105 PiS?<\/p>\n<p>Nie jestem ukryt\u0105 opcj\u0105 PiS. A ju\u017c zw\u0142aszcza PiS-u takiego, jaki obserwujemy w tym momencie. Przecie\u017c nieraz wypowiada\u0142em si\u0119 bardzo ostro na temat aktualnego wci\u0105\u017c kandydata tego ugrupowania na premiera [Przemys\u0142awa Czarnka] i pomys\u0142\u00f3w, kt\u00f3re przedstawia \u2014 jak np. wychodzenie z ETS-u w ci\u0105gu jednego dnia, dalsze palenie w\u0119glem oraz inne tego typu inicjatywy. Uwa\u017cam je za oderwane od reali\u00f3w i g\u0142\u0119boko si\u0119 z nimi nie zgadzam.<\/p>\n<p>Zrobi\u0119 w tym wywiadzie polityczny coming out i zdradz\u0119, \u017ce w czterech poprzednich wyborach parlamentarnych chodzi\u0142em karnie do urny i oddawa\u0142em niewa\u017cny g\u0142os, bo nie znajdowa\u0142em dla siebie opcji.<\/p>\n<p>ZOBACZ R\u00d3WNIE\u017b: <a href=\"https:\/\/wiadomosci.onet.pl\/warszawa\/trzesienie-ziemi-w-warszawskim-ratuszu-rafal-trzaskowski-oglosil-dwie-dymisje\/17rckwp\" id=\"578741c5-d564-4b65-a63d-91fa3d478d80\" rel=\"nofollow noopener\" target=\"_blank\">Trz\u0119sienie ziemi w warszawskim ratuszu. Rafa\u0142 Trzaskowski og\u0142osi\u0142 dwie dymisje<\/a><\/p>\n<p>To kogo by pan widzia\u0142 w fotelu prezydenta Warszawy, skoro Trzaskowski panu nie pasuje?<\/p>\n<p>Nie jestem w stanie dzi\u015b wskaza\u0107 takiej osoby.<\/p>\n<p>Ale to mo\u017ce wska\u017ce pan chocia\u017c \u015brodowisko, kt\u00f3re panu pasuje? Niekt\u00f3rzy uwa\u017caj\u0105, \u017ce na prezydent\u00f3w i burmistrz\u00f3w bardziej od polityk\u00f3w nadaj\u0105 si\u0119 aktywi\u015bci, kt\u00f3rzy autentycznie kochaj\u0105 swoje miasta i chc\u0105 dla nich jak najlepiej.<\/p>\n<p>Po stokro\u0107 wola\u0142bym kandydata prawdziwie obywatelskiego, reprezentuj\u0105cego mieszka\u0144c\u00f3w, a nie \u017cadn\u0105 parti\u0119 polityczn\u0105, bo dawa\u0142oby to r\u0119kojmi\u0119, \u017ce jest to osoba realnie zainteresowana miastem i skoncentrowana w stu procentach na jego problemach, a nie traktuj\u0105ca t\u0119 pozycj\u0119 jako trampolin\u0119 polityczn\u0105. Ale w tej chwili nie jestem w stanie wskaza\u0107 takiej konkretnej osoby.<\/p>\n<p>Widzi pan jakie\u015b pozytywy w rz\u0105dach Rafa\u0142a Trzaskowskiego? Czy tylko same z\u0142e rzeczy?<\/p>\n<p>Jak m\u00f3wili\u015bmy, jest niezaprzeczalne, \u017ce Warszawa si\u0119 rozwija. \u017be pi\u0119knieje, przynajmniej w niekt\u00f3rych obszarach. I to jest wszystko dobre. Natomiast pytanie wci\u0105\u017c brzmi, czy realizujemy w stu procentach potencja\u0142 tego miasta. Ja twierdz\u0119, \u017ce tak nie jest. Zamiast k\u0142adki pieszo-rowerowej nad Wis\u0142\u0105 wola\u0142bym tramwaj na Goc\u0142aw. Te same pieni\u0105dze, a tramwaj codziennie s\u0142u\u017cy\u0142by 100 tys. ludzi.<\/p>\n<p>To na koniec zapytam jeszcze, przy za\u0142o\u017ceniu, \u017ce uda si\u0119 panu zebra\u0107 odpowiedni\u0105 liczb\u0119 podpis\u00f3w, to kiedy w\u0142a\u015bciwie to referendum mia\u0142oby si\u0119 formalnie odby\u0107?<\/p>\n<p>Je\u017celi p\u00f3jdziemy tym kalendarzem, \u017ce wystartujemy w ostatnich dniach lipca, to zbi\u00f3rka podpis\u00f3w potrwa do ko\u0144c\u00f3wki wrze\u015bnia. Nast\u0119pnie jest 30 dni na weryfikacj\u0119 podpis\u00f3w i og\u0142oszenie, \u017ce referendum si\u0119 odb\u0119dzie \u2014 czyli ko\u0144c\u00f3wka pa\u017adziernika. P\u00f3\u017aniej jest do 50 dni, \u017ceby og\u0142osi\u0107 i zorganizowa\u0107 g\u0142osowanie. Wi\u0119c referendum odby\u0142oby si\u0119 w pierwszej po\u0142owie grudnia.<\/p>\n","protected":false},"excerpt":{"rendered":"Maciej Wilk to dzia\u0142acz spo\u0142eczny i aktywista, szef Stowarzyszenia &#8222;Tak dla CPK&#8221;. Jest mened\u017cerem lotniczym. Przez blisko 10&hellip;\n","protected":false},"author":2,"featured_media":575932,"comment_status":"","ping_status":"","sticky":false,"template":"","format":"standard","meta":{"footnotes":"","_share_on_mastodon":"0"},"categories":[51605],"tags":[56,61195,7210,113589,11857,48,46,42,38,40,39,41,1014,47,11479,435],"class_list":["post-575931","post","type-post","status-publish","format-standard","has-post-thumbnail","category-warszawa","tag-article_premium","tag-bottomfeed_styl","tag-koalicja_obywatelska","tag-maciej_wilk","tag-metro","tag-nat_styl","tag-omp","tag-pl","tag-poland","tag-polish","tag-polska","tag-polski","tag-rafal_trzaskowski","tag-screening_general","tag-sor","tag-warszawa"],"share_on_mastodon":{"url":"https:\/\/pubeurope.com\/@pl\/116972894623098056","error":""},"_links":{"self":[{"href":"https:\/\/www.europesays.com\/pl\/wp-json\/wp\/v2\/posts\/575931","targetHints":{"allow":["GET"]}}],"collection":[{"href":"https:\/\/www.europesays.com\/pl\/wp-json\/wp\/v2\/posts"}],"about":[{"href":"https:\/\/www.europesays.com\/pl\/wp-json\/wp\/v2\/types\/post"}],"author":[{"embeddable":true,"href":"https:\/\/www.europesays.com\/pl\/wp-json\/wp\/v2\/users\/2"}],"replies":[{"embeddable":true,"href":"https:\/\/www.europesays.com\/pl\/wp-json\/wp\/v2\/comments?post=575931"}],"version-history":[{"count":0,"href":"https:\/\/www.europesays.com\/pl\/wp-json\/wp\/v2\/posts\/575931\/revisions"}],"wp:featuredmedia":[{"embeddable":true,"href":"https:\/\/www.europesays.com\/pl\/wp-json\/wp\/v2\/media\/575932"}],"wp:attachment":[{"href":"https:\/\/www.europesays.com\/pl\/wp-json\/wp\/v2\/media?parent=575931"}],"wp:term":[{"taxonomy":"category","embeddable":true,"href":"https:\/\/www.europesays.com\/pl\/wp-json\/wp\/v2\/categories?post=575931"},{"taxonomy":"post_tag","embeddable":true,"href":"https:\/\/www.europesays.com\/pl\/wp-json\/wp\/v2\/tags?post=575931"}],"curies":[{"name":"wp","href":"https:\/\/api.w.org\/{rel}","templated":true}]}}