{"id":575967,"date":"2026-07-24T04:12:51","date_gmt":"2026-07-24T04:12:51","guid":{"rendered":"https:\/\/www.europesays.com\/pl\/575967\/"},"modified":"2026-07-24T04:12:51","modified_gmt":"2026-07-24T04:12:51","slug":"wisla-krakow-szykuje-ciekawy-transfer-prosto-z-francji","status":"publish","type":"post","link":"https:\/\/www.europesays.com\/pl\/575967\/","title":{"rendered":"Wis\u0142a Krak\u00f3w szykuje ciekawy transfer. Prosto z Francji"},"content":{"rendered":"\n<p class=\"contentpart contentpart--default contentpart--text\" data-position=\"0\"><a href=\"https:\/\/sportowefakty.wp.pl\/pilka-nozna\/wisla-krakow\" rel=\"nofollow noopener\" target=\"_blank\">Wis\u0142a Krak\u00f3w<\/a>\u00a0nie zako\u0144czy\u0142a jeszcze letnich wzmocnie\u0144 przed powrotem do <a href=\"https:\/\/sportowefakty.wp.pl\/pilka-nozna\/pko-ekstraklasa\" rel=\"nofollow noopener\" target=\"_blank\">PKO Ekstraklasy<\/a>. Po sprowadzeniu pi\u0119ciu nowych zawodnik\u00f3w klub analizuje kolejne ruchy na rynku transferowym. Jednym z pi\u0142karzy, kt\u00f3rzy znale\u017ali si\u0119 na li\u015bcie \u017cycze\u0144, jest Jocelyn Janneh.<\/p>\n<p class=\"contentpart contentpart--default contentpart--text\" data-position=\"1\">Jak informuj\u0105 Meczyki, 23-letni defensywny pomocnik wyst\u0119puj\u0105cy obecnie w trzecioligowej francuskiej\u00a0<a href=\"https:\/\/sportowefakty.wp.pl\/pilka-nozna\/sc-bastia\" rel=\"nofollow noopener\" target=\"_blank\">SC Bastii<\/a>\u00a0jest zainteresowany przenosinami do Krakowa. Zawodnik ma by\u0107 zdecydowany na transfer, jednak ostateczna decyzja nale\u017cy do w\u0142adz Wis\u0142y.<\/p>\n<p>  <img decoding=\"async\" src=\"https:\/\/v.wpimg.pl\/X3dwLnN2d1IFFTpdYUl6R0ZNbgcnEHQREVV2TGEGbUtRT2MdOlZ2RBQUKABgQjQcDRotCStBd1IAAWMeIlM7VgwYIAorQAdEFFk_GCkQJQ\" alt=\"\" width=\"45\" height=\"58\" loading=\"lazy\"\/>  <\/p>\n<p class=\"contentpart contentpart--default contentpart--text\" data-position=\"2\">Rozmowy mi\u0119dzy klubami s\u0105 ju\u017c na zaawansowanym etapie, a warunki transferu s\u0105 niemal uzgodnione. Mimo to krakowski klub wci\u0105\u017c analizuje, czy finalizacja transakcji b\u0119dzie najlepszym rozwi\u0105zaniem.<\/p>\n<p class=\"contentpart contentpart--default contentpart--text\" data-position=\"3\">ZOBACZ WIDEO: W czym tkwi sekret Messiego? &#8222;To kluczowe&#8221;<\/p>\n<p class=\"contentpart contentpart--default contentpart--text\" data-position=\"5\">Janneh ma na swoim koncie trzy wyst\u0119py w seniorskiej reprezentacji Gwinei. W ubieg\u0142ym roku bra\u0142 r\u00f3wnie\u017c udzia\u0142 w meczach eliminacyjnych do mistrzostw \u015bwiata.<\/p>\n<p class=\"contentpart contentpart--default contentpart--text\" data-position=\"6\">W\u0105tpliwo\u015bci w Krakowie nie dotycz\u0105 jednak umiej\u0119tno\u015bci pi\u0142karza. Jak podaj\u0105 Meczyki, sztab i dzia\u0142 sportowy zastanawiaj\u0105 si\u0119 przede wszystkim, jak zawodnik wpasuje si\u0119 w obecn\u0105 kadr\u0119 oraz czy b\u0119dzie odpowiednio funkcjonowa\u0142 w r\u00f3\u017cnych wariantach taktycznych przygotowywanych przez zesp\u00f3\u0142.<\/p>\n<p>  <img decoding=\"async\" src=\"https:\/\/v.wpimg.pl\/X3dwLnN2d1IFFTpdYUl6R0ZNbgcnEHQREVV2TGEGbUtRT2MdOlZ2RBQUKABgQjQcDRotCStBd1IAAWMeIlM7VgwYIAorQAdEFFk_GCkQJQ\" alt=\"\" width=\"45\" height=\"58\" loading=\"lazy\"\/>  <\/p>\n<p class=\"contentpart contentpart--default contentpart--text\" data-position=\"7\">Znaczenie maj\u0105 r\u00f3wnie\u017c kwestie formalne. Janneh jest zawodnikiem spoza Unii Europejskiej, dlatego jego ewentualny transfer wi\u0105\u017ce si\u0119 z dodatkowymi procedurami dotycz\u0105cymi rejestracji.<\/p>\n<p class=\"contentpart contentpart--default contentpart--text\" data-position=\"8\">Wis\u0142a po czterech sezonach wr\u00f3ci\u0142a do PKO Ekstraklasy. Pierwszy mecz  nowego sezonu Bia\u0142a Gwiazda rozegra 26 lipca, kiedy to u siebie zmierzy  si\u0119 z GKS-em Katowice. Spotkanie zaplanowano na godzin\u0119 20:15.<\/p>\n","protected":false},"excerpt":{"rendered":"Wis\u0142a Krak\u00f3w\u00a0nie zako\u0144czy\u0142a jeszcze letnich wzmocnie\u0144 przed powrotem do PKO Ekstraklasy. Po sprowadzeniu pi\u0119ciu nowych zawodnik\u00f3w klub analizuje&hellip;\n","protected":false},"author":2,"featured_media":575968,"comment_status":"","ping_status":"","sticky":false,"template":"","format":"standard","meta":{"footnotes":"","_share_on_mastodon":"0"},"categories":[51606],"tags":[1304,269,1724,42,38,40,39,41,113599,97570,5810],"class_list":["post-575967","post","type-post","status-publish","format-standard","has-post-thumbnail","category-krakow","tag-krakow","tag-pilka-nozna","tag-pko-ekstraklasa","tag-pl","tag-poland","tag-polish","tag-polska","tag-polski","tag-sc-bastia","tag-studio-mundial","tag-wisla-krakow"],"share_on_mastodon":{"url":"https:\/\/pubeurope.com\/@pl\/116973012255849006","error":""},"_links":{"self":[{"href":"https:\/\/www.europesays.com\/pl\/wp-json\/wp\/v2\/posts\/575967","targetHints":{"allow":["GET"]}}],"collection":[{"href":"https:\/\/www.europesays.com\/pl\/wp-json\/wp\/v2\/posts"}],"about":[{"href":"https:\/\/www.europesays.com\/pl\/wp-json\/wp\/v2\/types\/post"}],"author":[{"embeddable":true,"href":"https:\/\/www.europesays.com\/pl\/wp-json\/wp\/v2\/users\/2"}],"replies":[{"embeddable":true,"href":"https:\/\/www.europesays.com\/pl\/wp-json\/wp\/v2\/comments?post=575967"}],"version-history":[{"count":0,"href":"https:\/\/www.europesays.com\/pl\/wp-json\/wp\/v2\/posts\/575967\/revisions"}],"wp:featuredmedia":[{"embeddable":true,"href":"https:\/\/www.europesays.com\/pl\/wp-json\/wp\/v2\/media\/575968"}],"wp:attachment":[{"href":"https:\/\/www.europesays.com\/pl\/wp-json\/wp\/v2\/media?parent=575967"}],"wp:term":[{"taxonomy":"category","embeddable":true,"href":"https:\/\/www.europesays.com\/pl\/wp-json\/wp\/v2\/categories?post=575967"},{"taxonomy":"post_tag","embeddable":true,"href":"https:\/\/www.europesays.com\/pl\/wp-json\/wp\/v2\/tags?post=575967"}],"curies":[{"name":"wp","href":"https:\/\/api.w.org\/{rel}","templated":true}]}}