{"id":576302,"date":"2026-07-24T08:10:14","date_gmt":"2026-07-24T08:10:14","guid":{"rendered":"https:\/\/www.europesays.com\/pl\/576302\/"},"modified":"2026-07-24T08:10:14","modified_gmt":"2026-07-24T08:10:14","slug":"climate-change-polska-droga-na-ranrapalca-6162-m","status":"publish","type":"post","link":"https:\/\/www.europesays.com\/pl\/576302\/","title":{"rendered":"\u201eClimate Change\u201d &#8211; polska droga na Ranrapalca (6162 m)"},"content":{"rendered":"<p>W dniach 15-17 lipca Dawid Bartoszek i Wiktor Smag\u0142owski wytyczyli now\u0105 drog\u0119 na p\u00f3\u0142nocnej \u015bcianie Ranrapalca (6162 m) w Kordylierze Bia\u0142ej w Peru. Powsta\u0142a linia Climate Change (ED+, 6c+, A1, 850 m).<\/p>\n<p><a href=\"https:\/\/wspinanie.pl\/wp-content\/uploads\/2026\/07\/climat-change-ranrapalca.jpg\" data-rel=\"lightbox-gallery-PJCnUGVK\" data-rl_title=\"Przebieg Climate Change (ED+, 6c+, A1, 850 m) na Ranrapalca (fot. IG Wiktor &quot;\u015amig\u0142o&quot; Smag\u0142owski)\" data-rl_caption=\"\" title=\"Przebieg Climate Change (ED+, 6c+, A1, 850 m) na Ranrapalca (fot. IG Wiktor &quot;\u015amig\u0142o&quot; Smag\u0142owski)\" rel=\"nofollow noopener\" target=\"_blank\"><img fetchpriority=\"high\" decoding=\"async\" class=\"size-large wp-image-307270\" src=\"https:\/\/www.europesays.com\/pl\/wp-content\/uploads\/2026\/07\/climat-change-ranrapalca-620x827.jpg\" alt=\"Przebieg Climate Change (ED+, 6c+, A1, 850 m) na Ranrapalca (fot. IG Wiktor &quot;\u015amig\u0142o&quot; Smag\u0142owski)\" width=\"620\" height=\"827\"  \/><\/a>Przebieg Climate Change (ED+, 6c+, A1, 850 m) na Ranrapalca (fot. IG Wiktor \u201e\u015amig\u0142o\u201d Smag\u0142owski)<\/p>\n<p style=\"text-align: center\">***<\/p>\n<p>Polska droga startuje nisko, wyra\u017anym skalnym \u017cebrem, i wij\u0105c si\u0119 w prawo po \u015bcianie, \u0142\u0105czy si\u0119 wysoko z drog\u0105 <a href=\"https:\/\/wspinanie.pl\/2023\/09\/bracia-pou-i-micher-quito-ranrapalca\/\" rel=\"nofollow noopener\" target=\"_blank\">Ya Pe\u2019 Cholo<\/a>\u00a0 (Eneko Pou, Iker Pou Micher Quito) z 2023 roku.<\/p>\n<p>Wiktor tak relacjonuje wspinaczk\u0119:<\/p>\n<p>Naprawd\u0119 doceniam momenty, w kt\u00f3rych razem z Dawidem mo\u017cemy przesuwa\u0107 nasze granice jeszcze dalej. Te 3 dni prze\u017cyte wsp\u00f3lnie, na p\u00f3\u0142nocnej \u015bciany Ranrapalci to by\u0142o to.<\/p>\n<p>Dwa biwaki \u2013 pierwszy w gradzie, drugi na wysoko\u015bci ponad 6000 m n.p.m., przy porywach wiatru przekraczaj\u0105cych 50 km\/h, kiedy momentami trudno by\u0142o utrzyma\u0107 r\u00f3wnowag\u0119. Wspinaczka z plecakami wa\u017c\u0105cymi niemal 1\/4 masy cia\u0142a (przynajmniej w moim przypadku). Teren zar\u00f3wno wymagaj\u0105cymi techniczne, jak i psychiczne, w skale, w gruzie, w b\u0142ocie, w \u015bniegu, w lodzie.<\/p>\n<p>Jak dodaje Wiktor, nazwa drogi nie jest przypadkowa. Wynika z obrazu \u015bciany zastanego przez zesp\u00f3\u0142. Rozleg\u0142e pola \u015bnie\u017cne, kt\u00f3re wida\u0107 na zdj\u0119ciach sprzed lat, teraz s\u0105 jedynie niewielkimi p\u0142atami \u015bniegu.<\/p>\n<p>Wyprawa odby\u0142a si\u0119 w ramach zgrupowania Polskiego Himalaizmu Sportowego oraz Grupy M\u0142odzie\u017cowej PZA, przy wsparciu Polskiego Zwi\u0105zku Alpinizmu i Ministerstwa Sportu i Turystyki. Do Peru dzi\u0119ki temu pojecha\u0142o wi\u0119cej zespo\u0142\u00f3w, kt\u00f3re zrealizowa\u0142y godne odnotowania przej\u015bcia, tak\u017ce na Ranrapalca:<\/p>\n<p>CIESZ SI\u0118 WSPINANIEM, CIESZ SI\u0118 CZYTANIEM<\/p>\n<p>Mamy nadziej\u0119, \u017ce ten tekst Ci si\u0119 spodoba\u0142, \u017ce Ci\u0119 zainspirowa\u0142, zaciekawi\u0142, dostarczy\u0142 Ci informacji. Je\u015bli tak to zach\u0119camy Ci\u0119 do wsparcia serwisu. Dzi\u0119ki Tobie b\u0119dziemy mogli dzia\u0142a\u0107 jeszcze lepiej. Wielkie dzi\u0119ki! Do zobaczenia na \u015bciance albo w ska\u0142ach.<\/p>\n","protected":false},"excerpt":{"rendered":"W dniach 15-17 lipca Dawid Bartoszek i Wiktor Smag\u0142owski wytyczyli now\u0105 drog\u0119 na p\u00f3\u0142nocnej \u015bcianie Ranrapalca (6162 m)&hellip;\n","protected":false},"author":2,"featured_media":576303,"comment_status":"","ping_status":"","sticky":false,"template":"","format":"standard","meta":{"footnotes":"","_share_on_mastodon":"0"},"categories":[12],"tags":[7204,3760,8119,42,38,40,39,41,8117,8118,5047],"class_list":["post-576302","post","type-post","status-publish","format-standard","has-post-thumbnail","category-polska","tag-alpinizm","tag-gory","tag-himalaizm","tag-pl","tag-poland","tag-polish","tag-polska","tag-polski","tag-skialpinizm","tag-taternictwo","tag-wspinaczka"],"share_on_mastodon":{"url":"https:\/\/pubeurope.com\/@pl\/116973944031059107","error":""},"_links":{"self":[{"href":"https:\/\/www.europesays.com\/pl\/wp-json\/wp\/v2\/posts\/576302","targetHints":{"allow":["GET"]}}],"collection":[{"href":"https:\/\/www.europesays.com\/pl\/wp-json\/wp\/v2\/posts"}],"about":[{"href":"https:\/\/www.europesays.com\/pl\/wp-json\/wp\/v2\/types\/post"}],"author":[{"embeddable":true,"href":"https:\/\/www.europesays.com\/pl\/wp-json\/wp\/v2\/users\/2"}],"replies":[{"embeddable":true,"href":"https:\/\/www.europesays.com\/pl\/wp-json\/wp\/v2\/comments?post=576302"}],"version-history":[{"count":0,"href":"https:\/\/www.europesays.com\/pl\/wp-json\/wp\/v2\/posts\/576302\/revisions"}],"wp:featuredmedia":[{"embeddable":true,"href":"https:\/\/www.europesays.com\/pl\/wp-json\/wp\/v2\/media\/576303"}],"wp:attachment":[{"href":"https:\/\/www.europesays.com\/pl\/wp-json\/wp\/v2\/media?parent=576302"}],"wp:term":[{"taxonomy":"category","embeddable":true,"href":"https:\/\/www.europesays.com\/pl\/wp-json\/wp\/v2\/categories?post=576302"},{"taxonomy":"post_tag","embeddable":true,"href":"https:\/\/www.europesays.com\/pl\/wp-json\/wp\/v2\/tags?post=576302"}],"curies":[{"name":"wp","href":"https:\/\/api.w.org\/{rel}","templated":true}]}}