{"id":576866,"date":"2026-07-24T13:50:12","date_gmt":"2026-07-24T13:50:12","guid":{"rendered":"https:\/\/www.europesays.com\/pl\/576866\/"},"modified":"2026-07-24T13:50:12","modified_gmt":"2026-07-24T13:50:12","slug":"trump-rozsierdzil-bogaty-kraj-szwajcarzy-wsciekli-przez-nowe-cla-wstyd","status":"publish","type":"post","link":"https:\/\/www.europesays.com\/pl\/576866\/","title":{"rendered":"Trump rozsierdzi\u0142 bogaty kraj. Szwajcarzy w\u015bciekli przez nowe c\u0142a. &#8222;Wstyd&#8221;"},"content":{"rendered":"<p>USA zn\u00f3w si\u0119gaj\u0105 po karne c\u0142a \u2014 Donald Trump zdecydowa\u0142 si\u0119 na\u0142o\u017cy\u0107 je na 60 partner\u00f3w handlowych. Si\u0119gaj\u0105 one od 10 do 12,5 proc. \u2014 dla Szwajcarii przewidziana jest najwy\u017csza stawka, jeszcze wy\u017csza ni\u017c w przypadku UE.<\/p>\n<p>Pow\u00f3d wprowadzenia nowych \u015brodk\u00f3w celnych wydaje si\u0119 pojawi\u0107 znik\u0105d. Wed\u0142ug przedstawiciela USA ds. handlu Jamiesona Greera kraje obj\u0119te sankcjami nie chroni\u0105 swoich rynk\u00f3w przed towarami wytworzonymi w wyniku pracy przymusowej. I Stany Zjednoczone nie zamierzaj\u0105 d\u0142u\u017cej tego tolerowa\u0107. Departament Handlu na razie jedynie odnotowa\u0142 kolejn\u0105 fal\u0119 ce\u0142. R\u00f3wnie\u017c szwajcarska umowa celna z administracj\u0105 Trumpa pozostaje w zawieszeniu.<\/p>\n<p>Dla wielu czytelnik\u00f3w serwisu Blick uzasadnienie administracji Trumpa dotycz\u0105ce nowych ce\u0142 jest wi\u0119cej ni\u017c w\u0105tpliwe. &#8222;Jakie towary wyprodukowane w warunkach pracy przymusowej importuje w og\u00f3le Szwajcaria? Dop\u00f3ki [Trump] nie ujawni, o jakie produkty chodzi, jest to zwyk\u0142a insynuacja&#8221; \u2014 pisze Daisy Caltha.<\/p>\n<p>&#8222;C\u0142a maj\u0105ce chroni\u0107 przed prac\u0105 przymusow\u0105? Sk\u0105d to si\u0119 teraz wzi\u0119\u0142o? Trump powinien raczej spojrze\u0107 na w\u0142asne podw\u00f3rko!&#8221; \u2014 dodaje Patrizia Gilomen.<\/p>\n<p>Abbas Arnold Schumacher pyta: &#8222;A czy Stany Zjednoczone nie sprowadzaj\u0105 towar\u00f3w z kraj\u00f3w, w kt\u00f3rych stosuje si\u0119 prac\u0119 przymusow\u0105? On po prostu szuka pretekstu, by na\u0142o\u017cy\u0107 wy\u017csze c\u0142a&#8221;. R\u00f3wnie\u017c dla Brigitte Mueller sprawa jest jasna: &#8222;Szuka\u0142 i zn\u00f3w znalaz\u0142 absurdaln\u0105 taktyk\u0119, by wyci\u0105gn\u0105\u0107 nam pieni\u0105dze z kieszeni&#8221;.<\/p>\n<p>      Dalszy ci\u0105g artyku\u0142u pod materia\u0142em wideo <\/p>\n<p>W\u015br\u00f3d Szwajcar\u00f3w ro\u015bnie r\u00f3wnie\u017c niezadowolenie z odpowiedzi szwajcarskiego rz\u0105du na polityk\u0119 administracji Trumpa. Patrick Weiss pisze na przyk\u0142ad: &#8222;Rada Federalna przyjmuje to do wiadomo\u015bci. Wszystko dobrze i pi\u0119knie, ale nale\u017ca\u0142oby podj\u0105\u0107 dzia\u0142ania!&#8221;. R\u00f3wnie\u017c Michael Trachsler nie mo\u017ce w to uwierzy\u0107: &#8222;Powa\u017cnie zastanawiam si\u0119, w jaki spos\u00f3b Szwajcaria negocjowa\u0142a w ostatnich miesi\u0105cach ze Stanami Zjednoczonymi, skoro nadal jeste\u015bmy traktowani gorzej ni\u017c UE&#8221;.<\/p>\n<p>&#8222;Wszyscy powinni\u015bmy bojkotowa\u0107 ameryka\u0144skie produkty!&#8221;<\/p>\n<p>Clemens Kuenzi jest jednym z wielu, kt\u00f3rzy chc\u0105, by Szwajcaria odp\u0142aci\u0142a USA tym samym. &#8222;Nasz rz\u0105d powinien wreszcie na\u0142o\u017cy\u0107 odpowiednie c\u0142a na wszystkie ameryka\u0144skie firmy w Szwajcarii. On nie rozumie innego j\u0119zyka&#8221; \u2014 pisze w wiadomo\u015bci wys\u0142anej serwisowi Blick.<\/p>\n<p>R\u00f3wnie\u017c Manfred Huerlimann domaga si\u0119 zdecydowanej odpowiedzi. &#8222;Musimy w ko\u0144cu podnie\u015b\u0107 c\u0142a na produkty ameryka\u0144skie. To wstyd, \u017ce szwajcarskie firmy i rz\u0105d ta\u0144cz\u0105 tak, jak im zagraj\u0105 Stany Zjednoczone&#8221;. Eric Lang pyta: &#8222;Jak d\u0142ugo Szwajcaria b\u0119dzie dawa\u0107 zastrasza\u0107 si\u0119 Trumpowi?&#8221;.<\/p>\n<p>      Akt desperacji Trumpa. Jego decyzja o c\u0142ach wywo\u0142a\u0142a oburzenie nawet w USA. Grozi mu gorzka pora\u017cka [OPINIA]   <img class=\"ods-a-photo ods-a-photo--background\" src=\"https:\/\/www.europesays.com\/pl\/wp-content\/uploads\/2026\/07\/xuIk9lBaHR0cHM6Ly9vY2RuLmV1L3B1bHNjbXMvTURBXy8zMmRhOGZlMmIyYzA2ZmY0NjAzNDRjYjYwM2ViYTEyZi5wbmeRlQLNA.jpeg\" height=\"251\" width=\"450\" alt=\"Donald Trump\" loading=\"lazy\" fetchpriority=\"low\" decoding=\"async\"\/>  <\/p>\n<p>Niekt\u00f3rzy czytelnicy uwa\u017caj\u0105, \u017ce r\u00f3wnie\u017c szwajcarscy konsumenci powinni wzi\u0105\u0107 sprawy w swoje r\u0119ce i przemy\u015ble\u0107 wybory zakupowe. &#8222;Mimo to nadal bez skrupu\u0142\u00f3w kupujemy produkty ameryka\u0144skie, takie jak iPhone\u2019y, Coca-Col\u0119 czy McDonald\u2019s. Nie powinni\u015bmy si\u0119 wi\u0119c dziwi\u0107. Wszyscy powinni\u015bmy bojkotowa\u0107 ameryka\u0144skie produkty!&#8221; \u2014 pisze Kurt Noetzli.<\/p>\n<p>Roland Fehr podziela t\u0119 opini\u0119. &#8222;Nie trzeba rezygnowa\u0107 ze wszystkich produkt\u00f3w ameryka\u0144skich. Je\u015bli ka\u017cdy kupi ich cho\u0107by troch\u0119 mniej, na d\u0142u\u017csz\u0105 met\u0119 ju\u017c ich [Amerykan\u00f3w] to zaboli&#8221; \u2014 pisze. Peter Friedrich dodaje: &#8222;Anulowanie zam\u00f3wie\u0144 na samoloty F-35 i inny sprz\u0119t wojskowy z pewno\u015bci\u0105 by\u0142oby dobrym pocz\u0105tkiem. Donaldowi Trumpowi mo\u017cna przeciwstawi\u0107 si\u0119 tylko \u015brodkami, kt\u00f3re on sam rozumie&#8221;.<\/p>\n","protected":false},"excerpt":{"rendered":"USA zn\u00f3w si\u0119gaj\u0105 po karne c\u0142a \u2014 Donald Trump zdecydowa\u0142 si\u0119 na\u0142o\u017cy\u0107 je na 60 partner\u00f3w handlowych. Si\u0119gaj\u0105&hellip;\n","protected":false},"author":2,"featured_media":576867,"comment_status":"","ping_status":"","sticky":false,"template":"","format":"standard","meta":{"footnotes":"","_share_on_mastodon":"0"},"categories":[14],"tags":[56,61195,32,33,63,44,27,34,35,28,31,48,25,46,40,41,47,80,2238,29,30,71,26,82,83,84],"class_list":["post-576866","post","type-post","status-publish","format-standard","has-post-thumbnail","category-swiat","tag-article_premium","tag-bottomfeed_styl","tag-breaking-news","tag-breakingnews","tag-cla","tag-donald_trump","tag-headlines","tag-latest-news","tag-latestnews","tag-naglowki","tag-najwazniejsze-artykuly","tag-nat_styl","tag-news","tag-omp","tag-polish","tag-polski","tag-screening_general","tag-swiat","tag-szwajcaria","tag-top-stories","tag-topstories","tag-usa","tag-wiadomosci","tag-world","tag-world-news","tag-worldnews"],"share_on_mastodon":{"url":"https:\/\/pubeurope.com\/@pl\/116975280133234477","error":""},"_links":{"self":[{"href":"https:\/\/www.europesays.com\/pl\/wp-json\/wp\/v2\/posts\/576866","targetHints":{"allow":["GET"]}}],"collection":[{"href":"https:\/\/www.europesays.com\/pl\/wp-json\/wp\/v2\/posts"}],"about":[{"href":"https:\/\/www.europesays.com\/pl\/wp-json\/wp\/v2\/types\/post"}],"author":[{"embeddable":true,"href":"https:\/\/www.europesays.com\/pl\/wp-json\/wp\/v2\/users\/2"}],"replies":[{"embeddable":true,"href":"https:\/\/www.europesays.com\/pl\/wp-json\/wp\/v2\/comments?post=576866"}],"version-history":[{"count":0,"href":"https:\/\/www.europesays.com\/pl\/wp-json\/wp\/v2\/posts\/576866\/revisions"}],"wp:featuredmedia":[{"embeddable":true,"href":"https:\/\/www.europesays.com\/pl\/wp-json\/wp\/v2\/media\/576867"}],"wp:attachment":[{"href":"https:\/\/www.europesays.com\/pl\/wp-json\/wp\/v2\/media?parent=576866"}],"wp:term":[{"taxonomy":"category","embeddable":true,"href":"https:\/\/www.europesays.com\/pl\/wp-json\/wp\/v2\/categories?post=576866"},{"taxonomy":"post_tag","embeddable":true,"href":"https:\/\/www.europesays.com\/pl\/wp-json\/wp\/v2\/tags?post=576866"}],"curies":[{"name":"wp","href":"https:\/\/api.w.org\/{rel}","templated":true}]}}