{"id":576960,"date":"2026-07-24T14:45:14","date_gmt":"2026-07-24T14:45:14","guid":{"rendered":"https:\/\/www.europesays.com\/pl\/576960\/"},"modified":"2026-07-24T14:45:14","modified_gmt":"2026-07-24T14:45:14","slug":"prezydent-podpisal-ustawe-nowe-przepisy-dotkna-wlascicieli-zwierzat","status":"publish","type":"post","link":"https:\/\/www.europesays.com\/pl\/576960\/","title":{"rendered":"Prezydent podpisa\u0142 ustaw\u0119. Nowe przepisy dotkn\u0105 w\u0142a\u015bcicieli zwierz\u0105t"},"content":{"rendered":"<p>Informacj\u0119 o tym Karol Nawrocki przekaza\u0142 za po\u015brednictwem filmu opublikowanego na profilu Kancelarii Prezydenta na platformie X. Przypomnia\u0142, \u017ce w 2025 r. zawetowa\u0142 pierwsz\u0105 ustaw\u0119 \u0142a\u0144cuchow\u0105, kt\u00f3ra, jak powiedzia\u0142, by\u0142a \u017ale przygotowana, przeregulowana i nak\u0142ada\u0142a na ludzi obowi\u0105zki, kt\u00f3rych wielu nie by\u0142oby w stanie spe\u0142ni\u0107.<\/p>\n<blockquote class=\"ods-o-quote\">\n<p class=\"ods-o-quote__paragraph\">Powiedzia\u0142em w\u00f3wczas jasno. Cel ochrony zwierz\u0105t jest s\u0142uszny, ale prawo musi by\u0107 mo\u017cliwe do wykonania. Pa\u0144stwo nie mo\u017ce troski o dobrostan zwierz\u0105t zamienia\u0107 w kolejn\u0105 finansow\u0105 kar\u0119 dla obywateli. Dzisiaj otrzymujemy ustaw\u0119 lepsz\u0105, z pozytywnym g\u0142osem takich podmiot\u00f3w jak cho\u0107by rolniczy samorz\u0105d<\/p>\n<\/blockquote>\n<p>\u2014 przekaza\u0142 Karol Nawrocki.<\/p>\n<p> Prezydent Karol Nawrocki podpisa\u0142 ustaw\u0119 \u0142a\u0144cuchow\u0105. Na czym polega?<\/p>\n<p>Zgodnie z ustaw\u0105 zakazem trzymania na uwi\u0119zi, opr\u00f3cz ps\u00f3w, obj\u0119te b\u0119d\u0105 te\u017c koty. Przepisy przewiduj\u0105 jednak wyj\u0105tki od tego: na czas m.in. transportu zwierz\u0119cia, udzia\u0142u w wystawie czy zabiegu. R\u00f3wnie\u017c np. na czas &#8222;kr\u00f3tkotrwa\u0142y&#8221;, &#8222;incydentalny&#8221;, poza miejscem sta\u0142ego bytowania psa, w okre\u015blonych warunkach wskazanych przez w\u0142a\u015bciciela, w spos\u00f3b niepowoduj\u0105cy naruszenia dobrostanu zwierz\u0119cia. Nowela przyzwala zatem np. na uwi\u0105zanie psa przed sklepem.<\/p>\n<p>      Dalszy ci\u0105g artyku\u0142u pod materia\u0142em wideo <\/p>\n<p>W wyj\u0105tkowych sytuacjach przepisy dopuszczaj\u0105 utrzymywanie psa w kojcu, przy czym musi on spe\u0142ni\u0107 odpowiednie warunki. Zgodnie z ustaw\u0105 warunki utrzymywania ps\u00f3w w kojcach b\u0119d\u0105 okre\u015blane w rozporz\u0105dzeniu ministra rolnictwa. Nowe przepisy wejd\u0105 w \u017cycie po roku od og\u0142oszenia ustawy.<\/p>\n<p>Karol Nawrocki ju\u017c raz zawetowa\u0142 ustaw\u0119 \u0142a\u0144cuchow\u0105     <\/p>\n<p>To ju\u017c drugie podej\u015bcie do wprowadzenia zakazu trzymania ps\u00f3w na uwi\u0119zi. W grudniu ub.r. prezydent Karol Nawrocki zawetowa\u0142 tzw. ustaw\u0119 \u0142a\u0144cuchow\u0105, kt\u00f3ra zawiera\u0142a sztywne regulacje w sprawie powierzchni kojc\u00f3w, w kt\u00f3rych utrzymywane mia\u0142y by\u0107 psy. Swoj\u0105 decyzj\u0119 uzasadni\u0142 tym, \u017ce proponowane w ustawie normy kojc\u00f3w by\u0142y nierealne. Z\u0142o\u017cy\u0142 nast\u0119pnie do Sejmu w\u0142asny projekt w tej sprawie.<\/p>\n<p>Jednocze\u015bnie poselsk\u0105 propozycj\u0119 noweli tej ustawy wnios\u0142a grupa pos\u0142\u00f3w KO, PSL-TD, Polski 2050 i Lewicy. Sejmowa Komisja Nadzwyczajna do spraw Ochrony Zwierz\u0105t rozpatrywa\u0142a wi\u0119c wsp\u00f3lnie oba projekty. Jako wiod\u0105cy wybra\u0142a poselski.<\/p>\n<p> Prof. Dudek ostrzega przed ukrytym planem prawicy. &#8222;Mo\u017cna zmieni\u0107 ustr\u00f3j, nie zmieniaj\u0105c Konstytucji&#8221;   <img class=\"ods-a-photo ods-a-photo--background\" src=\"https:\/\/www.europesays.com\/pl\/wp-content\/uploads\/2026\/07\/nyLk9lGaHR0cHM6Ly9vY2RuLmV1L3B1bHNjbXMvTURBXy9hN2U3YmQwNC1mZTcxLTRiZjctODBhYi1mMGEyNWNhNmM2MGIuanBlZ.jpeg\" height=\"300\" width=\"450\" alt=\"26723428 - D\u0118BICA WIZYTA PREZYDENTA RP KAROLA NAWROCKIEGO (Karol Nawrocki)\" loading=\"lazy\" fetchpriority=\"low\" decoding=\"async\"\/>  <\/p>\n","protected":false},"excerpt":{"rendered":"Informacj\u0119 o tym Karol Nawrocki przekaza\u0142 za po\u015brednictwem filmu opublikowanego na profilu Kancelarii Prezydenta na platformie X. Przypomnia\u0142,&hellip;\n","protected":false},"author":2,"featured_media":576961,"comment_status":"","ping_status":"","sticky":false,"template":"","format":"standard","meta":{"footnotes":"","_share_on_mastodon":"0"},"categories":[12],"tags":[61195,32,33,36,37,27,43,33971,49,34,35,28,31,48,25,46,6183,42,38,40,39,41,47,29,30,26,1266],"class_list":["post-576960","post","type-post","status-publish","format-standard","has-post-thumbnail","category-polska","tag-bottomfeed_styl","tag-breaking-news","tag-breakingnews","tag-featured-news","tag-featurednews","tag-headlines","tag-karol_nawrocki","tag-kot_koty","tag-kraj","tag-latest-news","tag-latestnews","tag-naglowki","tag-najwazniejsze-artykuly","tag-nat_styl","tag-news","tag-omp","tag-pies","tag-pl","tag-poland","tag-polish","tag-polska","tag-polski","tag-screening_general","tag-top-stories","tag-topstories","tag-wiadomosci","tag-zwierzeta"],"share_on_mastodon":{"url":"https:\/\/pubeurope.com\/@pl\/116975497154392791","error":""},"_links":{"self":[{"href":"https:\/\/www.europesays.com\/pl\/wp-json\/wp\/v2\/posts\/576960","targetHints":{"allow":["GET"]}}],"collection":[{"href":"https:\/\/www.europesays.com\/pl\/wp-json\/wp\/v2\/posts"}],"about":[{"href":"https:\/\/www.europesays.com\/pl\/wp-json\/wp\/v2\/types\/post"}],"author":[{"embeddable":true,"href":"https:\/\/www.europesays.com\/pl\/wp-json\/wp\/v2\/users\/2"}],"replies":[{"embeddable":true,"href":"https:\/\/www.europesays.com\/pl\/wp-json\/wp\/v2\/comments?post=576960"}],"version-history":[{"count":0,"href":"https:\/\/www.europesays.com\/pl\/wp-json\/wp\/v2\/posts\/576960\/revisions"}],"wp:featuredmedia":[{"embeddable":true,"href":"https:\/\/www.europesays.com\/pl\/wp-json\/wp\/v2\/media\/576961"}],"wp:attachment":[{"href":"https:\/\/www.europesays.com\/pl\/wp-json\/wp\/v2\/media?parent=576960"}],"wp:term":[{"taxonomy":"category","embeddable":true,"href":"https:\/\/www.europesays.com\/pl\/wp-json\/wp\/v2\/categories?post=576960"},{"taxonomy":"post_tag","embeddable":true,"href":"https:\/\/www.europesays.com\/pl\/wp-json\/wp\/v2\/tags?post=576960"}],"curies":[{"name":"wp","href":"https:\/\/api.w.org\/{rel}","templated":true}]}}