{"id":577279,"date":"2026-07-24T17:44:04","date_gmt":"2026-07-24T17:44:04","guid":{"rendered":"https:\/\/www.europesays.com\/pl\/577279\/"},"modified":"2026-07-24T17:44:04","modified_gmt":"2026-07-24T17:44:04","slug":"wroclaw-fashion-outlet-wzmacnia-segment-sport-athleisure-nowy-wiekszy-salon-nike-factory-store-wroclaw-oraz-jack-wolfskin","status":"publish","type":"post","link":"https:\/\/www.europesays.com\/pl\/577279\/","title":{"rendered":"Wroc\u0142aw Fashion Outlet wzmacnia segment sport &#038; athleisure: nowy, wi\u0119kszy salon Nike Factory Store Wroc\u0142aw oraz Jack Wolfskin"},"content":{"rendered":"<p>&#13;<br \/>\n                                        &#13;<\/p>\n<p>Pod koniec kwietnia we Wroc\u0142aw Fashion Outlet otworzy\u0142 si\u0119 w nowej ods\u0142onie salon Nike Factory Store Wroc\u0142aw o powierzchni 788 m\u00b2 GLA. To jedno z kluczowych otwar\u0107 tegorocznego kalendarza centrum i wa\u017cny krok w dalszym wzmacnianiu oferty sport &amp; athleisure w jedynym na Dolnym \u015al\u0105sku modowym centrum outletowym. Na pocz\u0105tku lipca w centrum pojawi\u0142 si\u0119 tak\u017ce Jack Wolfskin.<\/p>\n<p>&#13;<\/p>\n<p><a class=\"lightbox\" alt=\"Wroc\u0142aw Fashion Outlet\" href=\"https:\/\/www.europesays.com\/pl\/wp-content\/uploads\/2026\/07\/doba_pl_277856-c11d53eff5e704198f9cc2a4b158fae6_1280x720_onlyx.jpg\"><img loading=\"lazy\" decoding=\"async\" class=\"imgBigger\" src=\"https:\/\/www.europesays.com\/pl\/wp-content\/uploads\/2026\/07\/doba_pl_277856-c11d53eff5e704198f9cc2a4b158fae6_1280x720_onlyx.jpg\" width=\"800\" height=\"534\" border=\"0\"\/><\/a><\/p>\n<p>&#13;<\/p>\n<p>Nowy salon Nike zosta\u0142 znacz\u0105co rozbudowany wzgl\u0119dem poprzedniego formatu, a przestrze\u0144 poddano pe\u0142nej metamorfozie. Wprowadzono zupe\u0142nie now\u0105 koncepcj\u0119 projektow\u0105: od uk\u0142adu sali sprzeda\u017cy, przez podzia\u0142 kategorii produktowych na strefy, a\u017c po ekspozycj\u0119 poszczeg\u00f3lnych produkt\u00f3w i detale wyko\u0144czenia. Ca\u0142e \u015brodowisko sklepu zosta\u0142o przeprojektowane tak, aby zapewni\u0107 bardziej komfortowe i nowoczesne do\u015bwiadczenie zakupowe, skuteczniej wyeksponowa\u0107 kluczowe kolekcje i u\u0142atwi\u0107 klientom poruszanie si\u0119 po poszczeg\u00f3lnych dzia\u0142ach.<\/p>\n<p>&#13;<\/p>\n<p>\u2013 Nike pozostaje dla nas kluczowym partnerem w segmencie sport &amp; athleisure oraz jedn\u0105 z marek, kt\u00f3re w najwi\u0119kszym stopniu przyci\u0105gaj\u0105 klient\u00f3w do Wroc\u0142aw Fashion Outlet. Rozbudowa salonu oraz jego kompleksowa transformacja konceptu stanowi\u0105 wyra\u017any dow\u00f3d wsp\u00f3lnej, d\u0142ugofalowej strategii rozwoju i inwestycji w obecno\u015b\u0107 marki w naszym centrum.<\/p>\n<p>&#13;<\/p>\n<p>Naszym celem by\u0142o stworzenie przestrzeni nowej generacji \u2013 takiej, kt\u00f3ra nie tylko eksponuje szerokie portfolio produktowe, ale r\u00f3wnie\u017c buduje emocjonalne zaanga\u017cowanie klient\u00f3w. Salon zosta\u0142 zaprojektowany w spos\u00f3b, kt\u00f3ry inspiruje do aktywnego stylu \u017cycia, oddaje dynamik\u0119 marki i pozwala w pe\u0142ni do\u015bwiadczy\u0107 jej potencja\u0142u. \u2013 m\u00f3wi Beata Jarema, Dyrektor Wroc\u0142aw Fashion Outlet.<\/p>\n<p>&#13;<\/p>\n<p><a class=\"lightbox\" alt=\"Wroc\u0142aw Fashion Outlet\" href=\"https:\/\/www.europesays.com\/pl\/wp-content\/uploads\/2026\/07\/doba_pl_277858-5f3b481129f175382d28373f21307a85_1280x720_onlyx.jpg\"><img loading=\"lazy\" decoding=\"async\" class=\"imgBigger\" src=\"https:\/\/www.europesays.com\/pl\/wp-content\/uploads\/2026\/07\/doba_pl_277858-5f3b481129f175382d28373f21307a85_1280x720_onlyx.jpg\" width=\"800\" height=\"1200\" border=\"0\"\/><\/a><\/p>\n<p>&#13;<\/p>\n<p>Otwarty w nowym formacie salon Nike Factory Store Wroc\u0142aw oferuje szeroki asortyment obuwia, odzie\u017cy i akcesori\u00f3w sportowych dla kobiet, m\u0119\u017cczyzn i dzieci, w tym kolekcje do biegania, fitness, sport\u00f3w zespo\u0142owych oraz produkty segmentu lifestyle. Model outletowy zapewnia klientom atrakcyjne ceny przez ca\u0142y rok, co dodatkowo wzmacnia konkurencyjno\u015b\u0107 oferty centrum na tle tradycyjnych galerii handlowych.<\/p>\n<p>&#13;<\/p>\n<p>R\u00f3wnolegle Wroc\u0142aw Fashion Outlet rozwija ofert\u0119 w segmentach premium fashion i gastronomii. W marcu otwarto salon Made in M, oferuj\u0105cy marki z grupy MaxMara Fashion Group, kt\u00f3ry wzmacnia portfel marek skierowanych do klientek poszukuj\u0105cych w\u0142oskiego stylu w najlepszym wydaniu. Zako\u0144czono tak\u017ce refit kawiarni So! Coffee, kt\u00f3ra po od\u015bwie\u017ceniu wn\u0119trza i oferty sta\u0142a si\u0119 jeszcze bardziej atrakcyjnym miejscem na spotkania i przerw\u0119 w zakupach, wpisuj\u0105c si\u0119 w strategi\u0119 podnoszenia jako\u015bci strefy gastronomicznej centrum.<\/p>\n<p>&#13;<\/p>\n<p>Z perspektywy Wroc\u0142aw Fashion Outlet otwarcie powi\u0119kszonego\u00a0 salonu Nike Factory Store stanowi nie tylko wyra\u017ane podniesienie jako\u015bci i atrakcyjno\u015bci oferty dla klient\u00f3w, ale r\u00f3wnie\u017c istotny element wzmacniania konkurencyjno\u015bci ca\u0142ego obiektu.<\/p>\n<p>&#13;<\/p>\n<p style=\"text-align: center;\"><a class=\"lightbox\" alt=\"Wroc\u0142aw Fashion Outlet\" href=\"https:\/\/www.europesays.com\/pl\/wp-content\/uploads\/2026\/07\/wolfskin logo.png\"><img loading=\"lazy\" decoding=\"async\" src=\"https:\/\/www.europesays.com\/pl\/wp-content\/uploads\/2026\/07\/wolfskin logo.png\" width=\"250\" height=\"250\"\/><\/a><\/p>\n<p>&#13;<\/p>\n<p>Obecno\u015b\u0107 globalnej, silnej marki w nowoczesnym i rozwini\u0119tym formacie sprzeda\u017cy przek\u0142ada si\u0119 bezpo\u015brednio na postrzeganie centrum jako presti\u017cowej i perspektywicznej lokalizacji dla partner\u00f3w z sektora fashion i lifestyle. Jednocze\u015bnie inwestycja ta wspiera d\u0142ugofalowy rozw\u00f3j kluczowych wska\u017anik\u00f3w biznesowych, w tym wzrost odwiedzalno\u015bci oraz optymalizacj\u0119 wynik\u00f3w sprzeda\u017cowych na poziomie ca\u0142ej galerii.<\/p>\n<p>&#13;<\/p>\n<p><a class=\"lightbox\" alt=\"Wroc\u0142aw Fashion Outlet\" href=\"https:\/\/www.europesays.com\/pl\/wp-content\/uploads\/2026\/07\/doba_pl_277857-7724aac4dfd72d80c9bba5808b63aeb5_1280x720_onlyx.jpg\"><img loading=\"lazy\" decoding=\"async\" class=\"imgBigger\" src=\"https:\/\/www.europesays.com\/pl\/wp-content\/uploads\/2026\/07\/doba_pl_277857-7724aac4dfd72d80c9bba5808b63aeb5_1280x720_onlyx.jpg\" width=\"800\" height=\"1000\" border=\"0\"\/><\/a><\/p>\n<p>&#13;<\/p>\n<p>Na pocz\u0105tku lipca (8.07) w centrum otworzono r\u00f3wnie\u017c salon sieci Jack Wolfskin. Pojawienie si\u0119 niemieckiej marki w outlecie to zwi\u0119kszenie dost\u0119pu do popularnych i poszukiwanych przez klient\u00f3w marek outdoorowych. Testy niezale\u017cnych medi\u00f3w wskazuj\u0105, \u017ce produkty JW to dobra relacja ceny do jako\u015bci, celuj\u0105c w komfort i uniwersalno\u015b\u0107. W 2025 roku Jack Wolfskin wygenerowa\u0142 przychody w okolicach 290 mln Euro. Marka zosta\u0142a jednak sprzedana przez Topgolf Callaway Brands chi\u0144skiemu Anta Sports, w kt\u00f3rego portfolio znajduj\u0105 si\u0119 cho\u0107by Puma (wi\u0119kszo\u015bciowy akcjonariusz), Fila, Salomon, tenisowy Wilson czy narciarski Atomic.<\/p>\n<p>&#13;<\/p>\n<p><a class=\"lightbox\" alt=\"Wroc\u0142aw Fashion Outlet\" href=\"https:\/\/www.europesays.com\/pl\/wp-content\/uploads\/2026\/07\/doba_pl_277855-a14f9331bbf755a38009304ec058e7d8_1280x720_onlyx.jpg\"><img loading=\"lazy\" decoding=\"async\" class=\"imgBigger\" src=\"https:\/\/www.europesays.com\/pl\/wp-content\/uploads\/2026\/07\/doba_pl_277855-a14f9331bbf755a38009304ec058e7d8_1280x720_onlyx.jpg\" width=\"800\" height=\"1422\" border=\"0\"\/><\/a><\/p>\n<p>&#13;<\/p>\n<p>Wroc\u0142aw Fashion Outlet, zlokalizowany przy ul. Granicznej 2 we Wroc\u0142awiu, oferuje dzi\u015b ponad 100 salon\u00f3w znanych marek modowych, sportowych i lifestyle\u2019owych w cenach ni\u017cszych o 30\u201370 procent przez ca\u0142y rok. Nowy, powi\u0119kszony salon Nike Factory Store, otwarcie Made in M oraz refit So! Coffee s\u0105 istotnymi elementami strategii konsekwentnego rozwijania miksu najemc\u00f3w i budowania pozycji wiod\u0105cego outletu modowego w regionie Dolnego \u015al\u0105ska i po\u0142udniowej Polski.<\/p>\n<p>&#13;<\/p>\n<p>\u00a0<\/p>\n<p>                            &#13;<br \/>\n                \t\t\t                            &#13;<br \/>\n                                        &#13;<br \/>\n                            &#13;<br \/>\n                            &#13;<\/p>\n","protected":false},"excerpt":{"rendered":"&#13; &#13; Pod koniec kwietnia we Wroc\u0142aw Fashion Outlet otworzy\u0142 si\u0119 w nowej ods\u0142onie salon Nike Factory Store&hellip;\n","protected":false},"author":2,"featured_media":577280,"comment_status":"","ping_status":"","sticky":false,"template":"","format":"standard","meta":{"footnotes":"","_share_on_mastodon":"0"},"categories":[51607],"tags":[113835,42,38,40,39,41,113834,1853],"class_list":["post-577279","post","type-post","status-publish","format-standard","has-post-thumbnail","category-wroclaw","tag-nike","tag-pl","tag-poland","tag-polish","tag-polska","tag-polski","tag-wfo","tag-wroclaw"],"share_on_mastodon":{"url":"https:\/\/pubeurope.com\/@pl\/116976201137350901","error":""},"_links":{"self":[{"href":"https:\/\/www.europesays.com\/pl\/wp-json\/wp\/v2\/posts\/577279","targetHints":{"allow":["GET"]}}],"collection":[{"href":"https:\/\/www.europesays.com\/pl\/wp-json\/wp\/v2\/posts"}],"about":[{"href":"https:\/\/www.europesays.com\/pl\/wp-json\/wp\/v2\/types\/post"}],"author":[{"embeddable":true,"href":"https:\/\/www.europesays.com\/pl\/wp-json\/wp\/v2\/users\/2"}],"replies":[{"embeddable":true,"href":"https:\/\/www.europesays.com\/pl\/wp-json\/wp\/v2\/comments?post=577279"}],"version-history":[{"count":0,"href":"https:\/\/www.europesays.com\/pl\/wp-json\/wp\/v2\/posts\/577279\/revisions"}],"wp:featuredmedia":[{"embeddable":true,"href":"https:\/\/www.europesays.com\/pl\/wp-json\/wp\/v2\/media\/577280"}],"wp:attachment":[{"href":"https:\/\/www.europesays.com\/pl\/wp-json\/wp\/v2\/media?parent=577279"}],"wp:term":[{"taxonomy":"category","embeddable":true,"href":"https:\/\/www.europesays.com\/pl\/wp-json\/wp\/v2\/categories?post=577279"},{"taxonomy":"post_tag","embeddable":true,"href":"https:\/\/www.europesays.com\/pl\/wp-json\/wp\/v2\/tags?post=577279"}],"curies":[{"name":"wp","href":"https:\/\/api.w.org\/{rel}","templated":true}]}}