{"id":577556,"date":"2026-07-24T20:32:08","date_gmt":"2026-07-24T20:32:08","guid":{"rendered":"https:\/\/www.europesays.com\/pl\/577556\/"},"modified":"2026-07-24T20:32:08","modified_gmt":"2026-07-24T20:32:08","slug":"radomiak-radom-wieczysta-krakow-21-10","status":"publish","type":"post","link":"https:\/\/www.europesays.com\/pl\/577556\/","title":{"rendered":"Radomiak Radom &#8211; Wieczysta Krak\u00f3w 2:1 (1:0)"},"content":{"rendered":"<p>W meczu 1. kolejki ekstraklasy Radomiak wygra\u0142 z Wieczyst\u0105 Krak\u00f3w 2:1. Gole dla &#8222;Zielonych&#8221; strzelili Roberto Alves i Jan Grzesik. Go\u015bcie ko\u0144czyli mecz w &#8222;10&#8221; po czerwonej kartce w doliczonym czasie.<\/p>\n<p>W nast\u0119pne kolejce Radomiak zagra na wyje\u017adzie z GKS Katowice. Mecz zostanie rozegrany w niedziel\u0119, 2 sierpnia o godz. 20:15.<\/p>\n<p>Radomiak Radom &#8211; Wieczysta Krak\u00f3w 2:1 (1:0)&#13;<br \/>(Alves 43&#8242;, Grzesik 49&#8242; &#8211; Feiertag 57&#8242;)&#13;<\/p>\n<p>Radomiak: Majchrowicz &#8211; Ouattara, Szcze\u015bniak, Dieguez, Conrado (84&#8242; Goure), Grzesik, Alves (89&#8242; Blasco), Camara (84&#8242; Nunnely), Wolski (75&#8242; Karasek), Luquinhas, Tapsoba (75&#8242; Donis)&#13;<\/p>\n<p>Wieczysta: Miku\u0142ko &#8211; Fila, Dermanovi\u0107, Dujmovi\u0107 (33&#8242; Mili\u0107), Vojtko, Villar (67&#8242; Christensen), Maigaard, Lederman (79&#8242; Pusi\u0107), Piazon, Semedo (68&#8242; Mras)&#8217; Feiertag (79&#8242; Paulinho)&#13;<\/p>\n<p>\u017c\u00f3\u0142te kartki: Conrado, Tapsoba, Donis &#8211; Dermanovi\u0107, Dujmovi\u0107, Villar, Lederman, Maigaard&#13;<\/p>\n<p>czerwona kartka: Maigaard (90&#8217;+1 &#8211; za drug\u0105 \u017c\u00f3\u0142t\u0105)&#13;<\/p>\n<p>s\u0119dziowa\u0142: Jaros\u0142aw Przyby\u0142 (Kluczbork)&#13;<\/p>\n<p>`<\/p>\n","protected":false},"excerpt":{"rendered":"W meczu 1. kolejki ekstraklasy Radomiak wygra\u0142 z Wieczyst\u0105 Krak\u00f3w 2:1. Gole dla &#8222;Zielonych&#8221; strzelili Roberto Alves i&hellip;\n","protected":false},"author":2,"featured_media":577557,"comment_status":"","ping_status":"","sticky":false,"template":"","format":"standard","meta":{"footnotes":"","_share_on_mastodon":"0"},"categories":[51606],"tags":[60447,274,1304,269,42,38,40,39,41,2913,15755,60443,2167,60446,60444,60445],"class_list":["post-577556","post","type-post","status-publish","format-standard","has-post-thumbnail","category-krakow","tag-akademia-radomiak","tag-ekstraklasa","tag-krakow","tag-pilka-nozna","tag-pl","tag-poland","tag-polish","tag-polska","tag-polski","tag-radom","tag-radomiak","tag-radomiak-1910","tag-radomiak-radom","tag-rks-1910","tag-rks-radomiak","tag-tylko-radomiak"],"share_on_mastodon":{"url":"","error":""},"_links":{"self":[{"href":"https:\/\/www.europesays.com\/pl\/wp-json\/wp\/v2\/posts\/577556","targetHints":{"allow":["GET"]}}],"collection":[{"href":"https:\/\/www.europesays.com\/pl\/wp-json\/wp\/v2\/posts"}],"about":[{"href":"https:\/\/www.europesays.com\/pl\/wp-json\/wp\/v2\/types\/post"}],"author":[{"embeddable":true,"href":"https:\/\/www.europesays.com\/pl\/wp-json\/wp\/v2\/users\/2"}],"replies":[{"embeddable":true,"href":"https:\/\/www.europesays.com\/pl\/wp-json\/wp\/v2\/comments?post=577556"}],"version-history":[{"count":0,"href":"https:\/\/www.europesays.com\/pl\/wp-json\/wp\/v2\/posts\/577556\/revisions"}],"wp:featuredmedia":[{"embeddable":true,"href":"https:\/\/www.europesays.com\/pl\/wp-json\/wp\/v2\/media\/577557"}],"wp:attachment":[{"href":"https:\/\/www.europesays.com\/pl\/wp-json\/wp\/v2\/media?parent=577556"}],"wp:term":[{"taxonomy":"category","embeddable":true,"href":"https:\/\/www.europesays.com\/pl\/wp-json\/wp\/v2\/categories?post=577556"},{"taxonomy":"post_tag","embeddable":true,"href":"https:\/\/www.europesays.com\/pl\/wp-json\/wp\/v2\/tags?post=577556"}],"curies":[{"name":"wp","href":"https:\/\/api.w.org\/{rel}","templated":true}]}}