{"id":577636,"date":"2026-07-24T21:23:12","date_gmt":"2026-07-24T21:23:12","guid":{"rendered":"https:\/\/www.europesays.com\/pl\/577636\/"},"modified":"2026-07-24T21:23:12","modified_gmt":"2026-07-24T21:23:12","slug":"polski-miliarder-przeprowadza-rewolucje-nie-rozumiem-lamentu","status":"publish","type":"post","link":"https:\/\/www.europesays.com\/pl\/577636\/","title":{"rendered":"Polski miliarder przeprowadza rewolucj\u0119. &#8222;Nie rozumiem lamentu&#8221;"},"content":{"rendered":"\n<p class=\"contentpart contentpart--default contentpart--text\" data-position=\"0\">Jaros\u0142aw Koli\u0144ski, WP SportoweFakty: Tego lata z Motoru odesz\u0142o 12 pi\u0142karzy. Z czego wynikaj\u0105 tak drastyczne zmiany w zespole?<\/p>\n<p class=\"contentpart contentpart--default contentpart--text\" data-position=\"1\">Zbigniew Jakubas, w\u0142a\u015bciciel <a href=\"https:\/\/sportowefakty.wp.pl\/pilka-nozna\/motor-lublin\" rel=\"nofollow noopener\" target=\"_blank\">Motoru Lublin<\/a>: Trzy miesi\u0105ce temu w rozmowie z Kana\u0142em Sportowym powiedzia\u0142em, \u017ce ze sk\u0142adu, kt\u00f3ry  gra\u0142 w poprzednim sezonie, zostanie 11-12 zawodnik\u00f3w, i tak si\u0119 sta\u0142o. Tak du\u017ca liczba odej\u015b\u0107 wynika z konieczno\u015bci przebudowy dru\u017cyny, poniewa\u017c mieli\u015bmy bardzo liczebn\u0105 kadr\u0119: 32 zawodnik\u00f3w, z kt\u00f3rych cz\u0119\u015b\u0107 gra\u0142a w Motorze jeszcze w drugiej lidze. Nie rozumiem lamentu niekt\u00f3rych dziennikarzy i krzykliwych ich tytu\u0142\u00f3w artyku\u0142\u00f3w, jak \u017ale dzieje si\u0119 w Motorze. Wszystkie decyzje s\u0105 zaplanowane, przemy\u015blane i konsekwentnie realizowane.<\/p>\n<p>  <img decoding=\"async\" src=\"https:\/\/v.wpimg.pl\/X3dwLnN2d1IFFTpdYUl6R0ZNbgcnEHQREVV2TGEGbUtRT2MdOlZ2RBQUKABgQjQcDRotCStBd1IAAWMeIlM7VgwYIAorQAdEFFk_GCkQJQ\" alt=\"\" width=\"45\" height=\"58\" loading=\"lazy\"\/>  <\/p>\n<p class=\"contentpart contentpart--default contentpart--text\" data-position=\"2\">Sprowadzili\u015bcie dw\u00f3ch reprezentant\u00f3w Polski: Mateusza \u0141\u0119gowskiego i Bartosza Bereszy\u0144skiego. Taka by\u0142a strategia, by doda\u0107 dru\u017cynie do\u015bwiadczenia?<br \/>Wszystkie transfery s\u0105 realizowane za zgod\u0105 sztabu i przede wszystkim trenera Mariusza Misiury. Szkoleniowiec stawia na do\u015bwiadczonych zawodnik\u00f3w z jako\u015bci\u0105 pi\u0142karsk\u0105, ale cieszy mnie to, \u017ce dostrzega potencja\u0142 m\u0142odych zawodnik\u00f3w i daje im szans\u0119 gry w pierwszym zespole.<\/p>\n<p class=\"contentpart contentpart--default contentpart--text\" data-position=\"3\">ZOBACZ WIDEO: Robert sam w Chicago. Ujawni\u0142, kiedy Lewandowscy b\u0119d\u0105 razem<\/p>\n<p class=\"contentpart contentpart--default contentpart--text\" data-position=\"5\">Jak nam\u00f3wi\u0142 pan do gry w Motorze Bartosza Bereszy\u0144skiego? Podejrzewam, \u017ce nie by\u0142o to \u0142atwe.<br \/>\u202f \u202f  \u202f \u202f <br \/>W sprowadzeniu do Motoru Bartosza Bereszy\u0144skiego pom\u00f3g\u0142 Bogus\u0142aw Le\u015bnodorski. Zapewni\u0142 go, \u017ce jeste\u015bmy klubem przewidywalnym i stabilnym z dobrze funkcjonuj\u0105c\u0105 i pe\u0142n\u0105 struktur\u0105. Od kiedy jestem w Motorze, nie by\u0142o nigdy op\u00f3\u017anienia w wyp\u0142atach wynagrodze\u0144. Pan Le\u015bnodorski um\u00f3wi\u0142 spotkanie ze mn\u0105 i pi\u0142karzem, na kt\u00f3rym podczas kolacji om\u00f3wili\u015bmy wszystkie szczeg\u00f3\u0142y, \u0142\u0105cznie z wynagrodzeniem.<\/p>\n<p>  <img decoding=\"async\" src=\"https:\/\/v.wpimg.pl\/X3dwLnN2d1IFFTpdYUl6R0ZNbgcnEHQREVV2TGEGbUtRT2MdOlZ2RBQUKABgQjQcDRotCStBd1IAAWMeIlM7VgwYIAorQAdEFFk_GCkQJQ\" alt=\"\" width=\"45\" height=\"58\" loading=\"lazy\"\/>  <\/p>\n<p class=\"contentpart contentpart--default contentpart--text\" data-position=\"6\">Bereszy\u0144ski jest najlepiej op\u0142acanym zawodnikiem Motoru?<br \/>Je\u017celi chodzi o wynagrodzenie, nie odbiega ono istotnie od czo\u0142owych zawodnik\u00f3w Motoru. Uwa\u017cam, \u017ce kominy p\u0142acowe w klubach s\u0105 b\u0142\u0119dem i szkodz\u0105 w integrowaniu zespo\u0142u. Bereszy\u0144ski zrobi\u0142 na mnie bardzo dobre wra\u017cenie, gdy\u017c rozmowa wykracza\u0142a poza aspekty pi\u0142karskie. Jedyn\u0105 kwesti\u0105 do decyzji by\u0142a jego rozmowa z \u017con\u0105 i mo\u017cliwo\u015b\u0107 nauki syn\u00f3w w szkole mi\u0119dzynarodowej, kt\u00f3ra na szcz\u0119\u015bcie w Lublinie istnieje i ma wysoki poziom nauczania.<\/p>\n<p class=\"contentpart contentpart--default contentpart--text\" data-position=\"7\">W tym oknie <a href=\"https:\/\/sportowefakty.wp.pl\/pilka-nozna\/1261179\/oficjalnie-polak-w-wielkim-klubie-rekord-transferowy\" rel=\"nofollow noopener\" target=\"_blank\">sprzedali\u015bcie Brighta Ede<\/a>. W mediach podaje si\u0119 kwot\u0119 6 mln euro. Jest pan zadowolony z pieni\u0119dzy, jakie dosta\u0142 za tego zawodnika?<br \/>Zar\u00f3wno ja, jak i trener Misiura bardzo \u017ca\u0142ujemy, \u017ce Ede odszed\u0142. Po dw\u00f3ch tygodniach pracy w Motorze trener powiedzia\u0142 mi, \u017ce nie widzia\u0142 tak zdolnego m\u0142odego obro\u0144cy. Niestety, Ede by\u0142 zra\u017cony do poprzedniego trenera, gdy\u017c dostawa\u0142 stosunkowo ma\u0142o szans gry i jego agent ju\u017c wcze\u015bniej rozpocz\u0105\u0142 z Hiszpanami rozmowy, kt\u00f3re by\u0142y mocno zaawansowane.<br \/>\u202f \u202f \u202f \u202f \u202f \u202f \u202f \u202f \u202f \u202f \u202f \u202f \u202f \u202f \u202f <br \/>W kr\u00f3tkim czasie dokona\u0142 pan w klubie bardzo du\u017co zmian. Odszed\u0142 szef skautingu Piotr Sadowski, jest tak\u017ce nowy dyrektor akademii Norbert Onuoha. O sztabie szkoleniowym nie wspominaj\u0105c. Dlaczego tak du\u017co roszad personalnych?<br \/>Najwa\u017cniejsza dla mnie jest stabilno\u015b\u0107 sztabu szkoleniowego i zespo\u0142u pi\u0142karskiego. Trener Misiura ma 3-letni kontrakt, pozostali cz\u0142onkowie sztabu &#8211; te\u017c odpowiednio d\u0142ugie. Kluczowi pi\u0142karze r\u00f3wnie\u017c maj\u0105 d\u0142ugie kontrakty. Reszta struktur jest w ci\u0105g\u0142ym poszukiwaniu optymalnych rozwi\u0105za\u0144, w tym doboru ludzi. Od ponad roku mamy wiceprezesa pana \u0141ukasza Jab\u0142o\u0144skiego, kt\u00f3ry jest niebywale sprawnym menad\u017cerem i pomaga mi w budowie organizacji na wz\u00f3r czo\u0142owych klub\u00f3w w Europie.<\/p>\n<p>  <img decoding=\"async\" src=\"https:\/\/v.wpimg.pl\/X3dwLnN2d1IFFTpdYUl6R0ZNbgcnEHQREVV2TGEGbUtRT2MdOlZ2RBQUKABgQjQcDRotCStBd1IAAWMeIlM7VgwYIAorQAdEFFk_GCkQJQ\" alt=\"\" width=\"45\" height=\"58\" loading=\"lazy\"\/>  <\/p>\n<p class=\"contentpart contentpart--default contentpart--text\" data-position=\"8\">A mo\u017ce w tak kr\u00f3tkim czasie stara si\u0119 pan wprowadzi\u0107 za du\u017co zmian? Nie ma pan obaw, \u017ce nie wszystko zd\u0105\u017cy &#8222;zatrybi\u0107&#8221; na start sezonu?<br \/>Mog\u0142em robi\u0107 wszystko ewolucyjnie i w nowym sezonie martwi\u0107 si\u0119, czy nie spadniemy, lub postawi\u0107 na odwa\u017cne dynamiczne zmiany, kt\u00f3re zawsze mog\u0105 by\u0107 ryzykowne. W Motorze wielokrotnie podejmowa\u0142em trudne decyzje, za kt\u00f3re cz\u0119sto by\u0142em atakowany przez dziennikarzy, jak np. pozostawienie trenera Goncalo Feio. To by\u0142a w\u00f3wczas jedyna s\u0142uszna decyzja, dzi\u0119ki kt\u00f3rej Motor si\u0119 rozwija\u0142 i awansowa\u0142 do pierwszej ligi. Tak samo ryzykown\u0105 decyzj\u0105 by\u0142o powierzenie niedo\u015bwiadczonemu Mateuszowi Stolarskiemu pracy z pierwsz\u0105 dru\u017cyn\u0105, kt\u00f3ra te\u017c okaza\u0142a si\u0119 by\u0107 w\u0142a\u015bciw\u0105. Przy okazji mam pro\u015bb\u0119 do dziennikarzy: przesta\u0144cie spekulowa\u0107 na temat sprzeda\u017cy przez Motor kolejnych zawodnik\u00f3w. W tym sezonie \u017caden zawodnik Motoru nie zostanie wytransferowany. Wszyscy stanowi\u0105 trzon dru\u017cyny i &#8211; aby odnosi\u0107 sukcesy &#8211; s\u0105 podstawowymi i niezb\u0119dnymi dla kluby pi\u0142karzami. Motor ma stabilne zaplecze finansowe i nie musi ratowa\u0107 si\u0119 sprzeda\u017c\u0105 zawodnik\u00f3w, aby za\u0142ata\u0107 bud\u017cet. Podobne nonsensowne informacje kr\u0105\u017c\u0105 na temat wykupienia za 1 mln euro Lukuinhasa z Radomiaka. My\u015bl\u0119, \u017ce niekt\u00f3rym tzw. dobrze poinformowanym dziennikarzom zaszkodzi\u0142y ostatnie upa\u0142y.<\/p>\n<p>  <img decoding=\"async\" src=\"https:\/\/v.wpimg.pl\/X3dwLnN2d1IFFTpdYUl6R0ZNbgcnEHQREVV2TGEGbUtRT2MdOlZ2RBQUKABgQjQcDRotCStBd1IAAWMeIlM7VgwYIAorQAdEFFk_GCkQJQ\" alt=\"\" width=\"45\" height=\"58\" loading=\"lazy\"\/>  <\/p>\n<p class=\"contentpart contentpart--default contentpart--text\" data-position=\"9\">Najwi\u0119cej kontrowersji wzbudzi\u0142a <a href=\"https:\/\/sportowefakty.wp.pl\/pilka-nozna\/1257321\/oficjalnie-trzesienie-ziemi-w-motorze-lublin\" rel=\"nofollow noopener\" target=\"_blank\">zmiana na stanowisku trenera<\/a>. Nieoczekiwanie, pewnie nie tylko dla mnie, z dru\u017cyn\u0105 po\u017cegna\u0142 si\u0119 trener Mateusz Stolarski. Dlaczego dosz\u0142o do rozstania?<br \/>Trener Stolarski pracowa\u0142 w Motorze trzy i p\u00f3\u0142 roku, z czego dwa lata jako trener w Ekstraklasie. Pami\u0119tajmy, \u017ce wcze\u015bniej nie pracowa\u0142 jako pierwszy trener na takim poziomie. Otrzyma\u0142 szans\u0119 i j\u0105 wykorzysta\u0142. Jednak w mojej ocenie, aby da\u0107 Motorowi mo\u017cliwo\u015b\u0107 dalszego rozwoju, potrzebne by\u0142y zmiany zar\u00f3wno w szatni jak i sztabie. Czasami trzeba podejmowa\u0107 trudne decyzje dla dobra klubu i jego dalszego rozwoju, wi\u0119c tak\u0105 decyzj\u0119 podj\u0105\u0142em.<\/p>\n<p class=\"contentpart contentpart--default contentpart--text\" data-position=\"10\">&#8222;Przegl\u0105d Sportowy&#8221; poinformowa\u0142, \u017ce jedn\u0105 z przyczyn by\u0142o to, \u017ce podpad\u0142 panu w ubieg\u0142ym sezonie, nie stawiaj\u0105c na Brighta Ede. Czy to prawda?<br \/>Oczywi\u015bcie brak wiary w m\u0142odych zawodnik\u00f3w i dawania im szansy gry nie mog\u0119 zaliczy\u0107 do sukces\u00f3w poprzedniego trenera.<\/p>\n<p class=\"contentpart contentpart--default contentpart--text\" data-position=\"11\">W miejsce Stolarskiego zatrudni\u0142 pan Mariusza Misiur\u0119, za kt\u00f3rego nawet zdecydowa\u0142 si\u0119 pan zap\u0142aci\u0107 Wi\u015ble P\u0142ock. Co spodoba\u0142o si\u0119 panu w tym trenerze?<br \/>Za trenerem Misiur\u0105 przemawiaj\u0105 fakty. Jako trener <a href=\"https:\/\/sportowefakty.wp.pl\/pilka-nozna\/znicz-pruszkow\" rel=\"nofollow noopener\" target=\"_blank\">Znicza Pruszk\u00f3w<\/a>\u00a0awansowa\u0142 do pierwszej ligi z najni\u017cszym bud\u017cetem, ponad dwukrotnie ni\u017cszym ni\u017c ten, jaki mia\u0142 w\u00f3wczas graj\u0105cy w II lidze Motor. Potem z <a href=\"https:\/\/sportowefakty.wp.pl\/pilka-nozna\/wisla-plock\" rel=\"nofollow noopener\" target=\"_blank\">Wis\u0142\u0105 P\u0142ock<\/a>\u00a0awansowa\u0142 po roku do Ekstraklasy i po rundzie zimowej by\u0142 na szczycie tabeli. Moim zdaniem, gdyby Wis\u0142a nie sprzeda\u0142a Edmundssona i w okienku zimowym zrobi\u0142a chocia\u017c jedno wzmocnienie, gra\u0142aby dzisiaj w europejskich rozgrywkach. Trener Misiura ma bardzo du\u017ce do\u015bwiadczenie i wyj\u0105tkow\u0105 umiej\u0119tno\u015b\u0107 kontaktu z zawodnikami. Zreszt\u0105 Bartosz Bereszy\u0144ski powiedzia\u0142 mi, \u017ce jego rozmowa z trenerem Misiur\u0105 przes\u0105dzi\u0142a o przyj\u015bciu do Motoru.<\/p>\n<p>  <img decoding=\"async\" src=\"https:\/\/v.wpimg.pl\/X3dwLnN2d1IFFTpdYUl6R0ZNbgcnEHQREVV2TGEGbUtRT2MdOlZ2RBQUKABgQjQcDRotCStBd1IAAWMeIlM7VgwYIAorQAdEFFk_GCkQJQ\" alt=\"\" width=\"45\" height=\"58\" loading=\"lazy\"\/>  <\/p>\n<p class=\"contentpart contentpart--default contentpart--text\" data-position=\"12\">Dlaczego zdecydowali\u015bcie si\u0119 na tak drastyczny ruch, jak likwidacja zespo\u0142u rezerw?<br \/>\u202f <br \/>To by\u0142a wsp\u00f3lna decyzja sztabu i zarz\u0105du. Wynika\u0142a tylko z aspekt\u00f3w czysto sportowych. Ogrywanie zawodnik\u00f3w pierwszej dru\u017cyny Motoru w rozgrywkach czwartej ligi, bo w takiej gra\u0142a druga dru\u017cyna, by\u0142a z za\u0142o\u017cenia b\u0142\u0119dem. R\u00f3\u017cnica w poziomie gry by\u0142a zbyt du\u017ca. Ryzyko kontuzji naszych m\u0142odych zawodnik\u00f3w &#8211; kt\u00f3rzy za przeciwnik\u00f3w w IV lidze mieli cz\u0119sto trzydziestolatk\u00f3w graj\u0105cych bardzo agresywnie &#8211; by\u0142o zbyt du\u017ce. Od nowego sezonu stawiamy na rozw\u00f3j CLJ w trzech grupach wiekowych, gdzie we wszystkich dru\u017cynach graj\u0105 zawodnicy w tym samych wieku, oraz ogrywanie naszych m\u0142odych zawodnik\u00f3w w klubach partnerskich na Lubelszczy\u017anie.<\/p>\n<p class=\"contentpart contentpart--default contentpart--text\" data-position=\"13\">A propos klub\u00f3w partnerskich: jak bardzo jest pan rozczarowany konfliktem z <a href=\"https:\/\/sportowefakty.wp.pl\/pilka-nozna\/gornik-leczna\" rel=\"nofollow noopener\" target=\"_blank\">G\u00f3rnikiem \u0141\u0119czna<\/a>. Dlaczego, pana zdaniem, G\u00f3rnik wypar\u0142 si\u0119 tego, \u017ce dosta\u0142 od pa\u0144stwa propozycj\u0119 wsp\u00f3\u0142pracy?<br \/>Uwa\u017cam, \u017ce wsp\u00f3\u0142praca klub\u00f3w z Lubelszczyzny jest jak najbardziej zasadna. Jeste\u015bmy otwarci na wsp\u00f3\u0142prac\u0119 zar\u00f3wno sportow\u0105, jak i wsparcie finansowe, tym bardziej \u017ce kibice obu dru\u017cyn ze sob\u0105 sympatyzuj\u0105. Prezes G\u00f3rnika \u0141\u0119czna odby\u0142 dwie rozmowy z naszym dyrektorem sportowym, przekaza\u0142 mu, \u017ce prowadzi rozmowy z G\u00f3rnikiem Zabrze i na temat wsp\u00f3\u0142pracy z Motorem zasugerowa\u0142 rozmow\u0119 z prezesem g\u0142\u00f3wnego sponsora, jakim jest Bogdanka. Takie spotkanie si\u0119 odby\u0142o i oferta wsp\u00f3\u0142pracy zosta\u0142a z\u0142o\u017cona. Nieporozumienie mog\u0119 t\u0142umaczy\u0107 jedynie tym, \u017ce oferta z Bogdanki nie dotar\u0142a do G\u00f3rnika \u0141\u0119czna. Nie wyobra\u017cam sobie, \u017ce G\u00f3rnik \u0141\u0119czna, maj\u0105c obok Motor Lublin, nawi\u0105za\u0142by wsp\u00f3\u0142prac\u0119 z G\u00f3rnikiem Zabrze, klubem oddalonym o ponad 300 km od \u0141\u0119cznej.<\/p>\n<p class=\"contentpart contentpart--default contentpart--text\" data-position=\"14\">Na co pan liczy w nowym sezonie Ekstraklasy?<br \/>\u202f <br \/>Ka\u017cde miejsce powy\u017cej \u015brodka tabeli b\u0119dzie zadowalaj\u0105ce. Oczywi\u015bcie marzeniem jest pierwsza pi\u0105tka, ale liga w tym sezonie b\u0119dzie jeszcze silniejsza, wi\u0119c walka zapowiada si\u0119 niesamowita.<\/p>\n<p class=\"contentpart contentpart--default contentpart--text\" data-position=\"15\">rozmawia\u0142 Jaros\u0142aw Koli\u0144ski, dziennikarz WP SportoweFakty<\/p>\n<p class=\"contentpart contentpart--default contentpart--text\" data-position=\"16\">Motor Lublin zainauguruje nowy sezon PKO Ekstraklasy w niedziel\u0119 26 lipca wyjazdowym meczem z Widzewem \u0141\u00f3d\u017a (g. 17:30.<\/p>\n","protected":false},"excerpt":{"rendered":"Jaros\u0142aw Koli\u0144ski, WP SportoweFakty: Tego lata z Motoru odesz\u0142o 12 pi\u0142karzy. Z czego wynikaj\u0105 tak drastyczne zmiany w&hellip;\n","protected":false},"author":2,"featured_media":577637,"comment_status":"","ping_status":"","sticky":false,"template":"","format":"standard","meta":{"footnotes":"","_share_on_mastodon":"0"},"categories":[51612],"tags":[10608,1081,3364,269,1724,42,38,40,39,41,97570],"class_list":["post-577636","post","type-post","status-publish","format-standard","has-post-thumbnail","category-lublin","tag-arena-lublin","tag-lublin","tag-motor-lublin","tag-pilka-nozna","tag-pko-ekstraklasa","tag-pl","tag-poland","tag-polish","tag-polska","tag-polski","tag-studio-mundial"],"share_on_mastodon":{"url":"https:\/\/pubeurope.com\/@pl\/116977062332537548","error":""},"_links":{"self":[{"href":"https:\/\/www.europesays.com\/pl\/wp-json\/wp\/v2\/posts\/577636","targetHints":{"allow":["GET"]}}],"collection":[{"href":"https:\/\/www.europesays.com\/pl\/wp-json\/wp\/v2\/posts"}],"about":[{"href":"https:\/\/www.europesays.com\/pl\/wp-json\/wp\/v2\/types\/post"}],"author":[{"embeddable":true,"href":"https:\/\/www.europesays.com\/pl\/wp-json\/wp\/v2\/users\/2"}],"replies":[{"embeddable":true,"href":"https:\/\/www.europesays.com\/pl\/wp-json\/wp\/v2\/comments?post=577636"}],"version-history":[{"count":0,"href":"https:\/\/www.europesays.com\/pl\/wp-json\/wp\/v2\/posts\/577636\/revisions"}],"wp:featuredmedia":[{"embeddable":true,"href":"https:\/\/www.europesays.com\/pl\/wp-json\/wp\/v2\/media\/577637"}],"wp:attachment":[{"href":"https:\/\/www.europesays.com\/pl\/wp-json\/wp\/v2\/media?parent=577636"}],"wp:term":[{"taxonomy":"category","embeddable":true,"href":"https:\/\/www.europesays.com\/pl\/wp-json\/wp\/v2\/categories?post=577636"},{"taxonomy":"post_tag","embeddable":true,"href":"https:\/\/www.europesays.com\/pl\/wp-json\/wp\/v2\/tags?post=577636"}],"curies":[{"name":"wp","href":"https:\/\/api.w.org\/{rel}","templated":true}]}}