{"id":577743,"date":"2026-07-24T22:32:11","date_gmt":"2026-07-24T22:32:11","guid":{"rendered":"https:\/\/www.europesays.com\/pl\/577743\/"},"modified":"2026-07-24T22:32:11","modified_gmt":"2026-07-24T22:32:11","slug":"piec-goli-w-meczu-barcelony-gral-szczesny","status":"publish","type":"post","link":"https:\/\/www.europesays.com\/pl\/577743\/","title":{"rendered":"Pi\u0119\u0107 goli w meczu Barcelony. Gra\u0142 Szcz\u0119sny"},"content":{"rendered":"\n<p class=\"contentpart contentpart--default contentpart--text\" data-position=\"0\"><a href=\"https:\/\/sportowefakty.wp.pl\/pilka-nozna\/hansi-flick\" rel=\"nofollow noopener\" target=\"_blank\">Hansi Flick<\/a>\u00a0w pi\u0105tek (24 lipca) da\u0142 szans\u0119 m\u0142odzie\u017cy podczas pierwszego przedsezonowego meczu z CE Europa (3. poziom rozgrywkowy) w Ciutat Esportiva Joan Gamper. <a href=\"https:\/\/sportowefakty.wp.pl\/pilka-nozna\/wojciech-szczesny\" rel=\"nofollow noopener\" target=\"_blank\">Wojciech Szcz\u0119sny<\/a>\u00a0wyszed\u0142 w wyj\u015bciowym sk\u0142adzie i rozegra\u0142 45 minut, a po przerwie zast\u0105pi\u0142 go <a href=\"https:\/\/sportowefakty.wp.pl\/pilka-nozna\/marc-andre-ter-stegen\" rel=\"nofollow noopener\" target=\"_blank\">Marc-Andre ter Stegen<\/a>.<\/p>\n<p class=\"contentpart contentpart--default contentpart--text\" data-position=\"1\">Cho\u0107 faworyci dominowali (zdobywc\u0105 pierwszej bramki by\u0142 Ibrahim Diarra, gola na 2:0 strzeli\u0142 Hector Fort), w 35. minucie rywale zdo\u0142ali zmniejszy\u0107 straty, pokonuj\u0105c &#8222;Teka&#8221; (bramka Ribeiro Guimaresa), i na tablicy wynik\u00f3w widnia\u0142o 2:1.<\/p>\n<p>  <img decoding=\"async\" src=\"https:\/\/v.wpimg.pl\/X3dwLnN2d1IFFTpdYUl6R0ZNbgcnEHQREVV2TGEGbUtRT2MdOlZ2RBQUKABgQjQcDRotCStBd1IAAWMeIlM7VgwYIAorQAdEFFk_GCkQJQ\" alt=\"\" width=\"45\" height=\"58\" loading=\"lazy\"\/>  <\/p>\n<p class=\"contentpart contentpart--default contentpart--text\" data-position=\"2\">&#8222;Ten sparing pos\u0142u\u017cy\u0142 przede wszystkim do wej\u015bcia w rytm meczowy&#8221; &#8211; podsumowali dziennikarze katalo\u0144skiego &#8222;Sportu&#8221;.<\/p>\n<p class=\"contentpart contentpart--default contentpart--text\" data-position=\"3\">ZOBACZ WIDEO: Lewandowski musia\u0142 zagra\u0107. &#8222;By\u0142o dla nas priorytetem&#8221;<\/p>\n<p class=\"contentpart contentpart--default contentpart--text\" data-position=\"5\">&#8222;Niezwykle aktywny by\u0142 Brian Farinas, kt\u00f3ry z wielk\u0105 osobowo\u015bci\u0105 kierowa\u0142 gr\u0105 zespo\u0142u w \u015brodku pola&#8221; &#8211; relacjonowali na \u017cywo hiszpa\u0144scy obserwatorzy.<\/p>\n<p class=\"contentpart contentpart--default contentpart--text\" data-position=\"6\">W drugiej po\u0142owie na boisku zameldowa\u0142 si\u0119 zupe\u0142nie nowy sk\u0142ad, w tym <a href=\"https:\/\/sportowefakty.wp.pl\/pilka-nozna\/marc-casado\" rel=\"nofollow noopener\" target=\"_blank\">Marc Casado<\/a>\u00a0oraz niemiecki bramkarz ter Stegen. Roszady nie wp\u0142yn\u0119\u0142y jednak negatywnie na jako\u015b\u0107 poczyna\u0144 mistrz\u00f3w Hiszpanii, kt\u00f3rzy szybko podwy\u017cszyli prowadzenie na 3:1 (strzelcem by\u0142 Ebrima Tunkara), a w ko\u0144c\u00f3wce meczu przypiecz\u0119towali zwyci\u0119stwo czwartym trafieniem Alexa Gonzaleza (4:1).<\/p>\n<p>  <img decoding=\"async\" src=\"https:\/\/v.wpimg.pl\/X3dwLnN2d1IFFTpdYUl6R0ZNbgcnEHQREVV2TGEGbUtRT2MdOlZ2RBQUKABgQjQcDRotCStBd1IAAWMeIlM7VgwYIAorQAdEFFk_GCkQJQ\" alt=\"\" width=\"45\" height=\"58\" loading=\"lazy\"\/>  <\/p>\n<p class=\"contentpart contentpart--default contentpart--text\" data-position=\"7\">Dobre recenzje zebra\u0142 tak\u017ce m\u0142ody pomocnik, o kt\u00f3rym w pomeczowych relacjach pisano: &#8222;Nazwiska takie jak Guille Fernandez pozostawi\u0142y po sobie bardzo dobre wra\u017cenie&#8221;.<\/p>\n<p class=\"contentpart contentpart--default contentpart--text\" data-position=\"8\">Barcelona (wyj\u015bciowy sk\u0142ad): Szcz\u0119sny &#8211; Fort, Christensen, Gerard Martin, Jofre Torrents &#8211; Guille Fernandez, Brian Farinas &#8211; Roony, Ibrahim Diarra, Shane Kluivert &#8211; Hamza Abdelkarim.<\/p>\n","protected":false},"excerpt":{"rendered":"Hansi Flick\u00a0w pi\u0105tek (24 lipca) da\u0142 szans\u0119 m\u0142odzie\u017cy podczas pierwszego przedsezonowego meczu z CE Europa (3. poziom rozgrywkowy)&hellip;\n","protected":false},"author":2,"featured_media":577744,"comment_status":"","ping_status":"","sticky":false,"template":"","format":"standard","meta":{"footnotes":"","_share_on_mastodon":"0"},"categories":[24],"tags":[1157,272,2600,267,538,51476,5761,269,42,38,40,39,41,127,126,1876],"class_list":["post-577743","post","type-post","status-publish","format-standard","has-post-thumbnail","category-sport","tag-barcelona","tag-fc-barcelona","tag-hansi-flick","tag-hiszpania","tag-la-liga","tag-marc-casado","tag-marc-andre-ter-stegen","tag-pilka-nozna","tag-pl","tag-poland","tag-polish","tag-polska","tag-polski","tag-sport","tag-sports","tag-wojciech-szczesny"],"share_on_mastodon":{"url":"https:\/\/pubeurope.com\/@pl\/116977333584101459","error":""},"_links":{"self":[{"href":"https:\/\/www.europesays.com\/pl\/wp-json\/wp\/v2\/posts\/577743","targetHints":{"allow":["GET"]}}],"collection":[{"href":"https:\/\/www.europesays.com\/pl\/wp-json\/wp\/v2\/posts"}],"about":[{"href":"https:\/\/www.europesays.com\/pl\/wp-json\/wp\/v2\/types\/post"}],"author":[{"embeddable":true,"href":"https:\/\/www.europesays.com\/pl\/wp-json\/wp\/v2\/users\/2"}],"replies":[{"embeddable":true,"href":"https:\/\/www.europesays.com\/pl\/wp-json\/wp\/v2\/comments?post=577743"}],"version-history":[{"count":0,"href":"https:\/\/www.europesays.com\/pl\/wp-json\/wp\/v2\/posts\/577743\/revisions"}],"wp:featuredmedia":[{"embeddable":true,"href":"https:\/\/www.europesays.com\/pl\/wp-json\/wp\/v2\/media\/577744"}],"wp:attachment":[{"href":"https:\/\/www.europesays.com\/pl\/wp-json\/wp\/v2\/media?parent=577743"}],"wp:term":[{"taxonomy":"category","embeddable":true,"href":"https:\/\/www.europesays.com\/pl\/wp-json\/wp\/v2\/categories?post=577743"},{"taxonomy":"post_tag","embeddable":true,"href":"https:\/\/www.europesays.com\/pl\/wp-json\/wp\/v2\/tags?post=577743"}],"curies":[{"name":"wp","href":"https:\/\/api.w.org\/{rel}","templated":true}]}}