{"id":577805,"date":"2026-07-24T23:08:13","date_gmt":"2026-07-24T23:08:13","guid":{"rendered":"https:\/\/www.europesays.com\/pl\/577805\/"},"modified":"2026-07-24T23:08:13","modified_gmt":"2026-07-24T23:08:13","slug":"domanski-prezydent-zablokowal-kolejne-4-mld-zl-dla-budzetu-polski","status":"publish","type":"post","link":"https:\/\/www.europesays.com\/pl\/577805\/","title":{"rendered":"Doma\u0144ski: Prezydent zablokowa\u0142 kolejne 4 mld z\u0142 dla bud\u017cetu Polski"},"content":{"rendered":"\n<p>&#13;<br \/>\nSzef MF oceni\u0142, \u017ce\u00a0ruch prezydenta pozbawia bud\u017cet pa\u0144stwa oko\u0142o 4\u00a0mld z\u0142, kt\u00f3re \u2013\u00a0jak przekonywa\u0142 \u2013\u00a0mia\u0142y zosta\u0107 przeznaczone na\u00a0finansowanie pakietu os\u0142onowego chroni\u0105cego kierowc\u00f3w przed wysokimi cenami paliw. &#13;\n<\/p>\n<p>&#13;<br \/>\n&#8222;Prezydent Nawrocki zablokowa\u0142 kolejne 4\u00a0mld z\u0142 dla\u00a0bud\u017cetu Polski. To\u00a0\u015brodki, kt\u00f3re mia\u0142y sfinansowa\u0107 pakiet CPN chroni\u0105cy Polak\u00f3w przed wysokimi cenami paliw&#8221; \u2013\u00a0napisa\u0142 Doma\u0144ski w\u00a0pi\u0105tek (24 lipca) na\u00a0platformie X. &#13;\n<\/p>\n<p>&#13;<br \/>\nMinister zarzuci\u0142 prezydentowi, \u017ce\u00a0zamiast poprze\u0107 rozwi\u0105zania maj\u0105ce chroni\u0107 konsument\u00f3w, opowiedzia\u0142 si\u0119 po\u00a0stronie koncern\u00f3w paliwowych osi\u0105gaj\u0105cych \u2013\u00a0jego zdaniem \u2013\u00a0wysokie zyski w\u00a0obecnej sytuacji rynkowej. &#13;\n<\/p>\n<p>&#13;<br \/>\nDoma\u0144ski odni\u00f3s\u0142 si\u0119 tak\u017ce do\u00a0<a href=\"https:\/\/dorzeczy.pl\/ekonomia\/919573\/prezydent-skierowal-do-tk-ustawe-o-podatku-od-nadzwyczajnych-zyskow-ze-sprzedazy-paliw.html\" rel=\"nofollow noopener\" target=\"_blank\">decyzji Nawrockiego<\/a> o\u00a0skierowaniu ustawy do\u00a0Trybuna\u0142u Konstytucyjnego. &#8222;Wysy\u0142aj\u0105c ustaw\u0119 do\u00a0TK, kt\u00f3rego dzia\u0142anie sam wcze\u015bniej sparali\u017cowa\u0142, kolejny raz uderzy\u0142 te\u017c w\u00a0polskie finanse publiczne&#8221; \u2013\u00a0oceni\u0142. &#13;\n<\/p>\n<p>Wysokie ceny paliw i\u00a0nowy podatek. Prezydent skierowa\u0142 ustaw\u0119 do\u00a0Trybuna\u0142u <\/p>\n<p>&#13;<br \/>\nWcze\u015bniej Kancelaria Prezydenta poinformowa\u0142a, \u017ce\u00a0Karol Nawrocki skierowa\u0142 ustaw\u0119 o\u00a0podatku od\u00a0nadzwyczajnych zysk\u00f3w osi\u0105gni\u0119tych w\u00a0okresie od\u00a0marca do\u00a0grudnia 2026\u00a0r. ze\u00a0zbycia paliw ciek\u0142ych do\u00a0Trybuna\u0142u Konstytucyjnego w\u00a0trybie kontroli prewencyjnej. Do\u00a0czasu rozstrzygni\u0119cia przez TK ustawa nie\u00a0wejdzie w\u00a0\u017cycie. &#13;\n<\/p>\n<p>&#13;<br \/>\n\u2013 Nowy podatek nie\u00a0obni\u017ca cen paliwa. Ma\u00a0przede wszystkim dostarczy\u0107 pieni\u0119dzy do\u00a0bud\u017cetu. Nie\u00a0mog\u0119 zaakceptowa\u0107 sytuacji, w\u00a0kt\u00f3rej pr\u00f3b\u0119 \u0142atania finans\u00f3w pa\u0144stwa przedstawia si\u0119 obywatelom jako ochron\u0119 ich interes\u00f3w, podczas gdy skutkiem b\u0119dzie kolejna fala podwy\u017cek \u2013\u00a0powiedzia\u0142 prezydent w\u00a0nagraniu opublikowanym w\u00a0pi\u0105tek (24 lipca) w\u00a0serwisie X. &#13;\n<\/p>\n<p>&#13;<br \/>\nPodkre\u015bli\u0142, \u017ce\u00a0celem skierowania ustawy do\u00a0Trybuna\u0142u Konstytucyjnego nie\u00a0jest jej zawetowanie, lecz uzyskanie rozstrzygni\u0119cia w\u00a0kwestii zgodno\u015bci przepis\u00f3w z\u00a0konstytucyjn\u0105 zasad\u0105 niedzia\u0142ania prawa wstecz. Jego zdaniem TK powinien zdecydowa\u0107, czy\u00a0&#8222;pa\u0144stwo mo\u017ce ustanawia\u0107 tak niebezpieczny precedens&#8221;. \u2013\u00a0To\u00a0b\u0119dzie wa\u017cna wytyczna na\u00a0przysz\u0142o\u015b\u0107 \u2013\u00a0o\u015bwiadczy\u0142. &#13;\n<\/p>\n<p>&#13;<br \/>\n   Czytaj te\u017c:<br \/><a href=\"https:\/\/dorzeczy.pl\/ekonomia\/919543\/ogromny-wzrost-dlugu-polski-zadluzenie-skarbu-panstwa-przekracza-21-bln-zl.html\" rel=\"follow nofollow noopener\" data-schema=\"DORZECZY\" data-image=\"https:\/\/img.dorzeczy.pl\/_thumb\/fb\/2c\/0b3a49c8939d24bae24bfe8e643a.jpeg\" target=\"_blank\">Rekordowy d\u0142ug Polski. Zad\u0142u\u017cenie Skarbu Pa\u0144stwa przekracza 2,1 bln z\u0142<\/a>&#13;<\/p>\n","protected":false},"excerpt":{"rendered":"&#13; Szef MF oceni\u0142, \u017ce\u00a0ruch prezydenta pozbawia bud\u017cet pa\u0144stwa oko\u0142o 4\u00a0mld z\u0142, kt\u00f3re \u2013\u00a0jak przekonywa\u0142 \u2013\u00a0mia\u0142y zosta\u0107 przeznaczone&hellip;\n","protected":false},"author":2,"featured_media":577806,"comment_status":"","ping_status":"","sticky":false,"template":"","format":"standard","meta":{"footnotes":"","_share_on_mastodon":"0"},"categories":[62712],"tags":[9039,1347,389,98,690,49,1315,102,1005,113907],"class_list":["post-577805","post","type-post","status-publish","format-standard","has-post-thumbnail","category-karol-nawrocki","tag-ceny-paliw","tag-damian-cygan","tag-domanski","tag-dorzeczy","tag-karol-nawrocki","tag-kraj","tag-nawrocki","tag-opinie","tag-prezydent","tag-ustawa-o-podatku-od-nadzwyczajnych-zyskow"],"share_on_mastodon":{"url":"https:\/\/pubeurope.com\/@pl\/116977474407088708","error":""},"_links":{"self":[{"href":"https:\/\/www.europesays.com\/pl\/wp-json\/wp\/v2\/posts\/577805","targetHints":{"allow":["GET"]}}],"collection":[{"href":"https:\/\/www.europesays.com\/pl\/wp-json\/wp\/v2\/posts"}],"about":[{"href":"https:\/\/www.europesays.com\/pl\/wp-json\/wp\/v2\/types\/post"}],"author":[{"embeddable":true,"href":"https:\/\/www.europesays.com\/pl\/wp-json\/wp\/v2\/users\/2"}],"replies":[{"embeddable":true,"href":"https:\/\/www.europesays.com\/pl\/wp-json\/wp\/v2\/comments?post=577805"}],"version-history":[{"count":0,"href":"https:\/\/www.europesays.com\/pl\/wp-json\/wp\/v2\/posts\/577805\/revisions"}],"wp:featuredmedia":[{"embeddable":true,"href":"https:\/\/www.europesays.com\/pl\/wp-json\/wp\/v2\/media\/577806"}],"wp:attachment":[{"href":"https:\/\/www.europesays.com\/pl\/wp-json\/wp\/v2\/media?parent=577805"}],"wp:term":[{"taxonomy":"category","embeddable":true,"href":"https:\/\/www.europesays.com\/pl\/wp-json\/wp\/v2\/categories?post=577805"},{"taxonomy":"post_tag","embeddable":true,"href":"https:\/\/www.europesays.com\/pl\/wp-json\/wp\/v2\/tags?post=577805"}],"curies":[{"name":"wp","href":"https:\/\/api.w.org\/{rel}","templated":true}]}}