{"id":578003,"date":"2026-07-25T01:37:12","date_gmt":"2026-07-25T01:37:12","guid":{"rendered":"https:\/\/www.europesays.com\/pl\/578003\/"},"modified":"2026-07-25T01:37:12","modified_gmt":"2026-07-25T01:37:12","slug":"fagata-ma-ogromny-problem-wyszlo-na-jaw-ze-stuu-i-masza","status":"publish","type":"post","link":"https:\/\/www.europesays.com\/pl\/578003\/","title":{"rendered":"Fagata ma ogromny problem. Wysz\u0142o na jaw ze Stuu i Masz\u0105"},"content":{"rendered":"<p>Polska influencerka Fagata ma bardzo du\u017cy problem. Wbrew temu, co twierdzi\u0142a w swoich publicznych komunikatach, by\u0142a w stanie wskaza\u0107 dziewczyn\u0119, kt\u00f3ra dzisiaj obj\u0119ta jest \u015bledztwem w sprawie Stuu. Do tego wysz\u0142y jej wiadomo\u015bci zwi\u0105zane z Masz\u0105.<\/p>\n<p>Jak ujawni\u0142 Konopskyy w swoim najnowszym materiale wideo, w jego r\u0119ce wpad\u0142y wstrz\u0105saj\u0105ce zapisy rozm\u00f3w Fagaty z inn\u0105 influencerk\u0105. Z konwersacji prowadzonych w styczniu 2021 roku wynika jednoznacznie, \u017ce youtuberka wiedzia\u0142a o czynach swojego by\u0142ego partnera, Stuarta B.<\/p>\n<p>W ujawnionych wiadomo\u015bciach Fagata mia\u0142a udost\u0119pni\u0107 profil konkretnej ofiary, wskazuj\u0105c wprost, \u017ce Stuu wed\u0142ug jej wiedzy na tamten moment wsp\u00f3\u0142\u017cy\u0142 z ni\u0105, gdy ta by\u0142a nieletnia.<\/p>\n<p>To ca\u0142kowicie przeczy dotychczasowej narracji samej zainteresowanej. Fagata publicznie i wielokrotnie zarzeka\u0142a si\u0119, \u017ce dociera\u0142y do niej jedynie niepotwierdzone plotki, a to\u017csamo\u015b\u0107 rzekomych ofiar by\u0142a jej ca\u0142kowicie nieznana.<\/p>\n<p>Co najbardziej zaskakuj\u0105ce, zaledwie kilka miesi\u0119cy po wysy\u0142aniu wspomnianych wiadomo\u015bci, influencerka\u2026 wr\u00f3ci\u0142a do Stuu, deklaruj\u0105c mu w sieci mi\u0142o\u015b\u0107 i ch\u0119\u0107 za\u0142o\u017cenia rodziny.<\/p>\n<p>W obliczu tak mocnych dowod\u00f3w Konopskyy zdecydowa\u0142 si\u0119 na naprawd\u0119 mocny krok. Youtuber z\u0142o\u017cy\u0142 oficjalne zawiadomienie do prokuratury z wnioskiem o weryfikacj\u0119, czy influencerka nie z\u0142o\u017cy\u0142a w \u015bledztwie dotycz\u0105cym Pandora Gate fa\u0142szywych zezna\u0144 pod przysi\u0119g\u0105.<\/p>\n<p><img decoding=\"async\" loading=\"lazy\" class=\"vimg-tumb\" alt=\"Video\"  \/><img decoding=\"async\" loading=\"lazy\" class=\"bimg-tumb\" alt=\"Video\"  \/><\/p>\n<p>To jednak wcale nie koniec kontrowersji wok\u00f3\u0142 Fagaty. W materiale Konopskiego powr\u00f3ci\u0142 r\u00f3wnie\u017c niezwykle bolesny w\u0105tek zmar\u0142ej Maszy, czyli dawnej przyjaci\u00f3\u0142ki Fagaty. Z udost\u0119pnionych relacji wynika, \u017ce podczas wsp\u00f3lnego wyjazdu do Chorwacji Masza mia\u0142a pa\u015b\u0107 ofiar\u0105 napa\u015bci ze strony znajomego, gdy znajdowa\u0142a si\u0119 w stanie silnego upojenia alkoholowego.<\/p>\n<p>Fagata przyzna\u0142a w jednej z ujawnionych rozm\u00f3w, \u017ce zza \u015bciany s\u0142ysza\u0142a protesty przyjaci\u00f3\u0142ki, ale ze strachu nie zareagowa\u0142a.<\/p>\n<p><a href=\"https:\/\/boop.pl\/img\/#https:\/\/img.boop.pl\/uploads\/2026\/07\/540824877447-fagata-ma-ogromny-problem-wyszlo-na.jpg?class=full\" data-no-instant=\"\" rel=\"noopener nofollow\" aria-label=\"Obrazek 451x648\" target=\"_blank\"><img decoding=\"async\" loading=\"lazy\" class=\"aligncenter size-full img-437270\" src=\"https:\/\/www.europesays.com\/pl\/wp-content\/uploads\/2026\/07\/540824877447-fagata-ma-ogromny-problem-wyszlo-na.jpg\"   width=\"451\" height=\"648\" alt=\"\"\/><\/a><\/p>\n<p><a href=\"https:\/\/boop.pl\/img\/#https:\/\/img.boop.pl\/uploads\/2026\/07\/260824258075-fagata-ma-ogromny-problem-wyszlo-na.jpg?class=full\" data-no-instant=\"\" rel=\"noopener nofollow\" aria-label=\"Obrazek 827x614\" target=\"_blank\"><img decoding=\"async\" loading=\"lazy\" class=\"aligncenter size-full img-437271\" src=\"https:\/\/www.europesays.com\/pl\/wp-content\/uploads\/2026\/07\/260824258075-fagata-ma-ogromny-problem-wyszlo-na.jpg\"   width=\"827\" height=\"614\" alt=\"\"\/><\/a><\/p>\n<p><a href=\"https:\/\/boop.pl\/img\/#https:\/\/img.boop.pl\/uploads\/2026\/07\/340824297190-fagata-ma-ogromny-problem-wyszlo-na.jpg?class=full\" data-no-instant=\"\" rel=\"noopener nofollow\" aria-label=\"Obrazek 434x652\" target=\"_blank\"><img decoding=\"async\" loading=\"lazy\" class=\"aligncenter size-full img-437273\" src=\"https:\/\/www.europesays.com\/pl\/wp-content\/uploads\/2026\/07\/340824297190-fagata-ma-ogromny-problem-wyszlo-na.jpg\"   width=\"434\" height=\"652\" alt=\"\"\/><\/a><\/p>\n<p>Jest te\u017c wycinek rozmowy mi\u0119dzy Masz\u0105, a Fagat\u0105.<\/p>\n<p><a href=\"https:\/\/boop.pl\/img\/#https:\/\/img.boop.pl\/uploads\/2026\/07\/450824486645-fagata-ma-ogromny-problem-wyszlo-na.jpg?class=full\" data-no-instant=\"\" rel=\"noopener nofollow\" aria-label=\"Obrazek 392x599\" target=\"_blank\"><img decoding=\"async\" loading=\"lazy\" class=\"aligncenter size-full img-437274\" src=\"https:\/\/www.europesays.com\/pl\/wp-content\/uploads\/2026\/07\/450824486645-fagata-ma-ogromny-problem-wyszlo-na.jpg\"   width=\"392\" height=\"599\" alt=\"\"\/><\/a><\/p>\n<p>Wygl\u0105da to wszystko naprawd\u0119 \u017ale. Fagata ma teraz sporo do wyt\u0142umaczenia si\u0119.<\/p>\n","protected":false},"excerpt":{"rendered":"Polska influencerka Fagata ma bardzo du\u017cy problem. Wbrew temu, co twierdzi\u0142a w swoich publicznych komunikatach, by\u0142a w stanie&hellip;\n","protected":false},"author":2,"featured_media":578004,"comment_status":"","ping_status":"","sticky":false,"template":"","format":"standard","meta":{"footnotes":"","_share_on_mastodon":"0"},"categories":[22],"tags":[3103,122,42,38,40,39,41,123,3484],"class_list":["post-578003","post","type-post","status-publish","format-standard","has-post-thumbnail","category-rozrywka","tag-dla-ciebie","tag-entertainment","tag-pl","tag-poland","tag-polish","tag-polska","tag-polski","tag-rozrywka","tag-youtube"],"share_on_mastodon":{"url":"","error":""},"_links":{"self":[{"href":"https:\/\/www.europesays.com\/pl\/wp-json\/wp\/v2\/posts\/578003","targetHints":{"allow":["GET"]}}],"collection":[{"href":"https:\/\/www.europesays.com\/pl\/wp-json\/wp\/v2\/posts"}],"about":[{"href":"https:\/\/www.europesays.com\/pl\/wp-json\/wp\/v2\/types\/post"}],"author":[{"embeddable":true,"href":"https:\/\/www.europesays.com\/pl\/wp-json\/wp\/v2\/users\/2"}],"replies":[{"embeddable":true,"href":"https:\/\/www.europesays.com\/pl\/wp-json\/wp\/v2\/comments?post=578003"}],"version-history":[{"count":0,"href":"https:\/\/www.europesays.com\/pl\/wp-json\/wp\/v2\/posts\/578003\/revisions"}],"wp:featuredmedia":[{"embeddable":true,"href":"https:\/\/www.europesays.com\/pl\/wp-json\/wp\/v2\/media\/578004"}],"wp:attachment":[{"href":"https:\/\/www.europesays.com\/pl\/wp-json\/wp\/v2\/media?parent=578003"}],"wp:term":[{"taxonomy":"category","embeddable":true,"href":"https:\/\/www.europesays.com\/pl\/wp-json\/wp\/v2\/categories?post=578003"},{"taxonomy":"post_tag","embeddable":true,"href":"https:\/\/www.europesays.com\/pl\/wp-json\/wp\/v2\/tags?post=578003"}],"curies":[{"name":"wp","href":"https:\/\/api.w.org\/{rel}","templated":true}]}}