{"id":57815,"date":"2025-10-19T21:28:10","date_gmt":"2025-10-19T21:28:10","guid":{"rendered":"https:\/\/www.europesays.com\/pl\/57815\/"},"modified":"2025-10-19T21:28:10","modified_gmt":"2025-10-19T21:28:10","slug":"iwona-pavlovic-zachwycona-cha-cha-kaczorowskiej-i-rogacewicza-subtelna-wysmakowana","status":"publish","type":"post","link":"https:\/\/www.europesays.com\/pl\/57815\/","title":{"rendered":"Iwona Pavlovi\u0107 zachwycona cha-ch\u0105 Kaczorowskiej i Rogacewicza. &#8222;Subtelna, wysmakowana&#8221;"},"content":{"rendered":"<p class=\"ods-c-paragraph \"><a href=\"https:\/\/plejada.pl\/taniec-z-gwiazdami-program-tv\" id=\"a998a590-3593-4069-83f2-e63aec560565\" rel=\"nofollow noopener\" target=\"_blank\">&#8222;Taniec z gwiazdami&#8221;<\/a> wzbudza spore emocje w\u015br\u00f3d widz\u00f3w. W najnowszym odcinku <a href=\"https:\/\/plejada.pl\/agnieszka-kaczorowska\" id=\"101fdfa0-2b18-429a-a290-150b78e78d8d\" rel=\"nofollow noopener\" target=\"_blank\">Agnieszka Kaczorowska<\/a> i Marcin Rogacewicz zata\u0144czyli cha-ch\u0119. Para odtworzy\u0142a choreografi\u0119, kt\u00f3r\u0105 kilka lat temu zata\u0144czyli Julia Wieniawa i Stefano Terrazzino.<\/p>\n<p>Dalszy ci\u0105g artyku\u0142u pod materia\u0142em wideo<\/p>\n<p> Jakie ta\u0144ce wyst\u0105pili Agnieszka Kaczorowska i Marcin Rogacewicz? <\/p>\n<p> Kto by\u0142 zachwycony ta\u0144cem Kaczorowskiej i Rogacewicza? <\/p>\n<p> Jakie s\u0142owa pad\u0142y na temat ta\u0144ca Kaczorowskiej i Rogacewicza? <\/p>\n<p> Ile punkt\u00f3w zdoby\u0142a para za sw\u00f3j wyst\u0119p? <\/p>\n<p>  Iwona Pavlovi\u0107 zachwycona ta\u0144cem Agnieszki Kaczorowskiej i Marcina Rogacewicza. Co za s\u0142owa<\/p>\n<p class=\"ods-c-paragraph \">Po wyst\u0119pie Agnieszki Kaczorowskiej i <a href=\"https:\/\/plejada.pl\/marcin-rogacewicz\" id=\"d4606e6e-db10-4b21-ad60-35871da2db1a\" rel=\"nofollow noopener\" target=\"_blank\">Marcina Rogacewicza<\/a> <a href=\"https:\/\/plejada.pl\/iwona-pavlovic\" id=\"0e3ea236-d4e3-4d32-b353-b1f8bbcf528b\" rel=\"nofollow noopener\" target=\"_blank\">Iwona Pavlovi\u0107<\/a> nie mog\u0142a wyj\u015b\u0107 z zachwytu. <\/p>\n<blockquote class=\"ods-o-quota\">\n<p class=\"ods-o-quota__paragraph\">Dawno nie widzia\u0142am tak dobrej cha-chy, kt\u00f3ra nie wynika\u0142a z n\u00f3\u017cek i r\u0105czek, tylko wynika\u0142a z pracy twojego podbrzusza. By\u0142a subtelna, wysmakowana, delikatna. Taka jak ta cha-cha powinna by\u0107<\/p>\n<\/blockquote>\n<p class=\"ods-c-paragraph \">\u2014 powiedzia\u0142a.<\/p>\n<p class=\"ods-c-paragraph \">To, co chcieli\u015bcie uzyska\u0107, uzyskali\u015bcie. Ca\u0142kowicie weszli\u015bcie w ten klimat \u2013 doda\u0142 Rafa\u0142 Maserak.<\/p>\n<p class=\"ods-c-paragraph \">Para zdoby\u0142a maksymaln\u0105 liczb\u0119 punkt\u00f3w \u2013 40.<\/p>\n<p><img decoding=\"async\" src=\"https:\/\/www.europesays.com\/pl\/wp-content\/uploads\/2025\/10\/sT6k9lBaHR0cHM6Ly9vY2RuLmV1L3B1bHNjbXMvTURBXy84MjkxYWYyYjZlYTQzMzk5ZWE1MmZiMWYzNjY4ZjBlNy5qcGeRlQLNA.jpeg\" height=\"529\" width=\"940\" alt=\"Iwona Pavlovi\u0107\" loading=\"lazy\" class=\"ods-c-image__img ods-c-image__img--vertical\"\/><\/p>\n<p>Iwona Pavlovi\u0107MW Media<\/p>\n<p> <img decoding=\"async\" src=\"https:\/\/www.europesays.com\/pl\/wp-content\/uploads\/2025\/10\/3gfk9lBaHR0cHM6Ly9vY2RuLmV1L3B1bHNjbXMvTURBXy9hNGQ5YmI3YjQ3YmY1YWFiOGZhMzExMjZlZTljNDhjMy5qcGeRlQLNB.jpeg\" height=\"627\" width=\"940\" alt=\"Agnieszka Kaczorowska, Marcin Rogacewicz\" loading=\"lazy\" class=\"ods-c-image__img ods-c-image__img--viewport-width\"\/><\/p>\n<p>Agnieszka Kaczorowska, Marcin RogacewiczMW Media<\/p>\n<p class=\"ods-c-paragraph \">Dzi\u0119kujemy, \u017ce przeczyta\u0142a\u015b\/e\u015b nasz artyku\u0142 do ko\u0144ca. W serwisie Plejada.pl ka\u017cdego dnia piszemy o najwa\u017cniejszych wydarzeniach show-biznesowych. B\u0105d\u017a na bie\u017c\u0105co! <a rel=\"nofollow noopener\" href=\"https:\/\/news.google.com\/publications\/CAAiEF0PeAlb7W1llpV_mwV2rL4qFAgKIhBdD3gJW-1tZZaVf5sFdqy-?hl=pl&amp;gl=PL&amp;ceid=PL%3Apl\" id=\"7e795bdf-4675-43f4-be47-2a72eac178a2\" target=\"_blank\">Obserwuj<\/a> Plejad\u0119 w Wiadomo\u015bciach Google. Odwied\u017a nas tak\u017ce na <a rel=\"nofollow noopener\" href=\"https:\/\/www.facebook.com\/plejadapl\" id=\"02634293-d264-4523-8f09-203f1c361f9e\" target=\"_blank\">Facebooku<\/a>, <a rel=\"nofollow noopener\" href=\"https:\/\/www.instagram.com\/plejadapl\/\" id=\"7fd3371c-0793-4238-aa01-52a36c98bc43\" target=\"_blank\">Instagramie<\/a>, <a rel=\"nofollow noopener\" href=\"https:\/\/www.youtube.com\/c\/plejada\" id=\"25cb8745-2c29-48bb-9fff-a673a2903e9a\" target=\"_blank\">YouTube<\/a> oraz <a rel=\"nofollow noopener\" href=\"https:\/\/www.tiktok.com\/@plejada_pl\" id=\"4fa13af1-a4d7-4881-be8d-782770cdbdb6\" target=\"_blank\">TikToku<\/a>.<\/p>\n<p class=\"ods-c-paragraph \">Chcesz podzieli\u0107 si\u0119 ciekawym newsem lub zaproponowa\u0107 temat? Skontaktuj si\u0119 z nami, pisz\u0105c e-maila na adres: <a rel=\"nofollow noopener\" href=\"https:\/\/plejada.pl\/newsy\/iwona-pavlovic-zachwycona-cha-cha-kaczorowskiej-i-rogacewicza-subtelna-wysmakowana\/mailto:plejada@redakcjaonet.pl\" id=\"13f8c0a1-b5c5-4c08-81b1-c2cf2a4d91f0\" target=\"_blank\">plejada@redakcjaonet.pl<\/a>.<\/p>\n<p><script async src=\"\/\/www.instagram.com\/embed.js\"><\/script><script async src=\"\/\/www.tiktok.com\/embed.js\"><\/script><\/p>\n","protected":false},"excerpt":{"rendered":"&#8222;Taniec z gwiazdami&#8221; wzbudza spore emocje w\u015br\u00f3d widz\u00f3w. W najnowszym odcinku Agnieszka Kaczorowska i Marcin Rogacewicz zata\u0144czyli cha-ch\u0119.&hellip;\n","protected":false},"author":2,"featured_media":57816,"comment_status":"","ping_status":"","sticky":false,"template":"","format":"standard","meta":{"footnotes":""},"categories":[22],"tags":[172,122,3997,3462,48,125,46,42,38,40,39,41,123,47,1884],"class_list":{"0":"post-57815","1":"post","2":"type-post","3":"status-publish","4":"format-standard","5":"has-post-thumbnail","7":"category-rozrywka","8":"tag-agnieszka_kaczorowska","9":"tag-entertainment","10":"tag-iwona_pavlovic","11":"tag-marcin_rogacewicz","12":"tag-nat_styl","13":"tag-newsy","14":"tag-omp","15":"tag-pl","16":"tag-poland","17":"tag-polish","18":"tag-polska","19":"tag-polski","20":"tag-rozrywka","21":"tag-screening_general","22":"tag-taniec_z_gwiazdami"},"share_on_mastodon":{"url":"","error":""},"_links":{"self":[{"href":"https:\/\/www.europesays.com\/pl\/wp-json\/wp\/v2\/posts\/57815","targetHints":{"allow":["GET"]}}],"collection":[{"href":"https:\/\/www.europesays.com\/pl\/wp-json\/wp\/v2\/posts"}],"about":[{"href":"https:\/\/www.europesays.com\/pl\/wp-json\/wp\/v2\/types\/post"}],"author":[{"embeddable":true,"href":"https:\/\/www.europesays.com\/pl\/wp-json\/wp\/v2\/users\/2"}],"replies":[{"embeddable":true,"href":"https:\/\/www.europesays.com\/pl\/wp-json\/wp\/v2\/comments?post=57815"}],"version-history":[{"count":0,"href":"https:\/\/www.europesays.com\/pl\/wp-json\/wp\/v2\/posts\/57815\/revisions"}],"wp:featuredmedia":[{"embeddable":true,"href":"https:\/\/www.europesays.com\/pl\/wp-json\/wp\/v2\/media\/57816"}],"wp:attachment":[{"href":"https:\/\/www.europesays.com\/pl\/wp-json\/wp\/v2\/media?parent=57815"}],"wp:term":[{"taxonomy":"category","embeddable":true,"href":"https:\/\/www.europesays.com\/pl\/wp-json\/wp\/v2\/categories?post=57815"},{"taxonomy":"post_tag","embeddable":true,"href":"https:\/\/www.europesays.com\/pl\/wp-json\/wp\/v2\/tags?post=57815"}],"curies":[{"name":"wp","href":"https:\/\/api.w.org\/{rel}","templated":true}]}}