{"id":578174,"date":"2026-07-25T04:04:30","date_gmt":"2026-07-25T04:04:30","guid":{"rendered":"https:\/\/www.europesays.com\/pl\/578174\/"},"modified":"2026-07-25T04:04:30","modified_gmt":"2026-07-25T04:04:30","slug":"18-latka-zatrzymana-po-zranieniu-8-letniej-dziewczynki-w-zamosciu-byla-nietrzezwa","status":"publish","type":"post","link":"https:\/\/www.europesays.com\/pl\/578174\/","title":{"rendered":"18-latka zatrzymana po zranieniu 8-letniej dziewczynki w Zamo\u015bciu. By\u0142a nietrze\u017awa"},"content":{"rendered":"<p>Do zdarzenia dosz\u0142o w czwartek, 23 lipca, w godzinach popo\u0142udniowych na jednym z osiedli mieszkaniowych w Zamo\u015bciu. Jak wynika ze wst\u0119pnych ustale\u0144 funkcjonariuszy, 18-latka sz\u0142a przez osiedle, trzymaj\u0105c ostry przedmiot.<\/p>\n<p>W pewnym momencie mia\u0142a zrani\u0107 przypadkowo napotkan\u0105 na chodniku 8-letni\u0105 dziewczynk\u0119. Na miejsce wezwano s\u0142u\u017cby ratunkowe, a dziecko zosta\u0142o przewiezione karetk\u0105 do szpitala.<\/p>\n<p>Dziewczynka trafi\u0142a do szpitala<\/p>\n<p>Po przeprowadzeniu bada\u0144 okaza\u0142o si\u0119, \u017ce obra\u017cenia dziecka nie s\u0105 powa\u017cne.<\/p>\n<p>\u2013 Na szcz\u0119\u015bcie po badaniach okaza\u0142o si\u0119, \u017ce dziewczynka ma jedynie powierzchown\u0105 ran\u0119 \u2013 nic powa\u017cnego si\u0119 nie sta\u0142o \u2013 poinformowa\u0142a podkomisarz Dorota Krukowska-Bubi\u0142o z Komendy Miejskiej Policji w Zamo\u015bciu.<\/p>\n<p>Funkcjonariusze ustalili r\u00f3wnie\u017c, \u017ce wcze\u015bniej ta sama kobieta mia\u0142a w podobny spos\u00f3b pr\u00f3bowa\u0107 zrani\u0107 15-latk\u0119. Nastolatka zareagowa\u0142a zdecydowanie, dzi\u0119ki czemu nie odnios\u0142a obra\u017ce\u0144.<\/p>\n<p>Ponad dwa promile alkoholu<\/p>\n<p>18-letnia mieszkanka Zamo\u015bcia zosta\u0142a zatrzymana i przewieziona do policyjnego pomieszczenia dla os\u00f3b zatrzymanych. Jak przekazali funkcjonariusze, w chwili zdarzenia by\u0142a nietrze\u017awa. Badanie wykaza\u0142o w jej organizmie ponad dwa promile alkoholu.<\/p>\n<p>Policjanci przeprowadzili ogl\u0119dziny miejsca, przes\u0142uchali \u015bwiadk\u00f3w oraz zabezpieczyli \u015blady i nagrania z kamer monitoringu.<\/p>\n<p>\u2013 Gromadzimy materia\u0142 dowodowy, kt\u00f3ry pozwoli dok\u0142adnie wyja\u015bni\u0107 okoliczno\u015bci zdarzenia \u2013 przekaza\u0142a podkomisarz Dorota Krukowska-Bubi\u0142o.<\/p>\n<p>Post\u0119powanie ma wyja\u015bni\u0107 dok\u0142adny przebieg wydarze\u0144 oraz umo\u017cliwi\u0107 ich ocen\u0119 prawn\u0105.<\/p>\n<p>\u0179r\u00f3d\u0142o: Policja Zamo\u015b\u0107 <\/p>\n","protected":false},"excerpt":{"rendered":"Do zdarzenia dosz\u0142o w czwartek, 23 lipca, w godzinach popo\u0142udniowych na jednym z osiedli mieszkaniowych w Zamo\u015bciu. Jak&hellip;\n","protected":false},"author":2,"featured_media":578175,"comment_status":"","ping_status":"","sticky":false,"template":"","format":"standard","meta":{"footnotes":"","_share_on_mastodon":"0"},"categories":[51612],"tags":[114022,114023,1081,114024,42,38,112784,40,39,41,113449,7752,114025,114026],"class_list":["post-578174","post","type-post","status-publish","format-standard","has-post-thumbnail","category-lublin","tag-8-letnia-dziewczynka","tag-atak-ostrym-przedmiotem","tag-lublin","tag-nietrzezwa-kobieta","tag-pl","tag-poland","tag-policja-zamosc","tag-polish","tag-polska","tag-polski","tag-ponad-dwa-promile","tag-zamosc","tag-zatrzymanie-18-latki","tag-zraniona-dziewczynka"],"share_on_mastodon":{"url":"https:\/\/pubeurope.com\/@pl\/116978638382874938","error":""},"_links":{"self":[{"href":"https:\/\/www.europesays.com\/pl\/wp-json\/wp\/v2\/posts\/578174","targetHints":{"allow":["GET"]}}],"collection":[{"href":"https:\/\/www.europesays.com\/pl\/wp-json\/wp\/v2\/posts"}],"about":[{"href":"https:\/\/www.europesays.com\/pl\/wp-json\/wp\/v2\/types\/post"}],"author":[{"embeddable":true,"href":"https:\/\/www.europesays.com\/pl\/wp-json\/wp\/v2\/users\/2"}],"replies":[{"embeddable":true,"href":"https:\/\/www.europesays.com\/pl\/wp-json\/wp\/v2\/comments?post=578174"}],"version-history":[{"count":0,"href":"https:\/\/www.europesays.com\/pl\/wp-json\/wp\/v2\/posts\/578174\/revisions"}],"wp:featuredmedia":[{"embeddable":true,"href":"https:\/\/www.europesays.com\/pl\/wp-json\/wp\/v2\/media\/578175"}],"wp:attachment":[{"href":"https:\/\/www.europesays.com\/pl\/wp-json\/wp\/v2\/media?parent=578174"}],"wp:term":[{"taxonomy":"category","embeddable":true,"href":"https:\/\/www.europesays.com\/pl\/wp-json\/wp\/v2\/categories?post=578174"},{"taxonomy":"post_tag","embeddable":true,"href":"https:\/\/www.europesays.com\/pl\/wp-json\/wp\/v2\/tags?post=578174"}],"curies":[{"name":"wp","href":"https:\/\/api.w.org\/{rel}","templated":true}]}}