{"id":578480,"date":"2026-07-25T07:48:11","date_gmt":"2026-07-25T07:48:11","guid":{"rendered":"https:\/\/www.europesays.com\/pl\/578480\/"},"modified":"2026-07-25T07:48:11","modified_gmt":"2026-07-25T07:48:11","slug":"w-widzewie-wreszcie-zrozumieli-w-czym-tkwil-problem-klubu","status":"publish","type":"post","link":"https:\/\/www.europesays.com\/pl\/578480\/","title":{"rendered":"W Widzewie wreszcie zrozumieli, w czym tkwi\u0142 problem klubu"},"content":{"rendered":"<p>\u2014 By\u0142 to stresuj\u0105cy sezon wielu zmian. Mam nadziej\u0119, \u017ce nowy b\u0119dzie du\u017co spokojniejszy \u2014 powiedzia\u0142 do kibic\u00f3w Widzewa prezes i wi\u0119kszo\u015bciowy udzia\u0142owiec klubu Robert Dobrzycki w trakcie prezentacji dru\u017cyny. 50-latek trafi\u0142 w sedno problem\u00f3w RTS w poprzednich rozgrywkach i je\u015bli przy Pi\u0142sudskiego naprawd\u0119 zrozumiano, dlaczego zesp\u00f3\u0142 do ostatniej kolejki walczy\u0142 o pozostanie w Ekstraklasie, kolejny sezon faktycznie powinien by\u0107 lepszy. A to, co dzia\u0142o si\u0119 w \u0141odzi w minionych tygodniach, daje fanom nadziej\u0119, \u017ce za s\u0142owami ju\u017c pod\u0105\u017caj\u0105 czyny.<\/p>\n<p>Za du\u017co zmian \u2014 w minionych tygodniach publicznie mniej lub bardziej bezpo\u015brednio do tego sprowadzali g\u0142\u00f3wne \u017ar\u00f3d\u0142o k\u0142opot\u00f3w Widzewa cho\u0107by Bart\u0142omiej Dr\u0105gowski czy Mariusz Fornalczyk. I wcale nie nale\u017cy traktowa\u0107 tego jako szukania usprawiedliwienia, bo istotnie w \u0141odzi w poprzednim sezonie jedyn\u0105 sta\u0142\u0105 by\u0142y nieustanne zmiany. <\/p>\n<p>      Dalszy ci\u0105g artyku\u0142u pod materia\u0142em wideo <\/p>\n<p>Czterech trener\u00f3w, dwudziestu dw\u00f3ch nowych zawodnik\u00f3w, przeci\u0119tnie najkr\u00f3tszy sta\u017c pi\u0142karza w dru\u017cynie w ca\u0142ej Ekstraklasie \u2014 poni\u017cej trzynastu miesi\u0119cy (za CIES, \u015brednia ligowa to 17,4). A do tego roszady w pionie sportowym, za kt\u00f3ry w r\u00f3\u017cnym stopniu i w r\u00f3\u017cnym czasie odpowiadali Mindaugas Nikoli\u010dius, Piotr Burlikowski oraz Dariusz Adamczuk (rozk\u0142ad kompetencji u dw\u00f3ch ostatnich r\u00f3wnie\u017c zmienia\u0142 si\u0119 na przestrzeni ich kadencji przy Pi\u0142sudskiego). R\u00f3\u017cni ludzie to r\u00f3\u017cne koncepcje, z kt\u00f3rych w zasadzie ka\u017cda musia\u0142a potwierdza\u0107 swoj\u0105 s\u0142uszno\u015b\u0107 w biegu, jako \u017ce wy\u015bcig o ligowe punkty ca\u0142y czas trwa\u0142 i nikt nie zamierza\u0142 zwalnia\u0107 ze wzgl\u0119du na RTS.<\/p>\n<p>     \u2014 Ci\u0119\u017cko oczekiwa\u0107, \u017ce zesp\u00f3\u0142 b\u0119dzie funkcjonowa\u0142 \u015bwietnie w obliczu ci\u0105g\u0142ych roszad. Budowanie dru\u017cyny wymaga czasu i konsekwentnej pracy. Team spirit nie pojawia si\u0119 z dnia na dzie\u0144 \u2014 <a href=\"https:\/\/przegladsportowy.onet.pl\/pilka-nozna\/ekstraklasa\/bartlomiej-dragowski-vukovic-podniosl-nas-z-kolan-wywiad\/6mhrtvy\" id=\"1dca0edd-bbe9-4927-ba18-ce87a90d1543\" rel=\"nofollow noopener\" target=\"_blank\">przyzna\u0142 w niedawnej rozmowie z &#8222;PS&#8221; Dr\u0105gowski<\/a>, nowy pierwszy zast\u0119pca nowego kapitana \u0141odzian Juljana Shehu. 28-letni reprezentant Polski w karierze wyst\u0119powa\u0142 ju\u017c w sze\u015bciu ekipach, w tym czterech zagranicznych (Empoli, Fiorentina, Panathinaikos, Spezia), wi\u0119c swoje widzia\u0142 i mo\u017cna uzna\u0107, \u017ce wie, co m\u00f3wi. <\/p>\n<p>Podobne wnioski wyci\u0105gn\u0119li r\u00f3wnie\u017c dyrektor skautingu Piotr Kosiorowski oraz dyrektor sportowy Artur P\u0142atek, czyli swoista awangarda \u0141ukasza Mas\u0142owskiego, od 10 sierpnia dyrektora pionu sportowego, dlatego ani nie zacz\u0119li rewolucji personalnej w zespole, ani nie zmienili szkoleniowca. Do tej pory sprowadzili napastnika Karola \u015awiderskiego oraz lewego obro\u0144c\u0119 Mario Garci\u0119. To nie koniec, szczeg\u00f3lnie w obliczu powa\u017cnej kontuzji kolana prawego defensora Carlosa Isaaca (przed nim kilka miesi\u0119cy przymusowej pauzy) i najpewniej w\u0142a\u015bnie ta pozycja oraz \u015brodek pomocy zostan\u0105 uzupe\u0142nione, ale to wci\u0105\u017c nic w por\u00f3wnaniu z poprzednimi oknami transferowymi. Trzon zosta\u0142 zachowany, co ju\u017c powinno dzia\u0142a\u0107 na korzy\u015b\u0107 RTS, a poza tym dzi\u0119ki udanej misji ratunkowej Vukovi\u0107 ma znacznie wi\u0119kszy pos\u0142uch u zawodnik\u00f3w ni\u017c odpowiednio \u017deljko Sopi\u0107 po letnich przygotowaniach oraz Igor Jovi\u0107evi\u0107 po zimowych.<\/p>\n<p>     <img class=\"ods-a-photo ods-a-photo--background\" src=\"https:\/\/www.europesays.com\/pl\/wp-content\/uploads\/2026\/07\/FSXk9lBaHR0cHM6Ly9vY2RuLmV1L3B1bHNjbXMvTURBXy8xODc3OGMwZGVjZjdmMmJhMjg5OTg3Nzk3NTJmMTQwYS5qcGeRkwXNB.jpeg\" height=\"627\" width=\"940\" alt=\"Aleksandar Vukovi\u0107\" loading=\"lazy\" fetchpriority=\"auto\" decoding=\"auto\"\/>    <\/p>\n<p>Piotrowski Pawe\u0142 \/ newspix.pl<\/p>\n<p>  Aleksandar Vukovi\u0107  <\/p>\n<p>Obaj Chorwaci nie robili wra\u017cenia wiedz\u0105 taktyczn\u0105 i metodami pracy, a Sopiciowi dodatkowo nie pomaga\u0142y kpi\u0105ce komentarze, \u017ce musi t\u0142umaczy\u0107 graczom sprawy, kt\u00f3re w Chorwacji znaj\u0105 w przedszkolu. Ponadto same treningi nie robi\u0142y specjalnie dobrego wra\u017cenia, zar\u00f3wno pod wzgl\u0119dem doboru \u0107wicze\u0144, jak i intensywno\u015bci zaj\u0119\u0107. Co naturalnie przek\u0142ada\u0142o si\u0119 na ligowe granie i \u0141odzianie uplasowali si\u0119 dopiero na 13. miejscu pod wzgl\u0119dem intensywnych bieg\u00f3w (wszystko w tempie powy\u017cej 19,81 km na godz.). Przeci\u0119tnie wykonywali 622 takie biegi na mecz przy ekstraklasowej \u015bredniej 628 (wynik najlepszego w stawce Lecha Pozna\u0144 to 652). W kuluarach mo\u017cna by\u0142o us\u0142ysze\u0107, \u017ce Vukovi\u0107 nie by\u0142 zachwycony zastanym poziomem motorycznym zespo\u0142u, a \u017ce latem pi\u0142karze zasuwali wyj\u0105tkowo solidnie, te informacje mo\u017cna potraktowa\u0107 jako prawdziwe.<\/p>\n<p>\u2014 To by\u0142 najci\u0119\u017cszy okres przygotowawczy, w jakim uczestniczy\u0142em. To by\u0142o potrzebne, \u017ceby\u015bmy mogli biega\u0107 na pe\u0142nej intensywno\u015bci przez ca\u0142e spotkanie \u2014 przyzna\u0142 przy okazji prezentacji dru\u017cyny Mariusz Fornalczyk, kt\u00f3remu najwyra\u017aniej ten spos\u00f3b pracy s\u0142u\u017cy\u0142, skoro skrzyd\u0142owy w ostatnich dw\u00f3ch sparingach zdoby\u0142 trzy bramki. Tym samym 23-latek podtrzyma\u0142 dobr\u0105 dyspozycj\u0119 z finiszu sezonu, bo przecie\u017c w trzech ostatnich kolejkach mia\u0142 asyst\u0119 w starciu z Lechi\u0105 Gda\u0144sk (3:1) i strzeli\u0142 gola z Piastem Gliwice (2:1).<\/p>\n<p>Najpierw obrona<\/p>\n<p>Vukovi\u0107 liczy, \u017ce po rozpocz\u0119ciu sezonu Fornalczyk nie zatraci skuteczno\u015bci, zreszt\u0105 podobnie jak \u015bwietny przez ca\u0142e rozgrywki Sebastian Bergier, wspierany ju\u017c przede wszystkim przez \u015awiderskiego. Cho\u0107 zmian przy Pi\u0142sudskiego ma by\u0107 mniej, to akurat ofensywa musi si\u0119 zmieni\u0107, bo za kadencji Serba (od 7 marca) \u017cadna ekipa nie wykreowa\u0142a ni\u017cszego xG ni\u017c Widzew (9,79 \u2014 za Opt\u0105). Gdyby nie bardzo dobra defensywa \u2014 tylko Legia Warszawa w tym okresie pozwoli\u0142a na stworzenie przeciwko sobie ni\u017cszego xG (9,79) ni\u017c RTS (10,88) \u2014 zapewne Czerwono-Bia\u0142o-Czerwonych ju\u017c nie by\u0142oby w krajowej elicie. Ale mo\u017cna uzna\u0107 to za naturalny pocz\u0105tek porz\u0105dk\u00f3w Vukovicia wsz\u0119dzie, gdzie pracowa\u0142.<\/p>\n<p>     <img class=\"ods-a-photo ods-a-photo--background\" src=\"https:\/\/www.europesays.com\/pl\/wp-content\/uploads\/2026\/07\/zOmk9lBaHR0cHM6Ly9vY2RuLmV1L3B1bHNjbXMvTURBXy84ODQ5MTAzMTY3MGQxNjEyYmZlYWNjYzA0OTYwYjk3ZS5qcGeRkwXNB.jpeg\" height=\"627\" width=\"940\" alt=\"Pi\u0142karze Widzewa \u0141\u00f3d\u017a\" loading=\"lazy\" fetchpriority=\"auto\" decoding=\"auto\"\/>    <\/p>\n<p>MARCIN BRYJA \/ 400mm.pl \/ NEWSPIX.PL \/ newspix.pl<\/p>\n<p>  Pi\u0142karze Widzewa \u0141\u00f3d\u017a  <\/p>\n<p>\u2014 Trener ma najwi\u0119kszy wp\u0142yw na to, jak dru\u017cyna wygl\u0105da w obronie \u2014 nie ukrywa\u0142 w wyk\u0142adzie dla Instytutu Ekspertyzy Sportowej.<\/p>\n<p>Czy defensywa oka\u017ce si\u0119 fundamentem czego\u015b wi\u0119kszego? Przy Pi\u0142sudskiego wierz\u0105, \u017ce tak.<\/p>\n","protected":false},"excerpt":{"rendered":"\u2014 By\u0142 to stresuj\u0105cy sezon wielu zmian. Mam nadziej\u0119, \u017ce nowy b\u0119dzie du\u017co spokojniejszy \u2014 powiedzia\u0142 do kibic\u00f3w&hellip;\n","protected":false},"author":2,"featured_media":578481,"comment_status":"","ping_status":"","sticky":false,"template":"","format":"standard","meta":{"footnotes":"","_share_on_mastodon":"0"},"categories":[5],"tags":[114085,56,61195,32,33,274,36,37,27,15409,34,35,11518,28,31,48,25,46,948,42,38,40,39,41,9096,47,81736,29,30,26,3469],"class_list":["post-578480","post","type-post","status-publish","format-standard","has-post-thumbnail","category-naglowki","tag-alaksandar_vukovic","tag-article_premium","tag-bottomfeed_styl","tag-breaking-news","tag-breakingnews","tag-ekstraklasa","tag-featured-news","tag-featurednews","tag-headlines","tag-karol_swiderski","tag-latest-news","tag-latestnews","tag-mariusz_fornalczyk","tag-naglowki","tag-najwazniejsze-artykuly","tag-nat_styl","tag-news","tag-omp","tag-pilka_nozna","tag-pl","tag-poland","tag-polish","tag-polska","tag-polski","tag-robert_dobrzycki","tag-screening_general","tag-sebastian_bergier","tag-top-stories","tag-topstories","tag-wiadomosci","tag-widzew_lodz"],"share_on_mastodon":{"url":"https:\/\/pubeurope.com\/@pl\/116979519840532302","error":""},"_links":{"self":[{"href":"https:\/\/www.europesays.com\/pl\/wp-json\/wp\/v2\/posts\/578480","targetHints":{"allow":["GET"]}}],"collection":[{"href":"https:\/\/www.europesays.com\/pl\/wp-json\/wp\/v2\/posts"}],"about":[{"href":"https:\/\/www.europesays.com\/pl\/wp-json\/wp\/v2\/types\/post"}],"author":[{"embeddable":true,"href":"https:\/\/www.europesays.com\/pl\/wp-json\/wp\/v2\/users\/2"}],"replies":[{"embeddable":true,"href":"https:\/\/www.europesays.com\/pl\/wp-json\/wp\/v2\/comments?post=578480"}],"version-history":[{"count":0,"href":"https:\/\/www.europesays.com\/pl\/wp-json\/wp\/v2\/posts\/578480\/revisions"}],"wp:featuredmedia":[{"embeddable":true,"href":"https:\/\/www.europesays.com\/pl\/wp-json\/wp\/v2\/media\/578481"}],"wp:attachment":[{"href":"https:\/\/www.europesays.com\/pl\/wp-json\/wp\/v2\/media?parent=578480"}],"wp:term":[{"taxonomy":"category","embeddable":true,"href":"https:\/\/www.europesays.com\/pl\/wp-json\/wp\/v2\/categories?post=578480"},{"taxonomy":"post_tag","embeddable":true,"href":"https:\/\/www.europesays.com\/pl\/wp-json\/wp\/v2\/tags?post=578480"}],"curies":[{"name":"wp","href":"https:\/\/api.w.org\/{rel}","templated":true}]}}