{"id":57858,"date":"2025-10-19T22:02:12","date_gmt":"2025-10-19T22:02:12","guid":{"rendered":"https:\/\/www.europesays.com\/pl\/57858\/"},"modified":"2025-10-19T22:02:12","modified_gmt":"2025-10-19T22:02:12","slug":"ciekawe-plany-pres-torun-piotr-baron-zdradzil-szczegoly","status":"publish","type":"post","link":"https:\/\/www.europesays.com\/pl\/57858\/","title":{"rendered":"Ciekawe plany Pres Toru\u0144! Piotr Baron zdradzi\u0142 szczeg\u00f3\u0142y"},"content":{"rendered":"<p>Pres Toru\u0144 nie zatrzymuje si\u0119 po zdobyciu z\u0142otego medalu! Piotr Baron po odebraniu Szczakiela dla najlepszego trenera zdradzi\u0142 ambitne plany klubu.            <\/p>\n<p><a target=\"_blank\" href=\"\"><br \/>\n<img decoding=\"async\" src=\"\" alt=\"\" style=\"margin-bottom:15px\"\/><br \/>\n<\/a><\/p>\n<p>Ju\u017c po zako\u0144czeniu sezonu przyszed\u0142 czas podsumowa\u0144. Oficjaln\u0105 okazj\u0105 do tego typu rzeczy jest oficjalna Gala PGE Ekstraligi. Podczas niej rozdane zosta\u0142y Szczakiele dla najlepszych w okre\u015blonych wcze\u015bniej kategoriach. Jednym z wyr\u00f3\u017cnionych by\u0142 autor sukcesu Pres Toru\u0144. Jedna z nagr\u00f3d pow\u0119drowa\u0142a bowiem do Piotra Barona. Ju\u017c po odebraniu statuetki szkoleniowiec zdradzi\u0142 ciekawe plany swojej ekipy.<\/p>\n<p>Zesp\u00f3\u0142 Pres Toru\u0144 zako\u0144czy\u0142 sezon w najlepszym mo\u017cliwym stylu. Torunianie w wielkim finale pokonali Orlen Oil Motor Lublin i si\u0119gn\u0119li po upragnione Dru\u017cynowe Mistrzostwo Polski. \u201eAnio\u0142y\u201d tym samym przerwa\u0142y dominacj\u0119 lublinian trwaj\u0105c\u0105 od 2022 roku. Nie bez powodu dla toru\u0144skiego klubu by\u0142 to ogromny sukces. Mimo zwyci\u0119stwa torunianie nie pr\u00f3\u017cnuj\u0105 nawet po zako\u0144czeniu rozgrywek.<\/p>\n<p>Wiele klub\u00f3w obecnie przeprowadza ostatnie treningi przed przerw\u0105 zimow\u0105, a pogoda coraz mniej sprzyja je\u017adzie na \u017cu\u017clu. Mimo to Pres Toru\u0144 ma ju\u017c zaplanowane kolejne jazdy. Po odebraniu Szczakiela plany treningowe toru\u0144skiej ekipy zdradzi\u0142 Piotr Baron.<\/p>\n<p>\u2013 Jeszcze jakie\u015b treningi b\u0119dziemy mieli, bo jestem z zawodnikami um\u00f3wiony na przysz\u0142y tydzie\u0144. Niekt\u00f3rzy chc\u0105 poje\u017adzi\u0107 \u2013 m\u00f3wi\u0142 na antenie Canal+ Sport 5 Baron.<\/p>\n<p>Za rok zn\u00f3w powalcz\u0105 o z\u0142oto?<\/p>\n<p>Warto wspomnie\u0107, \u017ce Pres Toru\u0144 przedstawi\u0142 ju\u017c sk\u0142ad na przysz\u0142oroczny sezon \u017cu\u017clowy. W mistrzowskiej dru\u017cynie z Grodu Kopernika zmieni si\u0119 tylko jeden element. Zawodnikiem U24 nie b\u0119dzie jednak Bastian Pedersen. Klub zdecydowa\u0142 si\u0119 bowiem na sprowadzenie Noricka Bl\u00f6dorna, kt\u00f3ry zast\u0105pi Jana Kvecha. Pozosta\u0142y sk\u0142ad pozostaje bez zmian, a dla \u201eAnio\u0142\u00f3w\u201d b\u0119d\u0105 si\u0119 \u015bciga\u0107: Emil Sajfutdinow, Mikkel Michelsen, Patryk Dudek, Robert Lambert, Antoni Kawczy\u0144ski i Miko\u0142aj Duchi\u0144ski. Torunianie maj\u0105 wi\u0119c potencja\u0142 na to, aby powalczy\u0107 o obron\u0119 tytu\u0142u.<\/p>\n<p>Wydaje si\u0119, \u017ce g\u0142\u00f3wnymi kandydatami do tego, aby powalczy\u0107 o z\u0142oty medal poza torunianami, s\u0105 Orlen Oil Motor Lublin oraz Betard Sparta Wroc\u0142aw. Mocny mo\u017ce by\u0107 tak\u017ce Stelmet Falubaz Zielona G\u00f3ra. Zielonog\u00f3rski zesp\u00f3\u0142 maj\u0105 bowiem wzmocni\u0107 Dominik Kubera oraz Andrzej Lebiediew. Jak b\u0119dzie wygl\u0105da\u0142 rozk\u0142ad si\u0142 w PGE Ekstralidze? Przekonamy si\u0119 w przysz\u0142ym roku.<\/p>\n<p><img data-lazyloaded=\"1\" fetchpriority=\"high\" decoding=\"async\" width=\"1200\" height=\"800\" src=\"https:\/\/www.europesays.com\/pl\/wp-content\/uploads\/2025\/10\/piotr-baron.jpg\" alt=\"\" class=\"wp-image-292680\"  data-\/>Piotr BaronAby nie przegapi\u0107 najciekawszych artyku\u0142\u00f3w kliknij obserwuj speedwaynews.pl na Google News<br \/>\n<a target=\"_blank\" href=\"https:\/\/news.google.com\/publications\/CAAiEKvF4ca6fzDOt8g5DGS1iLgqFAgKIhCrxeHGun8wzrfIOQxktYi4?hl=pl&amp;gl=PL&amp;ceid=PL%3Apl\" rel=\"nofollow noopener\"><\/p>\n<p>Obserwuj nas!<br \/>\n<\/a><\/p>\n","protected":false},"excerpt":{"rendered":"Pres Toru\u0144 nie zatrzymuje si\u0119 po zdobyciu z\u0142otego medalu! Piotr Baron po odebraniu Szczakiela dla najlepszego trenera zdradzi\u0142&hellip;\n","protected":false},"author":2,"featured_media":57859,"comment_status":"","ping_status":"","sticky":false,"template":"","format":"standard","meta":{"footnotes":""},"categories":[24],"tags":[1334,4066,42,38,40,39,41,2619,882,127,126,174],"class_list":{"0":"post-57858","1":"post","2":"type-post","3":"status-publish","4":"format-standard","5":"has-post-thumbnail","7":"category-sport","8":"tag-pge-ekstraliga","9":"tag-piotr-baron","10":"tag-pl","11":"tag-poland","12":"tag-polish","13":"tag-polska","14":"tag-polski","15":"tag-pres-grupa-deweloperska-torun","16":"tag-speedway","17":"tag-sport","18":"tag-sports","19":"tag-zuzel"},"share_on_mastodon":{"url":"","error":""},"_links":{"self":[{"href":"https:\/\/www.europesays.com\/pl\/wp-json\/wp\/v2\/posts\/57858","targetHints":{"allow":["GET"]}}],"collection":[{"href":"https:\/\/www.europesays.com\/pl\/wp-json\/wp\/v2\/posts"}],"about":[{"href":"https:\/\/www.europesays.com\/pl\/wp-json\/wp\/v2\/types\/post"}],"author":[{"embeddable":true,"href":"https:\/\/www.europesays.com\/pl\/wp-json\/wp\/v2\/users\/2"}],"replies":[{"embeddable":true,"href":"https:\/\/www.europesays.com\/pl\/wp-json\/wp\/v2\/comments?post=57858"}],"version-history":[{"count":0,"href":"https:\/\/www.europesays.com\/pl\/wp-json\/wp\/v2\/posts\/57858\/revisions"}],"wp:featuredmedia":[{"embeddable":true,"href":"https:\/\/www.europesays.com\/pl\/wp-json\/wp\/v2\/media\/57859"}],"wp:attachment":[{"href":"https:\/\/www.europesays.com\/pl\/wp-json\/wp\/v2\/media?parent=57858"}],"wp:term":[{"taxonomy":"category","embeddable":true,"href":"https:\/\/www.europesays.com\/pl\/wp-json\/wp\/v2\/categories?post=57858"},{"taxonomy":"post_tag","embeddable":true,"href":"https:\/\/www.europesays.com\/pl\/wp-json\/wp\/v2\/tags?post=57858"}],"curies":[{"name":"wp","href":"https:\/\/api.w.org\/{rel}","templated":true}]}}