{"id":57870,"date":"2025-10-19T22:17:14","date_gmt":"2025-10-19T22:17:14","guid":{"rendered":"https:\/\/www.europesays.com\/pl\/57870\/"},"modified":"2025-10-19T22:17:14","modified_gmt":"2025-10-19T22:17:14","slug":"katarzyna-figura-w-mini-i-krotkim-futerku-trudno-oderwac-od-niej-wzrok","status":"publish","type":"post","link":"https:\/\/www.europesays.com\/pl\/57870\/","title":{"rendered":"Katarzyna Figura w mini i kr\u00f3tkim futerku. Trudno oderwa\u0107 od niej wzrok"},"content":{"rendered":"<p class=\"Paragraph_desktopParagraph__U31Gm\">Stylizacja aktorki wyr\u00f3\u017cnia\u0142a si\u0119 kontrastem d\u0142ugo\u015bci \u2014 mini si\u0119gaj\u0105ca po\u0142owy uda zosta\u0142a zestawiona z ci\u0119\u017ckimi butami typu motocyklowego. Takie po\u0142\u0105czenie wymaga odwagi oraz dystansu, a w tym przypadku efekt by\u0142 udany. Kozaki, o surowym i zadziornym wygl\u0105dzie, prze\u0142amywa\u0142y bardziej klasyczne elementy stroju, nadaj\u0105c ca\u0142o\u015bci charakteru.<\/p>\n<p class=\"VideoPlayerText_videoPlayerText__iDwyz\">Dalszy ci\u0105g materia\u0142u pod wideo<\/p>\n<ul class=\"OchatFollowUps_wrapper__1ry7X\">\n<li class=\"OchatFollowUps_item__Dhyly OchatFollowUps_itemDesktop__R6aBv\">Jaka by\u0142a stylizacja Katarzyny Figury?<\/li>\n<li class=\"OchatFollowUps_item__Dhyly OchatFollowUps_itemDesktop__R6aBv\">Co wyr\u00f3\u017cnia\u0142o str\u00f3j Katarzyny Figury?<\/li>\n<li class=\"OchatFollowUps_item__Dhyly OchatFollowUps_itemDesktop__R6aBv\">Jakie elementy wprowadza\u0142y kontrast w stylizacji?<\/li>\n<li class=\"OchatFollowUps_item__Dhyly OchatFollowUps_itemDesktop__R6aBv\">Jakie kolory dominowa\u0142y w stylizacji Katarzyny Figury?<\/li>\n<\/ul>\n<p class=\"Paragraph_desktopParagraph__U31Gm\">Kabaretki, kt\u00f3re by\u0142y cz\u0119\u015bci\u0105 stylizacji, wprowadzi\u0142y dodatkowy element gry z konwencjami. Cho\u0107 mog\u0142y wydawa\u0107 si\u0119 ryzykownym wyborem, w tym zestawieniu pe\u0142ni\u0142y rol\u0119 \u0142\u0105cznika mi\u0119dzy elegancj\u0105 a rockowym stylem. <\/p>\n<p><img decoding=\"async\" class=\"Image_image__0tuHp\" height=\"587\" width=\"391\" src=\"https:\/\/www.europesays.com\/pl\/wp-content\/uploads\/2025\/10\/d_Fk9kpTURBXy9kZTAwOTBmY2Y3OGE4ZGZiMmY4Yzc5OGU2Y2RkYjZiNS5qcGeTlQMAAM0D6M0F3JUCzQOsAMLDlQIAzQJLwsPeA.jpeg\" alt=\"Katarzyna Figura postawi\u0142a na kontrowersyjne po\u0142\u0105czenie\" loading=\"lazy\" \/>Pawe\u0142 Wrzecion \/ AKPA<\/p>\n<p>Katarzyna Figura postawi\u0142a na kontrowersyjne po\u0142\u0105czenie<\/p>\n<p class=\"Paragraph_desktopParagraph__U31Gm\">Futrzane okrycie Katarzyny Figury, kr\u00f3tkie i obszerne, nawi\u0105zywa\u0142o do glamouru lat 70., ale w po\u0142\u0105czeniu z militarn\u0105 kurtk\u0105 spod spodu nabiera\u0142o miejskiego charakteru. Ca\u0142o\u015b\u0107 uzupe\u0142nia\u0142y czapka z daszkiem oraz oversize\u2019owe okulary, kt\u00f3re dodawa\u0142y stylizacji luzu i lekko\u015bci.<\/p>\n<p class=\"Paragraph_desktopParagraph__U31Gm\">Jej zestawienie, cho\u0107 budz\u0105ce kontrowersje, by\u0142o sp\u00f3jne i harmonijne dzi\u0119ki odpowiedniemu doborowi faktur, kolor\u00f3w i proporcji. Ziemiste barwy, takie jak be\u017ce, br\u0105zy i oliwkowe odcienie, sprawi\u0142y, \u017ce mimo r\u00f3\u017cnorodno\u015bci form stylizacja zachowa\u0142a r\u00f3wnowag\u0119.<\/p>\n<p><img decoding=\"async\" class=\"Image_image__0tuHp\" height=\"587\" width=\"391\" src=\"https:\/\/www.europesays.com\/pl\/wp-content\/uploads\/2025\/10\/1k-k9kpTURBXy9jZGQ4MzY3NmExMWI5ZjBhYzk1YTMwNzAwYWY2Zjg2Zi5qcGeSlQLNA6wAwsOVAgDNAkvCw94AA6EwAaExAaEzw.jpeg\" alt=\"Katarzyna Figura w odwa\u017cnej stylizacji\" loading=\"lazy\" \/>Pawe\u0142 Wrzecion \/ AKPA<\/p>\n<p>Katarzyna Figura w odwa\u017cnej stylizacji<\/p>\n<p class=\"Paragraph_desktopParagraph__U31Gm\">Ka\u017cdy element stroju, od masywnych kozak\u00f3w po futrzane okrycie, zdawa\u0142 si\u0119 by\u0107 \u015bwiadomym wyborem, kt\u00f3ry mia\u0142 intrygowa\u0107 i wywo\u0142ywa\u0107 emocje.<\/p>\n<p class=\"Paragraph_desktopParagraph__U31Gm\">Polecamy:<\/p>\n","protected":false},"excerpt":{"rendered":"Stylizacja aktorki wyr\u00f3\u017cnia\u0142a si\u0119 kontrastem d\u0142ugo\u015bci \u2014 mini si\u0119gaj\u0105ca po\u0142owy uda zosta\u0142a zestawiona z ci\u0119\u017ckimi butami typu motocyklowego.&hellip;\n","protected":false},"author":2,"featured_media":57871,"comment_status":"","ping_status":"","sticky":false,"template":"","format":"standard","meta":{"footnotes":""},"categories":[22],"tags":[122,246,67,14958,11998,53,52,68,51,55,42,38,40,39,41,123,47,196,4019,10522,50],"class_list":{"0":"post-57870","1":"post","2":"type-post","3":"status-publish","4":"format-standard","5":"has-post-thumbnail","7":"category-rozrywka","8":"tag-entertainment","9":"tag-inspire_me","10":"tag-intextvideo_splayer","11":"tag-katarzyna_figura_aktorka","12":"tag-moda_2","13":"tag-new_header","14":"tag-onet3","15":"tag-onet3d","16":"tag-onet3d_2i","17":"tag-phx","18":"tag-pl","19":"tag-poland","20":"tag-polish","21":"tag-polska","22":"tag-polski","23":"tag-rozrywka","24":"tag-screening_general","25":"tag-styl_zycia","26":"tag-stylizacje_2","27":"tag-stylizacje_gwiazd","28":"tag-v2021"},"share_on_mastodon":{"url":"","error":""},"_links":{"self":[{"href":"https:\/\/www.europesays.com\/pl\/wp-json\/wp\/v2\/posts\/57870","targetHints":{"allow":["GET"]}}],"collection":[{"href":"https:\/\/www.europesays.com\/pl\/wp-json\/wp\/v2\/posts"}],"about":[{"href":"https:\/\/www.europesays.com\/pl\/wp-json\/wp\/v2\/types\/post"}],"author":[{"embeddable":true,"href":"https:\/\/www.europesays.com\/pl\/wp-json\/wp\/v2\/users\/2"}],"replies":[{"embeddable":true,"href":"https:\/\/www.europesays.com\/pl\/wp-json\/wp\/v2\/comments?post=57870"}],"version-history":[{"count":0,"href":"https:\/\/www.europesays.com\/pl\/wp-json\/wp\/v2\/posts\/57870\/revisions"}],"wp:featuredmedia":[{"embeddable":true,"href":"https:\/\/www.europesays.com\/pl\/wp-json\/wp\/v2\/media\/57871"}],"wp:attachment":[{"href":"https:\/\/www.europesays.com\/pl\/wp-json\/wp\/v2\/media?parent=57870"}],"wp:term":[{"taxonomy":"category","embeddable":true,"href":"https:\/\/www.europesays.com\/pl\/wp-json\/wp\/v2\/categories?post=57870"},{"taxonomy":"post_tag","embeddable":true,"href":"https:\/\/www.europesays.com\/pl\/wp-json\/wp\/v2\/tags?post=57870"}],"curies":[{"name":"wp","href":"https:\/\/api.w.org\/{rel}","templated":true}]}}