{"id":57890,"date":"2025-10-19T22:45:08","date_gmt":"2025-10-19T22:45:08","guid":{"rendered":"https:\/\/www.europesays.com\/pl\/57890\/"},"modified":"2025-10-19T22:45:08","modified_gmt":"2025-10-19T22:45:08","slug":"edyta-gorniak-wbila-na-parkiet-tanca-z-gwiazdami-internauci-nie-dowierzaja","status":"publish","type":"post","link":"https:\/\/www.europesays.com\/pl\/57890\/","title":{"rendered":"Edyta G\u00f3rniak wbi\u0142a na parkiet &#8222;Ta\u0144ca z gwiazdami&#8221;. Internauci nie dowierzaj\u0105"},"content":{"rendered":"<p class=\"Paragraph_desktopParagraph__U31Gm\"><a href=\"https:\/\/plejada.pl\/edyta-gorniak\" id=\"9413147e-d155-4a69-b2a4-82488c526707\" rel=\"nofollow noopener\" target=\"_blank\">Edyta G\u00f3rniak<\/a> pojawi\u0142a si\u0119 w niedzielnym odcinku <a href=\"https:\/\/plejada.pl\/taniec-z-gwiazdami-program-tv\" id=\"afc8d3f7-9506-43d3-9b81-ceb8a167c9c5\" rel=\"nofollow noopener\" target=\"_blank\">&#8222;Ta\u0144ca z gwiazdami&#8221;<\/a>. Cho\u0107 pocz\u0105tkowo zasiad\u0142a na widowni w towarzystwie tajemniczego m\u0119\u017cczyzny, szybko sta\u0142a si\u0119 g\u0142\u00f3wn\u0105 bohaterk\u0105 wieczoru, wywo\u0142uj\u0105c lawin\u0119 komentarzy w mediach spo\u0142eczno\u015bciowych.<\/p>\n<p class=\"Paragraph_desktopParagraph__U31Gm\">W trakcie odcinka, kt\u00f3rego motywem przewodnim by\u0142y kultowe ta\u0144ce z poprzednich edycji programu, Krzysztof Ibisz przeprowadzi\u0142 kr\u00f3tk\u0105 rozmow\u0119 z G\u00f3rniak. Piosenkarka wspomina\u0142a swoje do\u015bwiadczenia z czas\u00f3w, gdy sama bra\u0142a udzia\u0142 w show.<\/p>\n<ul class=\"OchatFollowUps_wrapper__1ry7X\">\n<li class=\"OchatFollowUps_item__Dhyly OchatFollowUps_itemDesktop__R6aBv\">Kiedy Edyta G\u00f3rniak wyst\u0105pi\u0142a w 'Ta\u0144cu z gwiazdami&#8217;?<\/li>\n<li class=\"OchatFollowUps_item__Dhyly OchatFollowUps_itemDesktop__R6aBv\">Jakie emocje towarzyszy\u0142y Edycie G\u00f3rniak podczas wyst\u0119pu?<\/li>\n<li class=\"OchatFollowUps_item__Dhyly OchatFollowUps_itemDesktop__R6aBv\">Co internauci s\u0105dz\u0105 o zachowaniu Edyty G\u00f3rniak?<\/li>\n<li class=\"OchatFollowUps_item__Dhyly OchatFollowUps_itemDesktop__R6aBv\">Kto ta\u0144czy\u0142 choreografi\u0119, kt\u00f3r\u0105 Edyta G\u00f3rniak wykonywa\u0142a w przesz\u0142o\u015bci?<\/li>\n<\/ul>\n<p class=\"Paragraph_desktopParagraph__U31Gm\">Barbary Bursztynowicz zaprezentowa\u0142a tango inspirowane choreografi\u0105 wykonywan\u0105 przez Edyt\u0119 G\u00f3rniak w jednej z wcze\u015bniejszych edycji. Wzruszona diwa, nie kryj\u0105c emocji, wkroczy\u0142a na scen\u0119 tu\u017c po wyst\u0119pie Bursztynowicz. Z \u0142zami w oczach u\u015bciska\u0142a aktork\u0119, gratuluj\u0105c jej doskona\u0142ego wykonania oraz imponuj\u0105cej formy. Nast\u0119pnie uda\u0142a si\u0119 do sto\u0142u jurorskiego, gdzie wys\u0142ucha\u0142a opinii juror\u00f3w na temat ta\u0144ca. G\u00f3rniak podkre\u015bli\u0142a, \u017ce wyst\u0119p Barbary poruszy\u0142 j\u0105 g\u0142\u0119boko i przywo\u0142a\u0142 wspomnienia z jej w\u0142asnych do\u015bwiadcze\u0144 w programie.<\/p>\n<p class=\"Paragraph_desktopParagraph__U31Gm\">Nieoczekiwane pojawienie si\u0119 artystki na scenie oraz jej ekspresyjne zachowanie szybko sta\u0142o si\u0119 tematem dyskusji w internecie. U\u017cytkownicy medi\u00f3w spo\u0142eczno\u015bciowych nie kryli zaskoczenia.<\/p>\n<p class=\"Paragraph_desktopParagraph__U31Gm\">&#8222;Ja nie wytrzymam, co tam si\u0119 zadzia\u0142o&#8221;; &#8222;Edyta si\u0119 uczepi\u0142a jak rzep psiego ogona&#8221;; &#8222;Dusz\u0119 si\u0119 ze \u015bmiechu z tej Edyty&#8221;; &#8222;Okropnie niegrzecznie, pani G\u00f3rniak wtargn\u0119\u0142a im, kradn\u0105c t\u0119 chwil\u0119. Koszmarna atencjuszka&#8221;; &#8222;Edyta zniszczy\u0142a chwil\u0119 Pani Barbary. Zakaz wyst\u0119p\u00f3w tego typu dla Edyty&#8221;; &#8222;Jak dla mnie za du\u017co by\u0142o monologu Edyty G\u00f3rniak. M\u0119cz\u0105ce to by\u0142o&#8221; \u2014 pisali internauci.<\/p>\n<p class=\"Paragraph_desktopParagraph__U31Gm\">Dzi\u0119kujemy, \u017ce przeczyta\u0142a\u015b\/e\u015b nasz artyku\u0142 do ko\u0144ca. W serwisie Plejada.pl ka\u017cdego dnia piszemy o najwa\u017cniejszych wydarzeniach show-biznesowych. B\u0105d\u017a na bie\u017c\u0105co! <a rel=\"nofollow noopener\" href=\"https:\/\/news.google.com\/publications\/CAAiEF0PeAlb7W1llpV_mwV2rL4qFAgKIhBdD3gJW-1tZZaVf5sFdqy-?hl=pl&amp;gl=PL&amp;ceid=PL%3Apl\" id=\"50ca2716-fd15-43bf-9614-8a4b74557461\" target=\"_blank\">Obserwuj<\/a> Plejad\u0119 w Wiadomo\u015bciach Google. Odwied\u017a nas tak\u017ce na <a rel=\"nofollow noopener\" href=\"https:\/\/www.facebook.com\/plejadapl\" id=\"ee1e5d59-3417-4763-ba87-e09d54aafa1e\" target=\"_blank\">Facebooku<\/a>, <a rel=\"nofollow noopener\" href=\"https:\/\/www.instagram.com\/plejadapl\/\" id=\"0110ea78-b9c3-4b40-b22e-96a869f88467\" target=\"_blank\">Instagramie<\/a>, <a rel=\"nofollow noopener\" href=\"https:\/\/www.youtube.com\/c\/plejada\" id=\"e311051e-d67b-480b-8950-d4941a09e2b6\" target=\"_blank\">YouTube<\/a> oraz <a rel=\"nofollow noopener\" href=\"https:\/\/www.tiktok.com\/@plejada_pl\" id=\"e3353ada-17d5-40e9-bbc9-415451fc0a6a\" target=\"_blank\">TikToku<\/a>.<\/p>\n<p class=\"Paragraph_desktopParagraph__U31Gm\">Chcesz podzieli\u0107 si\u0119 ciekawym newsem lub zaproponowa\u0107 temat? Skontaktuj si\u0119 z nami, pisz\u0105c e-maila na adres: <a href=\"https:\/\/www.onet.pl\/styl-zycia\/plejada\/edyta-gorniak-wbila-na-parkiet-tanca-z-gwiazdami-internauci-nie-dowierzaja\/mailto:plejada@redakcjaonet.pl\" id=\"b02d840e-d826-42f4-8d41-77889589e97b\" rel=\"nofollow noopener\" target=\"_blank\">plejada@redakcjaonet.pl<\/a>.<\/p>\n<p><script async src=\"\/\/www.instagram.com\/embed.js\"><\/script><script async src=\"\/\/www.tiktok.com\/embed.js\"><\/script><\/p>\n","protected":false},"excerpt":{"rendered":"Edyta G\u00f3rniak pojawi\u0142a si\u0119 w niedzielnym odcinku &#8222;Ta\u0144ca z gwiazdami&#8221;. Cho\u0107 pocz\u0105tkowo zasiad\u0142a na widowni w towarzystwie tajemniczego&hellip;\n","protected":false},"author":2,"featured_media":57891,"comment_status":"","ping_status":"","sticky":false,"template":"","format":"standard","meta":{"footnotes":""},"categories":[22],"tags":[3562,14839,122,67,261,13399,53,52,68,51,55,42,38,40,263,255,39,41,123,47,1884,1863,65,50],"class_list":{"0":"post-57890","1":"post","2":"type-post","3":"status-publish","4":"format-standard","5":"has-post-thumbnail","7":"category-rozrywka","8":"tag-barbara_bursztynowicz","9":"tag-edyta_gorniak_piosenkarka","10":"tag-entertainment","11":"tag-intextvideo_splayer","12":"tag-kultura","13":"tag-m_glo_sticky_tst2","14":"tag-new_header","15":"tag-onet3","16":"tag-onet3d","17":"tag-onet3d_2i","18":"tag-phx","19":"tag-pl","20":"tag-poland","21":"tag-polish","22":"tag-polsat","23":"tag-polsat_telewizja_stacje_firma_fundacja","24":"tag-polska","25":"tag-polski","26":"tag-rozrywka","27":"tag-screening_general","28":"tag-taniec_z_gwiazdami","29":"tag-taniec_z_gwiazdami_program_tv","30":"tag-update_me","31":"tag-v2021"},"share_on_mastodon":{"url":"","error":""},"_links":{"self":[{"href":"https:\/\/www.europesays.com\/pl\/wp-json\/wp\/v2\/posts\/57890","targetHints":{"allow":["GET"]}}],"collection":[{"href":"https:\/\/www.europesays.com\/pl\/wp-json\/wp\/v2\/posts"}],"about":[{"href":"https:\/\/www.europesays.com\/pl\/wp-json\/wp\/v2\/types\/post"}],"author":[{"embeddable":true,"href":"https:\/\/www.europesays.com\/pl\/wp-json\/wp\/v2\/users\/2"}],"replies":[{"embeddable":true,"href":"https:\/\/www.europesays.com\/pl\/wp-json\/wp\/v2\/comments?post=57890"}],"version-history":[{"count":0,"href":"https:\/\/www.europesays.com\/pl\/wp-json\/wp\/v2\/posts\/57890\/revisions"}],"wp:featuredmedia":[{"embeddable":true,"href":"https:\/\/www.europesays.com\/pl\/wp-json\/wp\/v2\/media\/57891"}],"wp:attachment":[{"href":"https:\/\/www.europesays.com\/pl\/wp-json\/wp\/v2\/media?parent=57890"}],"wp:term":[{"taxonomy":"category","embeddable":true,"href":"https:\/\/www.europesays.com\/pl\/wp-json\/wp\/v2\/categories?post=57890"},{"taxonomy":"post_tag","embeddable":true,"href":"https:\/\/www.europesays.com\/pl\/wp-json\/wp\/v2\/tags?post=57890"}],"curies":[{"name":"wp","href":"https:\/\/api.w.org\/{rel}","templated":true}]}}