{"id":579197,"date":"2026-07-25T15:35:29","date_gmt":"2026-07-25T15:35:29","guid":{"rendered":"https:\/\/www.europesays.com\/pl\/579197\/"},"modified":"2026-07-25T15:35:29","modified_gmt":"2026-07-25T15:35:29","slug":"warta-poznan-ma-na-czym-budowac-wysokie-morale-widze-wiecej-pozytywow-niz-negatywow","status":"publish","type":"post","link":"https:\/\/www.europesays.com\/pl\/579197\/","title":{"rendered":"Warta Pozna\u0144 ma na czym budowa\u0107 wysokie morale. &#8222;Widz\u0119 wi\u0119cej pozytyw\u00f3w ni\u017c negatyw\u00f3w&#8221;"},"content":{"rendered":"<p><img decoding=\"async\" data-not-lazy=\"\" alt=\"Warta Pozna\u0144 ma na czym budowa\u0107 wysokie morale. &quot;Widz\u0119 wi\u0119cej pozytyw\u00f3w ni\u017c negatyw\u00f3w&quot; - Zdj\u0119cie g\u0142\u00f3wne\" style=\"object-fit:cover;object-position:center;position:absolute;left:0;top:0;width:100%;height:100%;\" src=\"https:\/\/www.europesays.com\/pl\/wp-content\/uploads\/2026\/07\/eea86087-e667-4756-b30d-e96a0e0b2d21.webp\"\/><\/p>\n<p>Autor: Tomasz Deska | Opis: Warta Pozna\u0144 przegra\u0142a mecz, ale to wcale nie oznacza z\u0142ych wiadomo\u015bci.<\/p>\n<p>Rywale Warty mog\u0105 mie\u0107 z ni\u0105 trudno w kolejnych spotkaniach. &#8222;Nie zwiesili\u015bmy g\u0142owy&#8221;<\/p>\n<p>M\u00f3wi\u0105c o pozytywach w zespole Warty Pozna\u0144 po okresie sparingowym, bez w\u0105tpienia w zespole wida\u0107 to, \u017ce nie zamierza on bazowa\u0107 na poszczeg\u00f3lnych, wybijaj\u0105cych si\u0119 jednostkach, a zamiast tego stawia na jeszcze lepsze funkcjonowanie jako jeden organizm. Pressing, szybko\u015b\u0107 reakcji po stracie pi\u0142ki i ograniczanie pola do gry mocno uwydatni\u0142y w\u0142a\u015bnie ten element, kt\u00f3ry momentami wygl\u0105da\u0142 nawet imponuj\u0105co. Jak na tacy by\u0142o wida\u0107 za\u0142o\u017cenia taktyczne trenera Macieja Tokarczyka, kt\u00f3re w grze bez pi\u0142ki koncentrowa\u0142y si\u0119 przede wszystkim na eliminowaniu wolnych przestrzeni do rozegrania. Zieloni byli mocno skoncentrowani na tym, by pozostawia\u0107 zawodnik\u00f3w rywali samych sobie w tworzeniu akcji.<\/p>\n<p>Celem ewidentnie by\u0142o zmuszanie przeciwnik\u00f3w do panicznych, niekontrolowanych wybi\u0107 pi\u0142ki w my\u015bl zasady byle dalej od w\u0142asnej bramki. W ten spos\u00f3b Zieloni mieli okazj\u0119 do zapanowania nad przebiegiem spotkania i prowadzenia gry. Pomys\u0142 by\u0142 ambitny, a momentami ta strategia przynosi\u0142a zadowalaj\u0105ce efekty. W\u0142a\u015bnie po takich sytuacjach bardzo agresywnego nacisku Zielonych pad\u0142y trzy gole, o czym warto pami\u0119ta\u0107. Problemem okaza\u0142o si\u0119 jednak to, \u017ce takich skutecznych akcji bez pi\u0142ki by\u0142o za ma\u0142o, a dodatkowo sama defensywa nie stan\u0119\u0142a wczoraj na wysoko\u015bci zadania. Jak wida\u0107, trener Tokarczyk wraz ze sztabem dobrze rozpozna\u0142 ligowe trendy i jego styl gry zyska\u0142 na znaczeniu.\u00a0<\/p>\n<p>&#8211; Jedn\u0105 z takich rzeczy, kt\u00f3r\u0105 bardzo mocno poprawili\u015bmy wzgl\u0119dem letniego okresu przygotowawczego w poprzednim sezonie jest uwolnienie pi\u0142ki po odbiorze. To moment, w kt\u00f3rym zesp\u00f3\u0142 odbiera pi\u0142k\u0119 i przechodzimy do ataku szybkiego lub pozycyjnego. Stoi to na lepszym poziomie. Nie m\u00f3wi\u0119 o tym, bazuj\u0105c tylko na odczuciu, lecz patrz\u0105c na statystyki, bo my te\u017c to liczymy. Wi\u0105\u017ce si\u0119 to z jako\u015bci\u0105 zawodnik\u00f3w, realizacj\u0105 plan\u00f3w, w jaki spos\u00f3b chcemy to robi\u0107. To na pewno jest plus, kt\u00f3ry doda nam p\u0142ynno\u015bci, cz\u0119stszego przebywania na po\u0142owie przeciwnika, wi\u0119cej mo\u017cliwo\u015bci do szybkich atak\u00f3w. Mam nadziej\u0119, \u017ce prze\u0142o\u017cy si\u0119 to na cz\u0119stsze zdobycze bramkowe jak i same sytuacje &#8211; m\u00f3wi\u0142 jeszcze przed meczem na konferencji prasowej Maciej Tokarczyk.\u00a0<\/p>\n<p>Aspektem, kt\u00f3ry nie by\u0142 by\u0107 mo\u017ce widoczny na pierwszy rzut okna, a zas\u0142uguje na du\u017ce uznanie jest mentalno\u015b\u0107 zespo\u0142u. Pytani przez nas zawodnicy ju\u017c po prezentacji dru\u017cyny w parku przy Starym Browarze nie ukrywali, \u017ce czuj\u0105 du\u017c\u0105 pewno\u015b\u0107 siebie przed sezonem i nie towarzyszy im stres. Na pomeczowej konferencji prasowej trener Maciej Tokarczyk mocno podkre\u015bla\u0142 ten element w postawie jego podopiecznych, kt\u00f3ry niemal\u017ce zaowocowa\u0142 remisem na inauguracj\u0119. Warta Pozna\u0144 dwa razy w trakcie meczu nawi\u0105zywa\u0142a kontakt z do\u015bwiadczonym rywalem, a przypomnijmy, \u017ce \u015brednia wieku kadry Zielonych to 23,3 lata.<\/p>\n<p>&#8211; Zaczn\u0119 od najwa\u017cniejszej rzeczy czyli od tego, jak m\u00f3j zesp\u00f3\u0142 reagowa\u0142 mentalnie. Potrafi\u0142 si\u0119 podnie\u015b\u0107 z 0:2 na 2:2, przycisn\u0105\u0107 przeciwnika i mie\u0107 kolejne sytuacje. Po stracie bramki na 3:2 r\u00f3wnie\u017c chcieli\u015bmy kreowa\u0107, dalej chcieli\u015bmy i\u015b\u0107 po gola i nie zwiesili\u015bmy g\u0142owy. To samo by\u0142o po bramce na 4:2, gdy ju\u017c si\u0119 mocno otworzyli\u015bmy i stracili\u015bmy tego gola z kontrataku. Mimo to, do samego ko\u0144ca chcieli\u015bmy trafi\u0107 po raz kolejny i to si\u0119 uda\u0142o &#8211; zaznacza\u0142 Maciej Tokarczyk na pomeczowej konferencji.\u00a0<\/p>\n<p>M\u00f3wi\u0105c o tym, jak Warta Pozna\u0144 powinna docelowo wygl\u0105da\u0107, nale\u017cy wskaza\u0107 drug\u0105 po\u0142ow\u0119 meczu z Poloni\u0105 Bytom. Po wst\u0119pnym przetarciu z 1. lig\u0105 w obecnym sk\u0142adzie Zieloni wygl\u0105dali jakby w przerwie powiedzieli sobie: &#8222;dobra, ju\u017c wiemy jak to wygl\u0105da&#8221;. Obraz meczu po przerwie przyni\u00f3s\u0142 dok\u0142adnie to, czego oczekiwali fani: wi\u0119ksz\u0105 kontrol\u0119 nad pi\u0142k\u0105, lepsze zrozumienie na wy\u017cszej intensywno\u015bci w rozegraniu pod bramk\u0105 rywali, skuteczniejsz\u0105 gr\u0119 w odbiorze i pr\u00f3by cz\u0119stszych uderze\u0144 na bramk\u0119. Zieloni byli w stanie trzyma\u0107 przez d\u0142u\u017csze chwile rywali pod ich w\u0142asnym polem karnym, nie pozwalaj\u0105c im wyj\u015b\u0107 z niskiego bloku.\u00a0<\/p>\n<p>&#8211; Na pewno szkoda wyniku natomiast dla mnie najwa\u017cniejsze jest to, \u017ceby tym meczem budowa\u0107 siebie dalej. Jeste\u015bmy dru\u017cyn\u0105, kt\u00f3ra ma wielu nowych zawodnik\u00f3w, jest odnowiona i potrzebujemy troch\u0119 czasu, \u017ceby pewne automatyzmy wdro\u017cy\u0107. Ten czas dzia\u0142a na pewno na nasz\u0105 korzy\u015b\u0107 natomiast to mental jest kluczowy. Gratuluj\u0119 moim zawodnikom i chcia\u0142bym to utrzyma\u0107 dalej. Na pewno widz\u0119 wi\u0119cej pozytyw\u00f3w ni\u017c negatyw\u00f3w z tego spotkania &#8211; przekonywa\u0142 opiekun Warty Pozna\u0144.<\/p>\n<p>Warta ma swoje wady, ale nie s\u0105 to punkty krytyczne. Wszystko jest kwesti\u0105 czasu i wyci\u0105gania wniosk\u00f3w<\/p>\n<p>Nawet m\u00f3wi\u0105c o defektach w grze Warty Pozna\u0144, trzeba przyzna\u0107, \u017ce nie s\u0105 one tak krytyczne jakby si\u0119 mog\u0142y pozornie wydawa\u0107. Problemy Zielonych wynika\u0142y w du\u017cej mierze z powodu pewnego &#8222;nieopierzenia&#8221; w Betclic 1. lidze. Zespo\u0142owi brakowa\u0142o przede wszystkim spokoju w pierwszej po\u0142owie i to w\u0142a\u015bnie brak opanowania doprowadzi\u0142 do straty dw\u00f3ch goli, kt\u00f3re mocno utrudni\u0142y go\u015bciom drog\u0119 do jakichkolwiek punkt\u00f3w.\u00a0<\/p>\n<p>Wydaje si\u0119, \u017ce g\u0142\u00f3wnym zadaniem, jakie stoi przed pi\u0142karzami Warty Pozna\u0144 b\u0119dzie przede wszystkim trzymanie emocji na wodzy. Dru\u017cyna wygl\u0105da\u0142a pocz\u0105tkowo jakby po prostu ba\u0142a si\u0119 gra\u0107 pi\u0142k\u0105 po ziemi w spos\u00f3b kombinacyjny przy mocnym pressingu przeciwnik\u00f3w.\u00a0Cz\u0119ste, chaotyczne wykopywanie futbol\u00f3wki do przodu i przegrywanie pojedynk\u00f3w w powietrzu, nap\u0119dza\u0142o ataki przeciwnik\u00f3w, kt\u00f3re doprowadzi\u0142y do tego, \u017ce Zieloni stracili dwa gole. Warta do oko\u0142o 35. minuty meczu nie znalaz\u0142a odpowiedniego balansu mi\u0119dzy agresj\u0105, determinacj\u0105 i \u017cywio\u0142owo\u015bci\u0105 w obronie, a koncentracj\u0105, spokojem i inteligencj\u0105 w ofensywie. Zamiast tego wszystko w obu fazach skupia\u0142o si\u0119 na ogromnej dynamice, kt\u00f3ra niejednokrotnie by\u0142a pozbawiona chwil na refleksj\u0119.\u00a0<\/p>\n<p>Sam spos\u00f3b straty czterech bramek w meczu z Poloni\u0105 nie wskazywa\u0142 na to, \u017ce Warta Pozna\u0144 ma w pierwszej linii powa\u017cne problemy, kt\u00f3re koniecznie musi wyeliminowa\u0107. Oczywi\u015bcie bez w\u0105tpienia trafienia z pierwszej po\u0142owy wskazuj\u0105 na to, \u017ce dru\u017cyna powinna si\u0119 lepiej komunikowa\u0107 w obronie strefowej i niskim bloku obronnym jednak wszystko rozbija si\u0119 o utrat\u0119 kontroli nad spotkaniem. Zieloni w kolejnych spotkaniach musz\u0105 zdecydowanie cz\u0119\u015bciej utrzymywa\u0107 si\u0119 przy pi\u0142ce, bo w\u0142a\u015bnie wtedy rywale nie mieli wielu argument\u00f3w w swojej grze w kontek\u015bcie zaszkodzenia go\u015bciom. 62% posiadania pi\u0142ki dobitnie to u\u015bwiadamia\u0142y.<\/p>\n<p>Granie szybko na ma\u0142ej przestrzeni na jeden kontakt warto cz\u0119sto zast\u0119powa\u0107 atakiem pozycyjnym opartym na kontroli poczyna\u0144 z futbol\u00f3wk\u0105 przy nodze. Sam trener Tokarczyk niejednokrotnie w zesz\u0142ym sezonie dawa\u0142 do zrozumienia swoimi wypowiedziami, \u017ce na boisku nie zamierza niczego powierza\u0107 przypadkowi. Odnosi\u0142o si\u0119 to tak\u017ce do tematu cz\u0119stszych strza\u0142\u00f3w z dystansu, po kt\u00f3rych pi\u0142ka mog\u0142a odbi\u0107 si\u0119 do bramki rywali. Warta wi\u0119kszo\u015b\u0107 pierwszej po\u0142owy rozegra\u0142a w sprzeczno\u015bci do wymaga\u0144 szkoleniowca.<\/p>\n<p>Druga kolejka przyniesie jednego z najci\u0119\u017cszych rywali. Warta ma jednak wszystko w swoich r\u0119kach<\/p>\n<p>Na warciarzy za tydzie\u0144 czeka jeszcze wi\u0119ksze wyzwanie, bowiem zmierz\u0105 si\u0119 ze spadkowiczem z Ekstraklasy &#8211; Lechi\u0105 Gda\u0144sk. Kibice s\u0105 z pewno\u015bci\u0105 ciekawi, jakie oblicze zaprezentuje wtedy zesp\u00f3\u0142 trenera Tokarczyka i gdzie b\u0119dzie w szczeg\u00f3lno\u015bci widoczny progres w ich grze. Pocz\u0105tek rywalizacji ju\u017c 31 lipca o 20:30 na stadionie przeciwnika. Je\u015bli Warta zagra w jednym tonie przez ca\u0142y mecz, zdo\u0142a narzuci\u0107 przeciwnikowi sw\u00f3j styl gry i utrzyma kontrol\u0119 nad meczem, jej kibice po ko\u0144cowym gwizdku wreszcie powinni cieszy\u0107 si\u0119 z pierwszego zwyci\u0119stwa od ostatnich pi\u0119ciu mecz\u00f3w.<\/p>\n<p><img decoding=\"async\" data-not-lazy=\"\" alt=\"Micha\u0142 Korek - zdj\u0119cie autora\" class=\"rounded-circle article__author--image\" src=\"https:\/\/www.europesays.com\/pl\/wp-content\/uploads\/2026\/07\/1784993729_563_b7602b82-7c7b-4629-a3a5-9ead59221c81.png\"\/><a href=\"https:\/\/sportowy-poznan.pl\/autor\/B6BeDwg9IuuH8TOUsxJ3\" rel=\"nofollow noopener\" target=\"_blank\">Micha\u0142 Korek<\/a><\/p>\n<p>Mi\u0142o\u015bnik pi\u0142ki no\u017cnej i fan koszyk\u00f3wki. Przygod\u0119 z dziennikarstwem zacz\u0105\u0142 w liceum od za\u0142o\u017cenia podcastu \u201eCalcio Polska\u201d. Na studiach do\u0142\u0105czy\u0142 do redakcji sportowej Radia Meteor i do telewizji uniwersyteckiej Kurier Akademicki. Wsp\u00f3\u0142tw\u00f3rca programu \u201eEcho Milanello\u201d na YouTube, redaktor strony Acmilan.com.pl. W 2022 roku zdoby\u0142 wyr\u00f3\u017cnienie w XVI edycji mi\u0119dzynarodowego konkursu FanFila w kategorii poezja.<\/p>\n","protected":false},"excerpt":{"rendered":"Autor: Tomasz Deska | Opis: Warta Pozna\u0144 przegra\u0142a mecz, ale to wcale nie oznacza z\u0142ych wiadomo\u015bci. Rywale Warty&hellip;\n","protected":false},"author":2,"featured_media":579198,"comment_status":"","ping_status":"","sticky":false,"template":"","format":"standard","meta":{"footnotes":"","_share_on_mastodon":"0"},"categories":[51609],"tags":[2193,38308,42,38,40,7174,39,41,1817,9538],"class_list":["post-579197","post","type-post","status-publish","format-standard","has-post-thumbnail","category-poznan","tag-betclic-1-liga","tag-maciej-tokarczyk","tag-pl","tag-poland","tag-polish","tag-polonia-bytom","tag-polska","tag-polski","tag-poznan","tag-warta-poznan"],"share_on_mastodon":{"url":"https:\/\/pubeurope.com\/@pl\/116981355612273751","error":""},"_links":{"self":[{"href":"https:\/\/www.europesays.com\/pl\/wp-json\/wp\/v2\/posts\/579197","targetHints":{"allow":["GET"]}}],"collection":[{"href":"https:\/\/www.europesays.com\/pl\/wp-json\/wp\/v2\/posts"}],"about":[{"href":"https:\/\/www.europesays.com\/pl\/wp-json\/wp\/v2\/types\/post"}],"author":[{"embeddable":true,"href":"https:\/\/www.europesays.com\/pl\/wp-json\/wp\/v2\/users\/2"}],"replies":[{"embeddable":true,"href":"https:\/\/www.europesays.com\/pl\/wp-json\/wp\/v2\/comments?post=579197"}],"version-history":[{"count":0,"href":"https:\/\/www.europesays.com\/pl\/wp-json\/wp\/v2\/posts\/579197\/revisions"}],"wp:featuredmedia":[{"embeddable":true,"href":"https:\/\/www.europesays.com\/pl\/wp-json\/wp\/v2\/media\/579198"}],"wp:attachment":[{"href":"https:\/\/www.europesays.com\/pl\/wp-json\/wp\/v2\/media?parent=579197"}],"wp:term":[{"taxonomy":"category","embeddable":true,"href":"https:\/\/www.europesays.com\/pl\/wp-json\/wp\/v2\/categories?post=579197"},{"taxonomy":"post_tag","embeddable":true,"href":"https:\/\/www.europesays.com\/pl\/wp-json\/wp\/v2\/tags?post=579197"}],"curies":[{"name":"wp","href":"https:\/\/api.w.org\/{rel}","templated":true}]}}