{"id":579891,"date":"2026-07-25T23:52:09","date_gmt":"2026-07-25T23:52:09","guid":{"rendered":"https:\/\/www.europesays.com\/pl\/579891\/"},"modified":"2026-07-25T23:52:09","modified_gmt":"2026-07-25T23:52:09","slug":"joshua-znokautowany-ale-wrocil-i-wygral-sensacyjna-walka-z-prenga","status":"publish","type":"post","link":"https:\/\/www.europesays.com\/pl\/579891\/","title":{"rendered":"Joshua znokautowany, ale wr\u00f3ci\u0142 i wygra\u0142! Sensacyjna walka z Preng\u0105"},"content":{"rendered":"<p>Walka odby\u0142a si\u0119 podczas gali w Arabii Saudyjskiej. Joshua, by\u0142y mistrz \u015bwiata wagi ci\u0119\u017ckiej, przyst\u0119powa\u0142 do pojedynku z bilansem 29 zwyci\u0119stw i 4 pora\u017ckami. Jego rywal, Kristian Prenga, mia\u0142 na koncie 20 wygranych walk, wszystkie zako\u0144czone przed czasem, oraz jedn\u0105 pora\u017ck\u0119. Alba\u0144czyk by\u0142 w znakomitej formie, notuj\u0105c seri\u0119 16 kolejnych zwyci\u0119stw.<\/p>\n<p> Dalszy ci\u0105g artyku\u0142u pod materia\u0142em wideo Alba\u0144czyk zaskoczy\u0142 Joshu\u0119<\/p>\n<p>Ju\u017c od pierwszego gongu Prenga ruszy\u0142 do zdecydowanego ataku. Po kilkunastu sekundach trafi\u0142 Joshu\u0119 mocnym podbr\u00f3dkowym, posy\u0142aj\u0105c faworyta na deski. Brytyjczyk zdo\u0142a\u0142 si\u0119 podnie\u015b\u0107, ale przez kilka kolejnych chwil by\u0142 wyra\u017anie zamroczony i mia\u0142 trudno\u015bci z odzyskaniem r\u00f3wnowagi. Prenga kontynuowa\u0142 ofensyw\u0119, trafiaj\u0105c mocnymi prawymi, a Joshua pr\u00f3bowa\u0142 klinczowa\u0107, by przetrwa\u0107 najtrudniejszy moment. W pewnym momencie ponownie znalaz\u0142 si\u0119 na macie, jednak s\u0119dzia nie uzna\u0142 tej sytuacji za kolejny nokdaun.<\/p>\n<p> Spektakularny powr\u00f3t Joshuy w drugiej rundzie <\/p>\n<p>Przebieg walki zmieni\u0142 si\u0119 po przerwie mi\u0119dzy rundami. Joshua nagle zacz\u0105\u0142 przejmowa\u0107 inicjatyw\u0119. W drugiej rundzie to Prenga znalaz\u0142 si\u0119 pod presj\u0105, gdy Brytyjczyk trafi\u0142 go mocn\u0105 kombinacj\u0105 lewego prostego z prawym. Po serii kolejnych cios\u00f3w Alba\u0144czyk zosta\u0142 zepchni\u0119ty w okolice naro\u017cnika i pad\u0142 na mat\u0119, nie podnosz\u0105c si\u0119 przed zako\u0144czeniem liczenia.<\/p>\n<p>Walka, kt\u00f3ra mia\u0142a by\u0107 dla Joshuy sprawdzianem przed potencjalnym starciem z Tysonem Furym, okaza\u0142a si\u0119 pe\u0142na zwrot\u00f3w akcji. Brytyjczyk udowodni\u0142, \u017ce potrafi wyj\u015b\u0107 z g\u0142\u0119bokiego kryzysu, jednak ju\u017c pierwsze sekundy pojedynku pokaza\u0142y, \u017ce wci\u0105\u017c ma elementy do poprawy przed ewentualnym starciem z &#8222;Kr\u00f3lem Cygan\u00f3w&#8221;. Warto przypomnie\u0107, \u017ce Tyson Fury dzie\u0144 wcze\u015bniej pokona\u0142 Mariusza Wacha.<\/p>\n<p>Zwyci\u0119stwo w D\u017cuddzie by\u0142o dla Joshuy niezwykle istotne, zar\u00f3wno pod wzgl\u0119dem sportowym, jak i w kontek\u015bcie dalszej kariery. Wed\u0142ug ustale\u0144 36-letni pi\u0119\u015bciarz zmierzy si\u0119 w kolejnych miesi\u0105cach w\u0142a\u015bnie z Furym.<\/p>\n","protected":false},"excerpt":{"rendered":"Walka odby\u0142a si\u0119 podczas gali w Arabii Saudyjskiej. Joshua, by\u0142y mistrz \u015bwiata wagi ci\u0119\u017ckiej, przyst\u0119powa\u0142 do pojedynku z&hellip;\n","protected":false},"author":2,"featured_media":579892,"comment_status":"","ping_status":"","sticky":false,"template":"","format":"standard","meta":{"footnotes":"","_share_on_mastodon":"0"},"categories":[52122],"tags":[31704,2514,61195,48,46,6010,752,42,38,40,39,41,47],"class_list":["post-579891","post","type-post","status-publish","format-standard","has-post-thumbnail","category-pko-bank-polski","tag-anthony_joshua","tag-boks","tag-bottomfeed_styl","tag-nat_styl","tag-omp","tag-pko-bank-polski","tag-pko-bp","tag-pl","tag-poland","tag-polish","tag-polska","tag-polski","tag-screening_general"],"share_on_mastodon":{"url":"https:\/\/pubeurope.com\/@pl\/116983309571586461","error":""},"_links":{"self":[{"href":"https:\/\/www.europesays.com\/pl\/wp-json\/wp\/v2\/posts\/579891","targetHints":{"allow":["GET"]}}],"collection":[{"href":"https:\/\/www.europesays.com\/pl\/wp-json\/wp\/v2\/posts"}],"about":[{"href":"https:\/\/www.europesays.com\/pl\/wp-json\/wp\/v2\/types\/post"}],"author":[{"embeddable":true,"href":"https:\/\/www.europesays.com\/pl\/wp-json\/wp\/v2\/users\/2"}],"replies":[{"embeddable":true,"href":"https:\/\/www.europesays.com\/pl\/wp-json\/wp\/v2\/comments?post=579891"}],"version-history":[{"count":0,"href":"https:\/\/www.europesays.com\/pl\/wp-json\/wp\/v2\/posts\/579891\/revisions"}],"wp:featuredmedia":[{"embeddable":true,"href":"https:\/\/www.europesays.com\/pl\/wp-json\/wp\/v2\/media\/579892"}],"wp:attachment":[{"href":"https:\/\/www.europesays.com\/pl\/wp-json\/wp\/v2\/media?parent=579891"}],"wp:term":[{"taxonomy":"category","embeddable":true,"href":"https:\/\/www.europesays.com\/pl\/wp-json\/wp\/v2\/categories?post=579891"},{"taxonomy":"post_tag","embeddable":true,"href":"https:\/\/www.europesays.com\/pl\/wp-json\/wp\/v2\/tags?post=579891"}],"curies":[{"name":"wp","href":"https:\/\/api.w.org\/{rel}","templated":true}]}}