{"id":579952,"date":"2026-07-26T00:48:14","date_gmt":"2026-07-26T00:48:14","guid":{"rendered":"https:\/\/www.europesays.com\/pl\/579952\/"},"modified":"2026-07-26T00:48:14","modified_gmt":"2026-07-26T00:48:14","slug":"efektowna-oprawa-kibicow-jagiellonii-pozegnanie-dyrektora","status":"publish","type":"post","link":"https:\/\/www.europesays.com\/pl\/579952\/","title":{"rendered":"Efektowna oprawa kibic\u00f3w Jagiellonii. Po\u017cegnanie dyrektora"},"content":{"rendered":"<p>Jagiellonia Bia\u0142ystok udanie zainaugurowa\u0142a nowy sezon Ekstraklasy. Pi\u0142karze wygrali z\u00a0Koron\u0105 Kielce, kibice zaprezentowali efektown\u0105 opraw\u0119, a\u00a0tak\u017ce po\u017cegnali dyrektora sportowego \u0141ukasza Mas\u0142owskiego.<\/p>\n<p>Jagiellonia \u2013 Korona 1:0. Efektowna oprawa kibic\u00f3w<\/p>\n<p>Dwa miesi\u0105ce bez\u00a0ligowego grania \u2013 mo\u017cna by\u0142o porz\u0105dnie st\u0119skni\u0107 si\u0119 za\u00a0ekstraklasowym futbolem. Fani z\u00a0Bia\u0142egostoku ewidentnie co\u015b o\u00a0tym wiedz\u0105, zatem stan\u0119li na\u00a0wysoko\u015bci zadania i\u00a0efektownie przywitali si\u0119 z\u00a0nowym sezonem.<\/p>\n<p>Ju\u017c na\u00a0pocz\u0105tku spotkania Jagiellonii z\u00a0Koron\u0105 Kielce zaprezentowano efektown\u0105 sektor\u00f3wk\u0119 z\u00a0nawi\u0105zaniem do\u00a0popularnego serialu 1670 i\u00a0postaci Jana Paw\u0142a. Rok zosta\u0142 zmieniony na\u00a01920 (za\u0142o\u017cenie Jagiellonii), a\u00a0ca\u0142o\u015b\u0107 u\u015bwietni\u0142 przerobiony cytat g\u0142\u00f3wnej postaci:<\/p>\n<p>\u201ePi\u0142ka no\u017cna, alkohol, szemrane towarzystwo. Ale\u00a0przyjemnie\u201d.<\/p>\n<p>Fani z\u00a0Bia\u0142egostoku po\u017cegnali te\u017c obecnego na\u00a0spotkaniu \u0141ukasza Mas\u0142owskiego. Niedawny dyrektor sportowy Jagiellonii uchodzi za\u00a0jednego z\u00a0architekt\u00f3w ostatnich sukces\u00f3w klubu, w\u00a0tym historycznego tytu\u0142u mistrzowskiego.<\/p>\n<p>\u201eNie zapomnij, co\u00a0zrobi\u0142e\u015b \u2013 z\u00a0Jag\u0105 mistrza wywalczy\u0142e\u015b! \u0141ukasz dzi\u0119kujemy! My\u00a0nie\u00a0zapomnimy!\u201d \u2013\u00a0przekazali kibice.<\/p>\n<blockquote class=\"twitter-tweet\">\n<p dir=\"ltr\" lang=\"pl\"><a href=\"https:\/\/x.com\/hashtag\/JAGKOR?src=hash&amp;ref_src=twsrc%5Etfw\" target=\"_blank\" rel=\"noopener noreferrer nofollow\">#JAGKOR<\/a> \u201eNie zapomnij, co\u00a0zrobi\u0142e\u015b \u2013 z\u00a0Jag\u0105 mistrza wywalczy\u0142e\u015b! \u0141ukasz dzi\u0119kujemy! My\u00a0nie\u00a0zapomnimy!\u201d.<\/p>\n<p>Transparent kibic\u00f3w dla <a href=\"https:\/\/x.com\/Maslo1981?ref_src=twsrc%5Etfw\" target=\"_blank\" rel=\"noopener noreferrer nofollow\">@Maslo1981<\/a>. <a href=\"https:\/\/t.co\/2ayN3ImOii\" target=\"_blank\" rel=\"noopener noreferrer nofollow\">pic.twitter.com\/2ayN3ImOii<\/a><\/p>\n<p>\u2014\u00a0Kuba Seweryn (@KubaSeweryn) <a href=\"https:\/\/x.com\/KubaSeweryn\/status\/2080993057969721474?ref_src=twsrc%5Etfw\" target=\"_blank\" rel=\"noopener noreferrer nofollow\">July 25, 2026<\/a><\/p>\n<\/blockquote>\n<p>Gracze Jagiellonii, cho\u0107 d\u0142ugo nie\u00a0zachwycali, ostatecznie te\u017c dali swoim fanom powody do\u00a0zadowolenia. Po\u00a0golu w\u00a089. minucie Nika Preleca gospodarze pokonali 1:0 Koron\u0119 Kielce.<\/p>\n<p>                    <script async src=\"https:\/\/platform.twitter.com\/widgets.js\" charset=\"utf-8\"><\/script><\/p>\n","protected":false},"excerpt":{"rendered":"Jagiellonia Bia\u0142ystok udanie zainaugurowa\u0142a nowy sezon Ekstraklasy. Pi\u0142karze wygrali z\u00a0Koron\u0105 Kielce, kibice zaprezentowali efektown\u0105 opraw\u0119, a\u00a0tak\u017ce po\u017cegnali dyrektora&hellip;\n","protected":false},"author":2,"featured_media":579953,"comment_status":"","ping_status":"","sticky":false,"template":"","format":"standard","meta":{"footnotes":"","_share_on_mastodon":"0"},"categories":[5],"tags":[217,32,33,36,37,27,2615,34,35,32329,28,31,25,42,38,40,39,41,29,30,26],"class_list":["post-579952","post","type-post","status-publish","format-standard","has-post-thumbnail","category-naglowki","tag-217","tag-breaking-news","tag-breakingnews","tag-featured-news","tag-featurednews","tag-headlines","tag-jagiellonia-bialystok","tag-latest-news","tag-latestnews","tag-lukasz-maslowski","tag-naglowki","tag-najwazniejsze-artykuly","tag-news","tag-pl","tag-poland","tag-polish","tag-polska","tag-polski","tag-top-stories","tag-topstories","tag-wiadomosci"],"share_on_mastodon":{"url":"https:\/\/pubeurope.com\/@pl\/116983529679475886","error":""},"_links":{"self":[{"href":"https:\/\/www.europesays.com\/pl\/wp-json\/wp\/v2\/posts\/579952","targetHints":{"allow":["GET"]}}],"collection":[{"href":"https:\/\/www.europesays.com\/pl\/wp-json\/wp\/v2\/posts"}],"about":[{"href":"https:\/\/www.europesays.com\/pl\/wp-json\/wp\/v2\/types\/post"}],"author":[{"embeddable":true,"href":"https:\/\/www.europesays.com\/pl\/wp-json\/wp\/v2\/users\/2"}],"replies":[{"embeddable":true,"href":"https:\/\/www.europesays.com\/pl\/wp-json\/wp\/v2\/comments?post=579952"}],"version-history":[{"count":0,"href":"https:\/\/www.europesays.com\/pl\/wp-json\/wp\/v2\/posts\/579952\/revisions"}],"wp:featuredmedia":[{"embeddable":true,"href":"https:\/\/www.europesays.com\/pl\/wp-json\/wp\/v2\/media\/579953"}],"wp:attachment":[{"href":"https:\/\/www.europesays.com\/pl\/wp-json\/wp\/v2\/media?parent=579952"}],"wp:term":[{"taxonomy":"category","embeddable":true,"href":"https:\/\/www.europesays.com\/pl\/wp-json\/wp\/v2\/categories?post=579952"},{"taxonomy":"post_tag","embeddable":true,"href":"https:\/\/www.europesays.com\/pl\/wp-json\/wp\/v2\/tags?post=579952"}],"curies":[{"name":"wp","href":"https:\/\/api.w.org\/{rel}","templated":true}]}}