{"id":580020,"date":"2026-07-26T01:54:13","date_gmt":"2026-07-26T01:54:13","guid":{"rendered":"https:\/\/www.europesays.com\/pl\/580020\/"},"modified":"2026-07-26T01:54:13","modified_gmt":"2026-07-26T01:54:13","slug":"joshua-poruszyl-po-walce-z-prenga-padly-wazne-slowa-przed-starciem-z-furym","status":"publish","type":"post","link":"https:\/\/www.europesays.com\/pl\/580020\/","title":{"rendered":"Joshua poruszy\u0142 po walce z Preng\u0105. Pad\u0142y wa\u017cne s\u0142owa przed starciem z Furym"},"content":{"rendered":"<p>Powr\u00f3t Joshuy do ringu mia\u0142 by\u0107 ostatnim sprawdzianem przed najwi\u0119kszym wyzwaniem ostatnich lat. Jednak pocz\u0105tek walki z Preng\u0105 okaza\u0142 si\u0119 dla niego koszmarny. Alba\u0144czyk ju\u017c po kilkunastu sekundach zaskoczy\u0142 by\u0142ego mistrza \u015bwiata mocnym podbr\u00f3dkowym, a chwil\u0119 p\u00f3\u017aniej ponownie pos\u0142a\u0142 go na deski. Joshua przetrwa\u0142 kryzys i po przerwie ca\u0142kowicie odmieni\u0142 obraz walki, nokautuj\u0105c rywala w drugiej rundzie.<\/p>\n<p> Dalszy ci\u0105g artyku\u0142u pod materia\u0142em wideo Anthony Joshua: To by\u0142a si\u0142a moich przyjaci\u00f3\u0142<\/p>\n<p>Po zwyci\u0119stwie Brytyjczyk przyzna\u0142, \u017ce w najtrudniejszych momentach czerpa\u0142 motywacj\u0119 z pami\u0119ci o Sinie Ghamim i Latifie Ayodele, bliskich wsp\u00f3\u0142pracownikach, kt\u00f3rzy zgin\u0119li w grudniowym wypadku samochodowym. Joshua by\u0142 pasa\u017cerem tego auta i od tamtej pory rzadko publicznie wraca\u0142 do tamtych wydarze\u0144.<\/p>\n<p>\u2014 To by\u0142o co\u015b wi\u0119cej ni\u017c tylko si\u0142a cios\u00f3w. To by\u0142 duch moich przyjaci\u00f3\u0142 i ich rodzin. Nadal bardzo trudno mi o tym m\u00f3wi\u0107. To byli moi bracia \u2014 powiedzia\u0142 po walce.<\/p>\n<p>     <img class=\"ods-a-photo ods-a-photo--background\" src=\"https:\/\/www.europesays.com\/pl\/wp-content\/uploads\/2026\/07\/lvfk9lBaHR0cHM6Ly9vY2RuLmV1L3B1bHNjbXMvTURBXy9iZTA0YWMyMWIyNDg3YzlmMjU1YjY2NDQ5MzAzNDM3Ny5qcGeRkwXNB.jpeg\" height=\"695\" width=\"940\" alt=\"Anthony Joshua\" loading=\"lazy\" fetchpriority=\"auto\" decoding=\"auto\"\/>    <\/p>\n<p>Mark Robinson \/ Getty Images<\/p>\n<p>  Anthony Joshua  <\/p>\n<p>   Walka z Tysonem Furym coraz bli\u017cej<\/p>\n<p>Joshua nie ukrywa, \u017ce jego kolejnym celem jest starcie z Tysonem Furym. Obaj pi\u0119\u015bciarze wygrali swoje ostatnie pojedynki \u2014 Fury dzie\u0144 wcze\u015bniej pokona\u0142 Mariusza Wacha w Tajlandii \u2014 i wszystko wskazuje na to, \u017ce ich d\u0142ugo wyczekiwana konfrontacja odb\u0119dzie si\u0119 jeszcze w tym roku.<\/p>\n<p>Brytyjczyk podkre\u015bli\u0142, \u017ce szanuje osi\u0105gni\u0119cia Fury&#8217;ego, ale jest przekonany o w\u0142asnych mo\u017cliwo\u015bciach.<\/p>\n<p>\u2014 Mam do niego ogromny respekt za wszystko, co osi\u0105gn\u0105\u0142. Teraz jednak nadszed\u0142 czas, by\u015bmy spotkali si\u0119 w ringu. Wierz\u0119, \u017ce kibice dostan\u0105 widowisko, na kt\u00f3re czekali od lat. Jednego jestem pewien \u2014 nie dam si\u0119 zatrzyma\u0107 \u2014 zapowiedzia\u0142.<\/p>\n<p>     Eddie Hearn: Joshua pokaza\u0142 niezwyk\u0142\u0105 si\u0142\u0119<\/p>\n<p>Promotor Anthony&#8217;ego Joshuy, Eddie Hearn, potwierdzi\u0142 po gali, \u017ce wszystkie formalno\u015bci dotycz\u0105ce walki z Furym zosta\u0142y ju\u017c dopi\u0119te. Jego zdaniem najwi\u0119ksze zwyci\u0119stwo Joshua odni\u00f3s\u0142 jednak nie w ringu, lecz wracaj\u0105c do sportu po osobistej tragedii.<\/p>\n<p>\u2014 Sam fakt, \u017ce Anthony stan\u0105\u0142 dzi\u015b mi\u0119dzy linami, jest imponuj\u0105cy. Ostatnie miesi\u0105ce by\u0142y dla niego niezwykle trudne i niewiele os\u00f3b zdaje sobie spraw\u0119 z tego, przez co przeszed\u0142. Gdy w pierwszej rundzie dwa razy znalaz\u0142 si\u0119 na deskach, przez moment pomy\u015bla\u0142em, \u017ce by\u0107 mo\u017ce wr\u00f3ci\u0142 zbyt wcze\u015bnie \u2014 przyzna\u0142 Hearn.<\/p>\n<p>Promotor uwa\u017ca, \u017ce treningi i przygotowania do walki pomog\u0142y Joshua odzyska\u0107 r\u00f3wnowag\u0119 po dramatycznych wydarzeniach.<\/p>\n<p>\u2014 Boks da\u0142 mu cel i pozwoli\u0142 skupi\u0107 si\u0119 na pracy mimo ogromnego b\u00f3lu. Kiedy wydawa\u0142o si\u0119, \u017ce jego kariera mo\u017ce zako\u0144czy\u0107 si\u0119 w pierwszej rundzie, znalaz\u0142 w sobie si\u0142\u0119, by jeszcze raz si\u0119 podnie\u015b\u0107. To pokazuje, jak wielki ma charakter \u2014 podsumowa\u0142 Hearn.<\/p>\n<p>Po zwyci\u0119stwie nad Preng\u0105 wszystko wskazuje na to, \u017ce kolejnym przystankiem w karierze Anthony&#8217;ego Joshuy b\u0119dzie hitowe starcie z Tysonem Furym. Je\u015bli do niego dojdzie, b\u0119dzie to jedna z najwi\u0119kszych walk w historii brytyjskiego boksu.<\/p>\n","protected":false},"excerpt":{"rendered":"Powr\u00f3t Joshuy do ringu mia\u0142 by\u0107 ostatnim sprawdzianem przed najwi\u0119kszym wyzwaniem ostatnich lat. Jednak pocz\u0105tek walki z Preng\u0105&hellip;\n","protected":false},"author":2,"featured_media":580021,"comment_status":"","ping_status":"","sticky":false,"template":"","format":"standard","meta":{"footnotes":"","_share_on_mastodon":"0"},"categories":[52122],"tags":[31704,2514,61195,48,46,6010,752,42,38,40,39,41,47],"class_list":["post-580020","post","type-post","status-publish","format-standard","has-post-thumbnail","category-pko-bank-polski","tag-anthony_joshua","tag-boks","tag-bottomfeed_styl","tag-nat_styl","tag-omp","tag-pko-bank-polski","tag-pko-bp","tag-pl","tag-poland","tag-polish","tag-polska","tag-polski","tag-screening_general"],"share_on_mastodon":{"url":"https:\/\/pubeurope.com\/@pl\/116983789969440280","error":""},"_links":{"self":[{"href":"https:\/\/www.europesays.com\/pl\/wp-json\/wp\/v2\/posts\/580020","targetHints":{"allow":["GET"]}}],"collection":[{"href":"https:\/\/www.europesays.com\/pl\/wp-json\/wp\/v2\/posts"}],"about":[{"href":"https:\/\/www.europesays.com\/pl\/wp-json\/wp\/v2\/types\/post"}],"author":[{"embeddable":true,"href":"https:\/\/www.europesays.com\/pl\/wp-json\/wp\/v2\/users\/2"}],"replies":[{"embeddable":true,"href":"https:\/\/www.europesays.com\/pl\/wp-json\/wp\/v2\/comments?post=580020"}],"version-history":[{"count":0,"href":"https:\/\/www.europesays.com\/pl\/wp-json\/wp\/v2\/posts\/580020\/revisions"}],"wp:featuredmedia":[{"embeddable":true,"href":"https:\/\/www.europesays.com\/pl\/wp-json\/wp\/v2\/media\/580021"}],"wp:attachment":[{"href":"https:\/\/www.europesays.com\/pl\/wp-json\/wp\/v2\/media?parent=580020"}],"wp:term":[{"taxonomy":"category","embeddable":true,"href":"https:\/\/www.europesays.com\/pl\/wp-json\/wp\/v2\/categories?post=580020"},{"taxonomy":"post_tag","embeddable":true,"href":"https:\/\/www.europesays.com\/pl\/wp-json\/wp\/v2\/tags?post=580020"}],"curies":[{"name":"wp","href":"https:\/\/api.w.org\/{rel}","templated":true}]}}