{"id":580769,"date":"2026-07-26T12:19:04","date_gmt":"2026-07-26T12:19:04","guid":{"rendered":"https:\/\/www.europesays.com\/pl\/580769\/"},"modified":"2026-07-26T12:19:04","modified_gmt":"2026-07-26T12:19:04","slug":"o-ktorej-mecz-jagiellonia-bialystok-korona-kielce-transmisja-live-stream-gdzie-obejrzec-w-tv-cksport-pl-sport-kielce-korona-kielce","status":"publish","type":"post","link":"https:\/\/www.europesays.com\/pl\/580769\/","title":{"rendered":"O kt\u00f3rej mecz Jagiellonia Bia\u0142ystok \u2013 Korona Kielce? Transmisja, Live Stream. Gdzie obejrze\u0107 w TV? &#8211; CKsport.pl &#8211; Sport Kielce | Korona Kielce"},"content":{"rendered":"<p>W 1. kolejce sezonu 2026\/2027 PKO BP Ekstraklasy Korona Kielce zmierzy si\u0119 na wyje\u017adzie z Jagielloni\u0105 Bia\u0142ystok. Oczywi\u015bcie transmisja z tej potyczki b\u0119dzie dost\u0119pna w telewizji oraz w internecie.<\/p>\n<p>W mi\u0119dzysezonowym okienku Korona poczyni\u0142a spore wzmocnienia. Przy \u015aciegiennego 8 zameldowali si\u0119 gwiazda ligi Patrik Hellebrand, Kamil Jakubczyk, Ariel Mos\u00f3r, Norbert Barczak, a tak\u017ce Morgan Fassbender (ostatni z wymienionych nie wiadomo czy zostanie zarejestrowany do czasu pierwszego gwizdka w Bia\u0142ymstoku). Jak podkre\u015blaj\u0105 sami zawodnicy nie skupiaj\u0105 si\u0119 na celach d\u0142ugoterminowych.\u00a0<\/p>\n<p>\u2013 Generalnie w zespole panuje taka atmosfera, w kt\u00f3rej dla dru\u017cyny ka\u017cdy najbli\u017cszy mecz jest najwa\u017cniejszy. My dzisiaj nie my\u015blimy o tym, co b\u0119dzie si\u0119 dzia\u0142o w kwietniu, maju czy marcu. Teraz chcemy si\u0119 skupi\u0107 na najbli\u017cszym starciu z Jagielloni\u0105. To jest dla nas najwa\u017cniejsze, \u017ceby zdoby\u0107 z tym rywalem trzy punkty. Dzisiaj nie b\u0119dziemy si\u0119 skupia\u0107, czy my chcemy zaj\u0105\u0107 \u00f3sme, dziewi\u0105te czy pierwsze miejsce. Chc\u0119, aby wszyscy tak do tego podchodzili. Poprzez zdobywanie tych najbli\u017cszych cel\u00f3w mo\u017cna w kwietniu by\u0107 bardzo pozytywnie zaskoczonym. Chcia\u0142bym aby ka\u017cdy mia\u0142 takie podej\u015bcie \u2013 zaznaczy\u0142 <a href=\"https:\/\/www.cksport.pl\/pokazWiadomosc\/33950_stepinski_przed_jagiellonia-_czujemy_sie_mocni_jako_zespol_ale_na_samym_koncu_wszystko_weryfikuje_boisko.html\" rel=\"nofollow noopener\" target=\"_blank\">Mariusz St\u0119pi\u0144ski<\/a>, napastnik \u201e\u017c\u00f3\u0142to-czerwonych z Kielc\u201d.\u00a0<\/p>\n<p>\u00a0<\/p>\n<p> <img decoding=\"async\" style=\"height: 40px; width: auto; display: block;\" src=\"https:\/\/www.europesays.com\/pl\/wp-content\/uploads\/2026\/04\/1775862933_206_ck_sport_1.png\" alt=\"CK Sport Logo\"\/> <\/p>\n<p style=\"font-size: clamp(11px, 3vw, 13px); font-weight: bold; color: #ffd700; text-transform: uppercase; letter-spacing: 2.5px; margin: 0px 0px 10px; opacity: 0.9; text-align: center;\">PKO BP Ekstraklasa \u2022 1. Kolejka<\/p>\n<p>\u00a0<\/p>\n<p><img decoding=\"async\" style=\"height: clamp(65px, 12vw, 95px); width: auto; object-fit: contain; margin-bottom: 15px; filter: drop-shadow(0 4px 8px rgba(0,0,0,0.5));\" src=\"https:\/\/www.europesays.com\/pl\/wp-content\/uploads\/2026\/04\/1775862934_73_j_color_onblack_2.png\" alt=\"Jagiellonia Bia\u0142ystok\"\/> Jagiellonia<\/p>\n<p>VS<\/p>\n<p><img decoding=\"async\" style=\"height: clamp(65px, 12vw, 95px); width: auto; object-fit: contain; margin-bottom: 15px; filter: drop-shadow(0 4px 8px rgba(0,0,0,0.5));\" src=\"https:\/\/www.europesays.com\/pl\/wp-content\/uploads\/2026\/07\/kor_9.png\" alt=\"Korona Kielce\"\/> Korona Kielce<\/p>\n<p style=\"font-size: clamp(14px, 4vw, 18px); color: #cfcfcf; margin-bottom: 35px; text-align: center;\">Sobota, 25 lipca \u2022 Godzina 14.45<\/p>\n<p>CKSPORT LIVE<\/p>\n<p><img decoding=\"async\" style=\"object-fit: contain; height: 25px;\" src=\"https:\/\/www.europesays.com\/pl\/wp-content\/uploads\/2026\/07\/canalsport_1.png\" alt=\"Transmisja TV\"\/><\/p>\n<p style=\"font-size: clamp(10px, 3vw, 12px); color: rgba(255, 255, 255, 0.4); font-weight: 600; text-transform: uppercase; letter-spacing: 2px; text-align: center;\">MIEJSCE: BIA\u0141YSTOK, CHORTEN ARENA, UL. S\u0141ONECZNA 1<\/p>\n<p>Fot. Marcin Deszczka<\/p>\n<p><a href=\"https:\/\/dapkielce.pl\/\" target=\"_blank\" rel=\"noopener nofollow\"> <img decoding=\"async\" style=\"width: 100%; height: auto; display: block;\" src=\"https:\/\/www.europesays.com\/pl\/wp-content\/uploads\/2026\/07\/dap_grafika.png\" alt=\"DAP Kielce Grafika\"\/> <\/a><\/p>\n<p>&#8212;&#8212;&#8212;&#8212;<br \/>\nDzi\u0119kujemy, \u017ce jeste\u015b z nami i wspierasz tw\u00f3rczo\u015b\u0107 dost\u0119pn\u0105 na CKsport.pl. Kliknij w link poni\u017cej i postaw naszej redakcji symboliczn\u0105 kaw\u0119.<\/p>\n<p><a href=\"https:\/\/buycoffee.to\/cksportpl\" target=\"_blank\" rel=\"noopener nofollow\"><img decoding=\"async\" style=\"width: 300px; display: block; margin-left: auto; margin-right: auto;\" src=\"https:\/\/buycoffee.to\/btn\/buycoffeeto-btn-primary.svg\" alt=\"Postaw mi kaw\u0119 na buycoffee.to\"\/><\/a><\/p>\n","protected":false},"excerpt":{"rendered":"W 1. kolejce sezonu 2026\/2027 PKO BP Ekstraklasy Korona Kielce zmierzy si\u0119 na wyje\u017adzie z Jagielloni\u0105 Bia\u0142ystok. Oczywi\u015bcie&hellip;\n","protected":false},"author":2,"featured_media":580770,"comment_status":"","ping_status":"","sticky":false,"template":"","format":"standard","meta":{"footnotes":"","_share_on_mastodon":"0"},"categories":[51614],"tags":[2151,60263,2615,2908,60262,60261,2573,42,38,40,39,41,545],"class_list":["post-580769","post","type-post","status-publish","format-standard","has-post-thumbnail","category-bialystok","tag-bialystok","tag-gdzie-obejrzec-w-tv","tag-jagiellonia-bialystok","tag-korona-kielce","tag-live-stream","tag-o-ktorej-mecz","tag-pko-bp-ekstraklasa","tag-pl","tag-poland","tag-polish","tag-polska","tag-polski","tag-transmisja"],"share_on_mastodon":{"url":"https:\/\/pubeurope.com\/@pl\/116986248470348798","error":""},"_links":{"self":[{"href":"https:\/\/www.europesays.com\/pl\/wp-json\/wp\/v2\/posts\/580769","targetHints":{"allow":["GET"]}}],"collection":[{"href":"https:\/\/www.europesays.com\/pl\/wp-json\/wp\/v2\/posts"}],"about":[{"href":"https:\/\/www.europesays.com\/pl\/wp-json\/wp\/v2\/types\/post"}],"author":[{"embeddable":true,"href":"https:\/\/www.europesays.com\/pl\/wp-json\/wp\/v2\/users\/2"}],"replies":[{"embeddable":true,"href":"https:\/\/www.europesays.com\/pl\/wp-json\/wp\/v2\/comments?post=580769"}],"version-history":[{"count":0,"href":"https:\/\/www.europesays.com\/pl\/wp-json\/wp\/v2\/posts\/580769\/revisions"}],"wp:featuredmedia":[{"embeddable":true,"href":"https:\/\/www.europesays.com\/pl\/wp-json\/wp\/v2\/media\/580770"}],"wp:attachment":[{"href":"https:\/\/www.europesays.com\/pl\/wp-json\/wp\/v2\/media?parent=580769"}],"wp:term":[{"taxonomy":"category","embeddable":true,"href":"https:\/\/www.europesays.com\/pl\/wp-json\/wp\/v2\/categories?post=580769"},{"taxonomy":"post_tag","embeddable":true,"href":"https:\/\/www.europesays.com\/pl\/wp-json\/wp\/v2\/tags?post=580769"}],"curies":[{"name":"wp","href":"https:\/\/api.w.org\/{rel}","templated":true}]}}