{"id":581037,"date":"2026-07-26T15:27:14","date_gmt":"2026-07-26T15:27:14","guid":{"rendered":"https:\/\/www.europesays.com\/pl\/581037\/"},"modified":"2026-07-26T15:27:14","modified_gmt":"2026-07-26T15:27:14","slug":"love-is-blind-polska-marta-niespodziewanie-zabrala-glos-kocham","status":"publish","type":"post","link":"https:\/\/www.europesays.com\/pl\/581037\/","title":{"rendered":"Love is Blind: Polska&#8221;. Marta niespodziewanie zabra\u0142a g\u0142os. &#8222;Kocham&#8230;"},"content":{"rendered":"<p itemprop=\"description\">Marta zas\u0142yn\u0119\u0142a dzi\u0119ki udzia\u0142owi w popularnym programie &#8222;Love is Blind: Polska&#8221;. Po zako\u0144czeniu formatu uczestniczka aktywnie udziela si\u0119 w mediach spo\u0142eczno\u015bciowych. Ka\u017cdy post Marty przykuwa uwag\u0119, a o jej najnowszej publikacji zrobi\u0142o si\u0119 g\u0142o\u015bno w sieci.<\/p>\n<p>Za nami pierwsza polska edycja programu &#8222;Love is Blind: Polska&#8221;. Uczestnicy zmierzyli si\u0119 z r\u00f3\u017cnymi etapami eksperymentu. Najpierw spotykali si\u0119 w kabinach, a p\u00f3\u017aniej wyjechali na wakacje i stan\u0119li twarz\u0105 w twarz z rzeczywisto\u015bci\u0105. Na koniec musieli podj\u0105\u0107 najwa\u017cniejsz\u0105 decyzj\u0119 i przemy\u015ble\u0107, czy chc\u0105 powiedzie\u0107 &#8222;tak&#8221; przy o\u0142tarzu. Marta i Damian postanowili da\u0107 sobie szans\u0119 i zostali ma\u0142\u017ce\u0144stwem. Chocia\u017c byli ulubie\u0144cami internaut\u00f3w, to ostatecznie ich zwi\u0105zek nie przetrwa\u0142 pr\u00f3by czasu. Para nie pojawi\u0142a si\u0119 w odcinku Reunion, a p\u00f3\u017aniej wyjawi\u0142a, \u017ce zmaga si\u0119 z kryzysem. Mimo rozpadu ma\u0142\u017ce\u0144stwa Marta nie znikn\u0119\u0142a z medi\u00f3w spo\u0142eczno\u015bciowych.<\/p>\n<p>            <img decoding=\"async\" alt=\"player placeholder\" class=\"player-graybox\" src=\"data:image\/png;base64,iVBORw0KGgoAAAANSUhEUgAAAoAAAAFoCAIAAABIUN0GAAAACXBIWXMAAA7EAAAOxAGVKw4bAAAEf0lEQVR42u3VMQEAIADDsIJ\/jdOCC65EQp+ebQEAf10JAMCAAcCAAQADBgADBgAMGAAMGAAwYAAwYADAgAHAgAHAgAEAAwYAAwYADBgADBgAMGAAMGAAwIABwIABwIABAAMGAAMGAAwYAAwYADBgADBgAMCAAcCAAcCAAQADBgADBgAMGAAMGAAwYAAwYADAgAHAgAHAgAEAAwYAAwYADBgADBgAMGAAMGAAwIABwIABwIABAAMGAAMGAAwYAAwYADBgADBgAMCAAcCAAcCAAQADBgADBgAMGAAMGAAwYAAwYADAgAHAgAHAgAEAAwYAAwYADBgADBgAMGAAMGAAwIABwIABwIABAAMGAAMGAAwYAAwYADBgADBgAMCAAcCAAcCAAQADBgADBgAMGAAMGAAwYAAwYADAgAHAgAEAAwYAAwYAAwYADBgADBgAMGAAMGAAwIABwIABAAMGAAMGAAMGAAwYAAwYADBgADBgAMCAAcCAAQADBgADBgADBgAMGAAMGAAwYAAwYADAgAHAgAEAAwYAAwYAAwYADBgADBgAMGAAMGAAwIABwIABAAMGAAMGAAMGAAwYAAwYADBgADBgAMCAAcCAAQADBgADBgADBgAMGAAMGAAwYAAwYADAgAHAgAEAAwYAAwYAAwYADBgADBgAMGAAMGAAwIABwIABAAMGAAMGAAMGAAwYAAwYADBgADBgAMCAAcCAAQADBgADBgADBgAMGAAMGAAwYAAwYADAgAHAgAEAAwYAAwYADBgADBgADBgAMGAAMGAAwIABwIABAAMGAAMGAAwYAAwYAAwYADBgADBgAMCAAcCAAQADBgADBgAMGAAMGAAMGAAwYAAwYADAgAHAgAEAAwYAAwYADBgADBgADBgAMGAAMGAAwIABwIABAAMGAAMGAAwYAAwYAAwYADBgADBgAMCAAcCAAQADBgADBgAMGAAMGAAMGAAwYAAwYADAgAHAgAEAAwYAAwYADBgADBgADBgAMGAAMGAAwIABwIABAAMGAAMGAAwYAAwYAAwYADBgADBgAMCAAcCAAQADBgADBgAMGAAMGAAMGAAwYAAwYADAgAHAgAEAAwYAAwYADBgADBgADFgCADBgADBgAMCAAcCAAQADBgADBgAMGAAMGAAwYAAwYAAwYADAgAHAgAEAAwYAAwYADBgADBgAMGAAMGAAMGAAwIABwIABAAMGAAMGAAwYAAwYADBgADBgADBgAMCAAcCAAQADBgADBgAMGAAMGAAwYAAwYAAwYADAgAHAgAEAAwYAAwYADBgADBgAMGAAMGAAMGAAwIABwIABAAMGAAMGAAwYAAwYADBgADBgADBgAMCAAcCAAQADBgADBgAMGAAMGAAwYAAwYAAwYADAgAHAgAEAAwYAAwYADBgADBgAMGAAMGAAMGAAwIABwIABAAMGAAMGAAwYAAwYADBgADBgADBgAMCAAcCAAQADBgADBgAMGAAMGAAwYAAwYADAgAHAgAHAgAEAAwYAAwYADBgADBgAMGAAMGAAoOoBvh0FaqwwF9kAAAAASUVORK5CYII=\"\/><\/p>\n<p>Marta z &#8222;Love is Blind: Polska&#8221; zaskoczy\u0142a s\u0142owami. Jest inaczej ni\u017c wszyscy my\u015bleli<\/p>\n<p>Niedawno pisali\u015bmy o tym, \u017ce\u00a0<a href=\"https:\/\/party.pl\/tv-show\/marta-z-love-is-blind-odkryla-tajemnice-nowego-tatuazu-sa-osoby-ktore-zmieniaja-nas-na-zawsze\/\" rel=\"nofollow noopener\" target=\"_blank\">Marta z &#8222;Love is Blind&#8221; odkry\u0142a tajemnic\u0119 nowego tatua\u017cu<\/a>, kt\u00f3ry dope\u0142ni\u0142 &#8222;map\u0119 wspomnie\u0144&#8221; na jej ciele. Uczestniczka formatu zdecydowa\u0142a si\u0119 na napis &#8222;blind&#8221; przypominaj\u0105cy jej o udziale w formacie.<\/p>\n<p>Nikt nie wyrywa rozdzia\u0142\u00f3w z ksi\u0105\u017cki tylko dlatego, \u017ce zako\u0144czenie nie by\u0142o takie, jak oczekiwa\u0142. Tak samo jest z \u017cyciem. Ka\u017cdy rozdzia\u0142 co\u015b nam zabieram, ale zostawia te\u017c co\u015b, czego nie mieliby\u015bmy bez niego. Nawet je\u015bli czasami przez \u017cycie idziesz na \u015blepo, to w\u0142a\u015bnie ta droga prowadzi ci\u0119 do osoby, kt\u00f3r\u0105 jeste\u015b dzisiaj &#8211; t\u0142umaczy\u0142a w social mediach.<\/p>\n<p>Teraz Marta podzieli\u0142a si\u0119 z internautami informacj\u0105 na temat ostatnich dni. Jak si\u0119 okaza\u0142o, sp\u0119dzi\u0142a czas z rodzin\u0105 i nie kry\u0142a rado\u015bci.<\/p>\n<p>Kocham babcine obiady. (&#8230;) I kocham letnie grille &#8211; napisa\u0142a uczestniczka formatu na InstaStories.<\/p>\n<p>Marta z &#8222;Love is Blind: Polska&#8221; o rozstaniu z Damianem. Wszystko ujawni\u0142a<\/p>\n<p>Na pocz\u0105tku lipca\u00a0<a href=\"https:\/\/party.pl\/tv-show\/marta-z-love-is-blind-przerywa-milczenie-i-uderza-w-damiana-wyjawila-dlaczego-od-niego-odeszla\/\" rel=\"nofollow noopener\" target=\"_blank\">Marta z &#8222;Love is Blind&#8221; przerwa\u0142a milczenie i uderzy\u0142a w Damiana<\/a>. W emocjonalnym filmie opublikowanym w mediach spo\u0142eczno\u015bciowych wspomnia\u0142a o powodach rozstania z m\u0119\u017cem.\u00a0<\/p>\n<p>Powodem mojego odej\u015bcia, odej\u015bcia, po kt\u00f3rym zreszt\u0105 jeszcze pr\u00f3bowali\u015bmy wszystko uratowa\u0107 i posk\u0142ada\u0107, nie by\u0142 jednorazowy impuls. To by\u0142o chroniczne, zbieraj\u0105ce si\u0119 poczucie braku bezpiecze\u0144stwa w tym zwi\u0105zku, spowodowane niestabilno\u015bci\u0105 finansow\u0105 i emocjonaln\u0105. Przyznaj\u0119, nie jestem osob\u0105 l\u0119kow\u0105, co nie oznacza, \u017ce boj\u0119 si\u0119 problem\u00f3w. To oznacza, \u017ce panicznie boj\u0119 si\u0119 opuszczenia. A przy stylu przywi\u0105zania, jakim jest unikowy, jest to bardzo trudna sytuacja, poniewa\u017c druga strona reguluje si\u0119 poprzez odcinanie si\u0119 ode mnie. I to nie jest niczyja wina, tak po prostu jest &#8211; s\u0142yszeli\u015bmy.<\/p>\n<p><img loading=\"lazy\" decoding=\"async\" src=\"https:\/\/www.europesays.com\/pl\/wp-content\/uploads\/2026\/07\/302797cb0aeea6f64c1bc9f277b58c2fa753f93d.jpg\" data-action=\"load-&gt;publisher-image-placeholder#load error-&gt;publisher-image-placeholder#error\" data-publisher-image-placeholder-target=\"image\" width=\"620\" height=\"827\" alt=\"Marta z \" class=\"publisher-image__img\"\/><\/p>\n<p>Fot. Instagram \/ martafrymer<\/p>\n<p>Zobacz tak\u017ce:<\/p>\n","protected":false},"excerpt":{"rendered":"Marta zas\u0142yn\u0119\u0142a dzi\u0119ki udzia\u0142owi w popularnym programie &#8222;Love is Blind: Polska&#8221;. Po zako\u0144czeniu formatu uczestniczka aktywnie udziela si\u0119&hellip;\n","protected":false},"author":2,"featured_media":581038,"comment_status":"","ping_status":"","sticky":false,"template":"","format":"standard","meta":{"footnotes":"","_share_on_mastodon":"0"},"categories":[12],"tags":[65004,216,42,38,40,39,41,25068],"class_list":["post-581037","post","type-post","status-publish","format-standard","has-post-thumbnail","category-polska","tag-love-is-blind","tag-netflix","tag-pl","tag-poland","tag-polish","tag-polska","tag-polski","tag-program-telewizyjny"],"share_on_mastodon":{"url":"https:\/\/pubeurope.com\/@pl\/116986986847038261","error":""},"_links":{"self":[{"href":"https:\/\/www.europesays.com\/pl\/wp-json\/wp\/v2\/posts\/581037","targetHints":{"allow":["GET"]}}],"collection":[{"href":"https:\/\/www.europesays.com\/pl\/wp-json\/wp\/v2\/posts"}],"about":[{"href":"https:\/\/www.europesays.com\/pl\/wp-json\/wp\/v2\/types\/post"}],"author":[{"embeddable":true,"href":"https:\/\/www.europesays.com\/pl\/wp-json\/wp\/v2\/users\/2"}],"replies":[{"embeddable":true,"href":"https:\/\/www.europesays.com\/pl\/wp-json\/wp\/v2\/comments?post=581037"}],"version-history":[{"count":0,"href":"https:\/\/www.europesays.com\/pl\/wp-json\/wp\/v2\/posts\/581037\/revisions"}],"wp:featuredmedia":[{"embeddable":true,"href":"https:\/\/www.europesays.com\/pl\/wp-json\/wp\/v2\/media\/581038"}],"wp:attachment":[{"href":"https:\/\/www.europesays.com\/pl\/wp-json\/wp\/v2\/media?parent=581037"}],"wp:term":[{"taxonomy":"category","embeddable":true,"href":"https:\/\/www.europesays.com\/pl\/wp-json\/wp\/v2\/categories?post=581037"},{"taxonomy":"post_tag","embeddable":true,"href":"https:\/\/www.europesays.com\/pl\/wp-json\/wp\/v2\/tags?post=581037"}],"curies":[{"name":"wp","href":"https:\/\/api.w.org\/{rel}","templated":true}]}}