{"id":582049,"date":"2026-07-27T05:29:08","date_gmt":"2026-07-27T05:29:08","guid":{"rendered":"https:\/\/www.europesays.com\/pl\/582049\/"},"modified":"2026-07-27T05:29:08","modified_gmt":"2026-07-27T05:29:08","slug":"stankiewicz-waldemar-zurek-ma-dokladnie-ten-sam-problem-co-adam-bodnar","status":"publish","type":"post","link":"https:\/\/www.europesays.com\/pl\/582049\/","title":{"rendered":"Stankiewicz: Waldemar \u017burek ma dok\u0142adnie ten sam problem co Adam Bodnar"},"content":{"rendered":"<p>\n        Pan Waldek z miejsca wzi\u0105\u0142 si\u0119 do roboty \u2013 wsz\u0119dzie by\u0142o go pe\u0142no. Jednak po roku bilans \u017burka nie jest tak brawurowy \u2013 jemu tak\u017ce nie uda\u0142o si\u0119 zasadniczo przyspieszy\u0107 oczekiwanych przez elektorat rozlicze\u0144 PiS. W ostatnich tygodniach prokuratura podda\u0142a si\u0119 w dw\u00f3ch absolutnie kluczowych sprawach.\n    <\/p>\n<p>\n        Pierwsza to \u015bledztwo w sprawie tzw. dw\u00f3ch wie\u017c \u2013 jedyna afera z czas\u00f3w rz\u0105du PiS, kt\u00f3ra zahacza\u0142a Jaros\u0142awa Kaczy\u0144skiego bezpo\u015brednio. Kaczy\u0144ski, wykorzystuj\u0105c maj\u0105tek powi\u0105zanej z PiS sp\u00f3\u0142ki Srebrna, pr\u00f3bowa\u0142 zbudowa\u0107 dwuwie\u017cowy drapacz chmur w centrum Warszawy. Chcia\u0142 zarabia\u0107 na wynajmie i finansowa\u0107 dzi\u0119ki temu inicjatywy polityczne bliskie PiS. Do budowy naj\u0105\u0142 austriackiego dewelopera Geralda Birgfellnera, zi\u0119cia swego kuzyna. Szkopu\u0142 w tym, \u017ce mu nie zap\u0142aci\u0142. Birgfellner z\u0142o\u017cy\u0142 przeciwko Kaczy\u0144skiemu doniesienie do prokuratury, zarzucaj\u0105c mu oszustwo. Za rz\u0105d\u00f3w PiS \u2013 rzecz jasna \u2013 prokuratura odm\u00f3wi\u0142a wszcz\u0119cia \u015bledztwa. Za rz\u0105d\u00f3w \u017burka \u2013 to dla elektoratu jasne nie b\u0119dzie \u2013 prokuratura \u015bledztwo umorzy\u0142a. Wcze\u015bniej z prowadzenia sprawy przezornie zrezygnowa\u0142a szykanowana za rz\u0105d\u00f3w PiS, bliska obecnej w\u0142adzy prokuratorka Ewa Wrzosek \u2013 uzna\u0142a, \u017ce zarzut\u00f3w dla Kaczy\u0144skiego nie b\u0119dzie, wi\u0119c lepiej si\u0119 ewakuowa\u0107.\n    <\/p>\n<p>\n        Druga sprawa jest wyj\u0105tkowo bulwersuj\u0105ca. Pisowskie media na czele z TVP ujawni\u0142y pod koniec 2022 r., \u017ce syn pos\u0142anki Koalicji Obywatelskiej Magdaleny Filiks \u2013 ostro zwalczanej przez ludzi Ziobry \u2013 by\u0142 molestowany przez pedofila, kt\u00f3ry dzia\u0142a\u0142 w kr\u0119gach KO w Szczecinie. Zacz\u0119\u0142a si\u0119 jatka, a ch\u0142opak pope\u0142ni\u0142 samob\u00f3jstwo. W kampanii przed zwyci\u0119skimi wyborami w 2023 r. Tusk obiecywa\u0142, \u017ce dopadnie tych, kt\u00f3rzy dokonali przecieku ze \u015bledztwa, by zaatakowa\u0107 syna pos\u0142anki. Wyst\u0119puj\u0105cy w jego imieniu \u017burek nikogo nie dopad\u0142 \u2013 prokuratura umorzy\u0142a spraw\u0119 \u201ewobec braku znamion czynu zabronionego\u201d.\n    <\/p>\n<p>\n        Patrz\u0105c na ch\u0142odno: \u017burek nieco przyspieszy\u0142 dzia\u0142ania prokuratury, ale kluczowe \u015bledztwa \u2013 w sprawie okradania Rz\u0105dowej Agencji Rezerw Strategicznych (ludzie Morawieckiego), Narodowego Centrum Bada\u0144 i Rozwoju (ludzie Bielana) czy Funduszu Sprawiedliwo\u015bci (ludzie Ziobry) \u2013 nie sko\u0144cz\u0105 si\u0119 do wybor\u00f3w.\n    <\/p>\n<p>Opiesza\u0142e dzia\u0142ania prokuratury umo\u017cliwi\u0142y ucieczk\u0119 do Budapesztu Ziobrze i Marcinowi Romanowskiemu. \u017burek nie m\u00f3g\u0142 rzecz jasna zapobiec wyjazdowi Ziobry do USA \u2013 taka by\u0142a decyzja polityczna administracji Trumpa. Ale Romanowskiego prokuratura trzeci miesi\u0105c bezskutecznie namierza gdzie\u015b na peryferiach Europy. Bez jaj \u2013 Romanowski to nie Rambo.<\/p>\n<p>\n        \u017burek ma dok\u0142adnie ten sam problem co Bodnar \u2013 cz\u0119\u015b\u0107 kierownictwa prokuratury to ludzie Ziobry, zabetonowani na stanowiskach ustawami uchwalonymi pod koniec rz\u0105d\u00f3w PiS. S\u0105 praktycznie nieusuwalni. Do tego dochodz\u0105 konflikty mi\u0119dzy \u017burkiem a prokuratorem krajowym Dariuszem Kornelukiem, powo\u0142anym jeszcze za Bodnara.\n    <\/p>\n<p>\n        W ostatnich tygodniach nasili\u0142y si\u0119 przecieki, \u017ce kierownik jest niezadowolony. Pojawia\u0142y si\u0119 nawet plotki, \u017ce mia\u0142by \u017burka zast\u0105pi\u0107 pa\u0142aj\u0105cy jeszcze wi\u0119ksz\u0105 \u017c\u0105dz\u0105 rewan\u017cu, ale i nie nazbyt przywi\u0105zany do prawnych procedur Roman Giertych.\n    <\/p>\n<p>\n        Niewykluczone zreszt\u0105, \u017ce obie plotki rozsiewa\u0142 sam Giertych, dla autolansu i dla zmotywowania \u017burka. Ale kolejnej podmianki w resorcie sprawiedliwo\u015bci do wybor\u00f3w nie b\u0119dzie. Wbrew pozorom Tusk dystansuje si\u0119 od Giertycha \u2013 nie da\u0142 mu po wyborach \u017cadnego wa\u017cnego stanowiska. Po wt\u00f3re, nawet je\u015bli konstytucja nie daje prezydentowi uprawnie\u0144 do blokowania ministerialnych nominacji, to Nawrocki nie powo\u0142a Giertycha. I kto mu co\u015b zrobi?\n    <\/p>\n<p>\n        Dzi\u015b wida\u0107, jakie skutki maj\u0105 przegrane przez KO wybory prezydenckie. Zwyci\u0119stwo Nawrockiego by\u0142o wa\u017cne dla PiS tak\u017ce dlatego, \u017ceby utrzyma\u0107 kontrol\u0119 nad prokuratur\u0105 i uniemo\u017cliwi\u0107 rozliczenia. W tym sensie rozliczenia umar\u0142y w dniu zwyci\u0119stwa Nawrockiego 1 czerwca 2025 r., jeszcze zanim \u017burek zosta\u0142 ministrem. <\/p>\n","protected":false},"excerpt":{"rendered":"Pan Waldek z miejsca wzi\u0105\u0142 si\u0119 do roboty \u2013 wsz\u0119dzie by\u0142o go pe\u0142no. Jednak po roku bilans \u017burka&hellip;\n","protected":false},"author":2,"featured_media":582050,"comment_status":"","ping_status":"","sticky":false,"template":"","format":"standard","meta":{"footnotes":"","_share_on_mastodon":"0"},"categories":[62713],"tags":[7979,1345,3940,7797,2558],"class_list":["post-582049","post","type-post","status-publish","format-standard","has-post-thumbnail","category-donald-tusk","tag-adam-bodnar","tag-donald-tusk","tag-ko","tag-prawo-i-sprawiedliwosc","tag-waldemar-zurek"],"share_on_mastodon":{"url":"https:\/\/pubeurope.com\/@pl\/116990296961115138","error":""},"_links":{"self":[{"href":"https:\/\/www.europesays.com\/pl\/wp-json\/wp\/v2\/posts\/582049","targetHints":{"allow":["GET"]}}],"collection":[{"href":"https:\/\/www.europesays.com\/pl\/wp-json\/wp\/v2\/posts"}],"about":[{"href":"https:\/\/www.europesays.com\/pl\/wp-json\/wp\/v2\/types\/post"}],"author":[{"embeddable":true,"href":"https:\/\/www.europesays.com\/pl\/wp-json\/wp\/v2\/users\/2"}],"replies":[{"embeddable":true,"href":"https:\/\/www.europesays.com\/pl\/wp-json\/wp\/v2\/comments?post=582049"}],"version-history":[{"count":0,"href":"https:\/\/www.europesays.com\/pl\/wp-json\/wp\/v2\/posts\/582049\/revisions"}],"wp:featuredmedia":[{"embeddable":true,"href":"https:\/\/www.europesays.com\/pl\/wp-json\/wp\/v2\/media\/582050"}],"wp:attachment":[{"href":"https:\/\/www.europesays.com\/pl\/wp-json\/wp\/v2\/media?parent=582049"}],"wp:term":[{"taxonomy":"category","embeddable":true,"href":"https:\/\/www.europesays.com\/pl\/wp-json\/wp\/v2\/categories?post=582049"},{"taxonomy":"post_tag","embeddable":true,"href":"https:\/\/www.europesays.com\/pl\/wp-json\/wp\/v2\/tags?post=582049"}],"curies":[{"name":"wp","href":"https:\/\/api.w.org\/{rel}","templated":true}]}}