{"id":582526,"date":"2026-07-27T10:46:13","date_gmt":"2026-07-27T10:46:13","guid":{"rendered":"https:\/\/www.europesays.com\/pl\/582526\/"},"modified":"2026-07-27T10:46:13","modified_gmt":"2026-07-27T10:46:13","slug":"litwa-zaostrza-kurs-wobec-rosji-artysci-musza-podpisac-wazny-dokument","status":"publish","type":"post","link":"https:\/\/www.europesays.com\/pl\/582526\/","title":{"rendered":"Litwa zaostrza kurs wobec Rosji. Arty\u015bci musz\u0105 podpisa\u0107 wa\u017cny dokument"},"content":{"rendered":"<p>W komentarzu ministerstwa przekazanym agencji BNS stwierdzono, \u017ce ostatnie dyskusje &#8222;wykaza\u0142y konieczno\u015b\u0107 bardziej precyzyjnej regulacji&#8221; udzia\u0142u Rosjan i Bia\u0142orusin\u00f3w popieraj\u0105cych agresj\u0119 w wydarzeniach publicznych w dziedzinach edukacji, nauki i kszta\u0142cenia, kultury, sportu, sztuki oraz rozrywki. Ministerstwo Spraw Zagranicznych pragnie zapewni\u0107 instytucjom &#8222;jasne podstawy prawne&#8221;.<\/p>\n<p> Dalszy ci\u0105g artyku\u0142u pod materia\u0142em wideo <a href=\"https:\/\/www.onet.pl\/\" title=\"Strona G\u0142\u00f3wna\" aria-label=\"Strona G\u0142\u00f3wna\" data-astro-prefetch=\"tap\" class=\"ods-a-logo-main-desktop\" rel=\"nofollow noopener\" target=\"_blank\"><img src=\"https:\/\/cdn.wiadomosci.onet.pl\/img\/Logo_desktop_Onet.svg\" class=\"ods-a-logo-main-desktop__image\" alt=\"Logo\" width=\"107\" height=\"60\" fetchpriority=\"high\" decoding=\"sync\" style=\"height:60px\"\/><\/a><\/p>\n<p class=\"ods-m-google-article__text\">Czytaj nas cz\u0119\u015bciej w Google<\/p>\n<p><a href=\"https:\/\/google.com\/preferences\/source?q=wiadomosci.onet.pl\" target=\"_blank\" rel=\"noopener noreferrer nofollow\" aria-label=\"Dodaj w Google\" title=\"Dodaj w Google\" class=\"ods-a-button ods-a-button__primary ods-a-button__default ods-a-button-l\"> Dodaj w Google <\/a><\/p>\n<p>Zgodnie z poprawkami do ustawy na Litw\u0119 nie b\u0119d\u0105 wpuszczane osoby, kt\u00f3re prowadzi\u0142y dzia\u0142alno\u015b\u0107 publiczn\u0105 na terytoriach Ukrainy zaanektowanych przez Rosj\u0119, bezpo\u015brednio lub po\u015brednio popiera\u0142y wojn\u0119 lub bra\u0142y w niej udzia\u0142.<\/p>\n<p>Proponuje si\u0119 r\u00f3wnie\u017c odmow\u0119 wjazdu osobom prowadz\u0105cym polityk\u0119 podwa\u017caj\u0105c\u0105 integralno\u015b\u0107 terytorialn\u0105, suwerenno\u015b\u0107 i niezale\u017cno\u015b\u0107 Ukrainy oraz tym, kt\u00f3rzy popieraj\u0105 ra\u017c\u0105ce naruszenia praw cz\u0142owieka lub represje wobec spo\u0142ecze\u0144stwa obywatelskiego i si\u0142 demokratycznych w Rosji i na Bia\u0142orusi.<\/p>\n<p>     Odmowa podpisania deklaracji uniemo\u017cliwi wjazd na Litw\u0119<\/p>\n<p>Ministerstwo Spraw Zagranicznych proponuje, aby osoby ze \u015bwiata kultury przybywaj\u0105ce do Litwy podpisywa\u0142y deklaracj\u0119 pot\u0119piaj\u0105c\u0105 agresj\u0119 Rosji na Ukrain\u0119, wyra\u017caj\u0105c\u0105 poparcie dla Karty Narod\u00f3w Zjednoczonych, a tak\u017ce dla niepodleg\u0142o\u015bci, suwerenno\u015bci i integralno\u015bci terytorialnej Ukrainy w jej granicach uznanych przez spo\u0142eczno\u015b\u0107 mi\u0119dzynarodow\u0105.<\/p>\n<p> Statek tonie. Kr\u0105g Putina po cichu wyprowadza pieni\u0105dze z Rosji. Oligarchowie maj\u0105 obawy   <img class=\"ods-a-photo ods-a-photo--background\" src=\"https:\/\/www.europesays.com\/pl\/wp-content\/uploads\/2026\/07\/GxEk9lBaHR0cHM6Ly9vY2RuLmV1L3B1bHNjbXMvTURBXy9kNTM3NjUwZGMzMDBhOGRmNjJkNGNhZTg4YjgxNTk5Yy5qcGeRlQLNA.jpeg\" height=\"253\" width=\"450\" alt=\"W\u0142adimir Putin, w tle budynek Kremla w Moskwie\" loading=\"lazy\" fetchpriority=\"low\" decoding=\"async\"\/>  <\/p>\n<p>Deklaracja zostanie opublikowana w spos\u00f3b og\u00f3lnodost\u0119pny. Odmowa jej podpisania uniemo\u017cliwi wjazd do kraju. Ponadto Ministerstwo Spraw Zagranicznych proponuje wprowadzenie zakazu nabywania nieruchomo\u015bci przez obywateli Rosji i Bia\u0142orusi posiadaj\u0105cych pozwolenie na pobyt na Litwie w pobli\u017cu obiekt\u00f3w istotnych dla bezpiecze\u0144stwa narodowego lub poligon\u00f3w wojskowych.<\/p>\n<p>Ministerstwo chce, aby poprawki te wesz\u0142y w \u017cycie z dniem 1 stycznia 2027 r.<\/p>\n","protected":false},"excerpt":{"rendered":"W komentarzu ministerstwa przekazanym agencji BNS stwierdzono, \u017ce ostatnie dyskusje &#8222;wykaza\u0142y konieczno\u015b\u0107 bardziej precyzyjnej regulacji&#8221; udzia\u0142u Rosjan i&hellip;\n","protected":false},"author":2,"featured_media":582527,"comment_status":"","ping_status":"","sticky":false,"template":"","format":"standard","meta":{"footnotes":"","_share_on_mastodon":"0"},"categories":[14],"tags":[699,61195,32,33,27,76,34,35,843,28,31,48,25,46,40,41,87,47,80,29,30,415,26,82,83,84],"class_list":["post-582526","post","type-post","status-publish","format-standard","has-post-thumbnail","category-swiat","tag-bialorus","tag-bottomfeed_styl","tag-breaking-news","tag-breakingnews","tag-headlines","tag-inwazja_rosji_na_ukraine","tag-latest-news","tag-latestnews","tag-litwa","tag-naglowki","tag-najwazniejsze-artykuly","tag-nat_styl","tag-news","tag-omp","tag-polish","tag-polski","tag-rosja","tag-screening_general","tag-swiat","tag-top-stories","tag-topstories","tag-ukraina","tag-wiadomosci","tag-world","tag-world-news","tag-worldnews"],"share_on_mastodon":{"url":"https:\/\/pubeurope.com\/@pl\/116991544637898034","error":""},"_links":{"self":[{"href":"https:\/\/www.europesays.com\/pl\/wp-json\/wp\/v2\/posts\/582526","targetHints":{"allow":["GET"]}}],"collection":[{"href":"https:\/\/www.europesays.com\/pl\/wp-json\/wp\/v2\/posts"}],"about":[{"href":"https:\/\/www.europesays.com\/pl\/wp-json\/wp\/v2\/types\/post"}],"author":[{"embeddable":true,"href":"https:\/\/www.europesays.com\/pl\/wp-json\/wp\/v2\/users\/2"}],"replies":[{"embeddable":true,"href":"https:\/\/www.europesays.com\/pl\/wp-json\/wp\/v2\/comments?post=582526"}],"version-history":[{"count":0,"href":"https:\/\/www.europesays.com\/pl\/wp-json\/wp\/v2\/posts\/582526\/revisions"}],"wp:featuredmedia":[{"embeddable":true,"href":"https:\/\/www.europesays.com\/pl\/wp-json\/wp\/v2\/media\/582527"}],"wp:attachment":[{"href":"https:\/\/www.europesays.com\/pl\/wp-json\/wp\/v2\/media?parent=582526"}],"wp:term":[{"taxonomy":"category","embeddable":true,"href":"https:\/\/www.europesays.com\/pl\/wp-json\/wp\/v2\/categories?post=582526"},{"taxonomy":"post_tag","embeddable":true,"href":"https:\/\/www.europesays.com\/pl\/wp-json\/wp\/v2\/tags?post=582526"}],"curies":[{"name":"wp","href":"https:\/\/api.w.org\/{rel}","templated":true}]}}