{"id":582532,"date":"2026-07-27T10:49:11","date_gmt":"2026-07-27T10:49:11","guid":{"rendered":"https:\/\/www.europesays.com\/pl\/582532\/"},"modified":"2026-07-27T10:49:11","modified_gmt":"2026-07-27T10:49:11","slug":"pierwszy-sondaz-po-rozlamie-w-pis-zle-wiesci-dla-tuska","status":"publish","type":"post","link":"https:\/\/www.europesays.com\/pl\/582532\/","title":{"rendered":"Pierwszy sonda\u017c po roz\u0142amie w PiS. Z\u0142e wie\u015bci dla Tuska"},"content":{"rendered":"\n<p>&#13;<br \/>\nWirtualna Polska opublikowa\u0142a dwa warianty \u2013\u00a0z\u00a0uwzgl\u0119dnieniem formacji Morawieckiego i\u00a0bez niej, czyli w\u00a0dotychczasowym uk\u0142adzie. Badanie przeprowadzi\u0142a pracownia United Surveys by\u00a0IBRIS. &#13;\n<\/p>\n<p> Wariant bez partii Morawieckiego. Tzw. szeroko poj\u0119ta prawica ma\u00a0wi\u0119kszo\u015b\u0107 <\/p>\n<p>&#13;<br \/>\nW ankiecie bez inicjatywy by\u0142ego premiera, na\u00a0czele stawki jest Koalicja Obywatelska. Ugrupowanie Donalda Tuska mo\u017ce liczy\u0107 na\u00a0poparcie rz\u0119du 29,4 proc., co\u00a0w\u00a0przeliczeniu na\u00a0mandaty daje jej 175 miejsc w\u00a0Sejmie. &#13;\n<\/p>\n<p>&#13;<br \/>\nZa KO plasuje si\u0119 Prawo i\u00a0Sprawiedliwo\u015b\u0107 z\u00a0wynikiem 21,5 proc. g\u0142os\u00f3w, co\u00a0prze\u0142o\u017cy\u0142oby si\u0119 na\u00a0wprowadzenie 123 pos\u0142\u00f3w. Podium zamyka Konfederacja, kt\u00f3ra dostaje 14,5 proc. g\u0142os\u00f3w, co\u00a0daje 76 miejsc w\u00a0Sejmie. Czwarta jest Konfederacja Korony Polskiej Grzegorza Brauna z\u00a0poparciem 12,0 proc., co\u00a0gwarantuje jej 59 mandat\u00f3w. &#13;\n<\/p>\n<p>&#13;<br \/>\nList\u0119 ugrupowa\u0144 nad progiem zamyka Lewica, zdobywaj\u0105c 7,2 proc. g\u0142os\u00f3w i\u00a0wprowadzaj\u0105c do\u00a0Sejmu 27 przedstawicieli. &#13;\n<\/p>\n<p>&#13;<br \/>\nPoza parlamentem l\u0105duj\u0105 PSL z\u00a0poparciem 3,1 proc., Partia Razem z\u00a0wynikiem 2,0 proc. oraz\u00a0Polska 2050 z\u00a0poparciem na\u00a0poziomie 0,6 proc. Niezdecydowani wyborcy stanowi\u0105 9,7 proc. badanych. &#13;\n<\/p>\n<p>&#13;<br \/>\nW takim uk\u0142adzie trzy partie okre\u015blane jako prawicowe, czyli PiS i\u00a0obie Konfederacje, dysponuj\u0105 wi\u0119kszo\u015bci\u0105 258 mandat\u00f3w.  &#13;\n<\/p>\n<p> Sonda\u017c z\u00a0formacj\u0105 by\u0142ego premiera. Tusk dalej traci w\u0142adz\u0119 <\/p>\n<p>&#13;<br \/>\nAnkieta uwzgl\u0119dniaj\u0105ca ewentualne nowe ugrupowanie Mateusza Morawieckiego pod\u00a0nazw\u0105 &#8222;Rozw\u00f3j + Wy&#8221; \u2013\u00a0jako nazwa hipotetyczna, przekracza pr\u00f3g wyborczy i\u00a0melduje si\u0119 w\u00a0Sejmie z\u00a0poparciem 7,5 proc., co\u00a0daje jej 31 mandat\u00f3w. &#13;\n<\/p>\n<p>&#13;<br \/>\nNajwi\u0119cej traci Prawo i\u00a0Sprawiedliwo\u015b\u0107, kt\u00f3rego poparcie gwa\u0142townie spada do\u00a0zaledwie 15,9 proc. Formacja Jaros\u0142awa Kaczy\u0144skiego dosta\u0142aby jedynie 88 mandat\u00f3w, czyli a\u017c\u00a0o\u00a035 pos\u0142\u00f3w mniej ni\u017c\u00a0w\u00a0wariancie bez partii by\u0142ego premiera. &#13;\n<\/p>\n<p>&#13;<br \/>\nKoalicja Obywatelska traci zaledwie nieca\u0142y punkt procentowy, uzyskuj\u0105c 28,5 proc. poparcia i\u00a0wprowadzaj\u0105c do\u00a0Sejmu 174 pos\u0142\u00f3w (spadek o\u00a0jedno miejsce). &#13;\n<\/p>\n<p>&#13;<br \/>\nKilka mandat\u00f3w w\u00a0stosunku do\u00a0poprzedniego wariantu traci Konfederacja Bosaka i\u00a0Mentzena, natomiast nieznacznie zyskuje Konfederacja Brauna. Konfederacja w\u00a0tym scenariuszu notuje 13,5 proc. g\u0142os\u00f3w (71 mandat\u00f3w), natomiast Konfederacja Korony Polskiej Grzegorza Brauna poprawia sw\u00f3j stan posiadania, zdobywaj\u0105c 12,3 proc., co\u00a0daje jej 63 mandaty. &#13;\n<\/p>\n<p>&#13;<br \/>\nLewica Czarzastego odnotowuje lekki wzrost do\u00a07,8 proc. poparcia, co\u00a0przek\u0142ada si\u0119 na\u00a033 mandaty. &#13;\n<\/p>\n<p>&#13;<br \/>\nPod progiem wyborczym niezmiennie plasuj\u0105 si\u0119 PSL z\u00a0wynikiem 3,3 proc., Partia Razem z\u00a0poparciem 1,9 proc. oraz\u00a0Polska 2050 z\u00a0rezultatem 0,6 proc. Odsetek os\u00f3b niemaj\u0105cych zdania wynosi w\u00a0tym wariancie 8,7 proc. &#13;\n<\/p>\n<p>&#13;<br \/>\nZ badania wynika, \u017ce\u00a0po\u0142\u0105czone si\u0142y tzw. szerokiej prawicy w\u00a0postaci PiS, partii Morawieckiego oraz\u00a0obu Konfederacji wci\u0105\u017c posiada\u0142yby wi\u0119kszo\u015b\u0107 rz\u0105dz\u0105c\u0105 z\u00a0253 mandatami. &#13;\n<\/p>\n<p>&#13;<br \/>\n   Czytaj te\u017c:<br \/><a href=\"https:\/\/dorzeczy.pl\/opinie\/920479\/morawiecki-w-pakcie-senackim-wipler-o-zdaniu-konfederacji.html\" rel=\"follow nofollow noopener\" data-schema=\"DORZECZY\" data-image=\"https:\/\/img.dorzeczy.pl\/_thumb\/37\/7b\/b3546dfd92cfe6c2f5dacd2db90e.jpeg\" target=\"_blank\">Czy Konfederacja widzi Morawieckiego w\u00a0pakcie senackim? Wipler odpowiada<\/a>   Czytaj te\u017c:<br \/><a href=\"https:\/\/dorzeczy.pl\/opinie\/920374\/zalosne-widowisko-prof-andrzej-nowak-ostro-o-sporze-w-pis.html\" rel=\"follow nofollow noopener\" data-schema=\"DORZECZY\" data-image=\"https:\/\/img.dorzeczy.pl\/_thumb\/82\/2f\/4d90c2ed5f6780b322730c5138f6.jpeg\" target=\"_blank\">&#8222;\u017ba\u0142osne widowisko&#8221;. Prof. Nowak ostro o\u00a0sporze w\u00a0PiS<\/a>&#13;<\/p>\n","protected":false},"excerpt":{"rendered":"&#13; Wirtualna Polska opublikowa\u0142a dwa warianty \u2013\u00a0z\u00a0uwzgl\u0119dnieniem formacji Morawieckiego i\u00a0bez niej, czyli w\u00a0dotychczasowym uk\u0142adzie. Badanie przeprowadzi\u0142a pracownia United&hellip;\n","protected":false},"author":2,"featured_media":582533,"comment_status":"","ping_status":"","sticky":false,"template":"","format":"standard","meta":{"footnotes":"","_share_on_mastodon":"0"},"categories":[62713],"tags":[6570,1345,98,49,114790,103,102,114183,366,99],"class_list":["post-582532","post","type-post","status-publish","format-standard","has-post-thumbnail","category-donald-tusk","tag-do-rzeczy","tag-donald-tusk","tag-dorzeczy","tag-kraj","tag-morawiecki-partia","tag-obserwator-mediow","tag-opinie","tag-rozlam-pis","tag-sondaz","tag-tusk"],"share_on_mastodon":{"url":"https:\/\/pubeurope.com\/@pl\/116991555540422841","error":""},"_links":{"self":[{"href":"https:\/\/www.europesays.com\/pl\/wp-json\/wp\/v2\/posts\/582532","targetHints":{"allow":["GET"]}}],"collection":[{"href":"https:\/\/www.europesays.com\/pl\/wp-json\/wp\/v2\/posts"}],"about":[{"href":"https:\/\/www.europesays.com\/pl\/wp-json\/wp\/v2\/types\/post"}],"author":[{"embeddable":true,"href":"https:\/\/www.europesays.com\/pl\/wp-json\/wp\/v2\/users\/2"}],"replies":[{"embeddable":true,"href":"https:\/\/www.europesays.com\/pl\/wp-json\/wp\/v2\/comments?post=582532"}],"version-history":[{"count":0,"href":"https:\/\/www.europesays.com\/pl\/wp-json\/wp\/v2\/posts\/582532\/revisions"}],"wp:featuredmedia":[{"embeddable":true,"href":"https:\/\/www.europesays.com\/pl\/wp-json\/wp\/v2\/media\/582533"}],"wp:attachment":[{"href":"https:\/\/www.europesays.com\/pl\/wp-json\/wp\/v2\/media?parent=582532"}],"wp:term":[{"taxonomy":"category","embeddable":true,"href":"https:\/\/www.europesays.com\/pl\/wp-json\/wp\/v2\/categories?post=582532"},{"taxonomy":"post_tag","embeddable":true,"href":"https:\/\/www.europesays.com\/pl\/wp-json\/wp\/v2\/tags?post=582532"}],"curies":[{"name":"wp","href":"https:\/\/api.w.org\/{rel}","templated":true}]}}