{"id":582782,"date":"2026-07-27T13:13:13","date_gmt":"2026-07-27T13:13:13","guid":{"rendered":"https:\/\/www.europesays.com\/pl\/582782\/"},"modified":"2026-07-27T13:13:13","modified_gmt":"2026-07-27T13:13:13","slug":"bialorusini-znienacka-postawili-zadania-rosji","status":"publish","type":"post","link":"https:\/\/www.europesays.com\/pl\/582782\/","title":{"rendered":"Bia\u0142orusini znienacka postawili \u017c\u0105dania Rosji"},"content":{"rendered":"<p>Poinformowa\u0142 o tym przewodnicz\u0105cy Bia\u0142oruskiej Federacji Lekkiej Atletyki, Iwan Tichon. Temat ten zosta\u0142 poruszony podczas wsp\u00f3lnego posiedzenia ministerstw sportu obu kraj\u00f3w, kt\u00f3re odby\u0142o si\u0119 w Brze\u015bciu.<\/p>\n<p> <a href=\"https:\/\/przegladsportowy.onet.pl\/\" title=\"Strona g\u0142\u00f3wna serwisu\" aria-label=\"Strona g\u0142\u00f3wna serwisu\" data-astro-prefetch=\"tap\" class=\"ods-a-logo-main-desktop\" rel=\"nofollow noopener\" target=\"_blank\"><img src=\"https:\/\/cdn.przegladsportowy.onet.pl\/img\/Logo_desktop_Onet.svg\" class=\"ods-a-logo-main-desktop__image\" alt=\"Logo\" width=\"107\" height=\"60\" fetchpriority=\"high\" decoding=\"sync\" style=\"height:60px\"\/><\/a><\/p>\n<p class=\"ods-m-google-article__text\">Czytaj nas cz\u0119\u015bciej w Google<\/p>\n<p><a href=\"https:\/\/google.com\/preferences\/source?q=przegladsportowy.onet.pl\" target=\"_blank\" rel=\"noopener noreferrer nofollow\" aria-label=\"Dodaj w Google\" title=\"Dodaj w Google\" class=\"ods-a-button ods-a-button__primary ods-a-button__default ods-a-button-l\"> Dodaj w Google <\/a><\/p>\n<p>W wywiadzie Tichon odni\u00f3s\u0142 si\u0119 do niedawnej decyzji Rosji, kt\u00f3ra ograniczy\u0142a mo\u017cliwo\u015b\u0107 startu bia\u0142oruskich lekkoatlet\u00f3w w krajowych zawodach. Jak wyja\u015bni\u0142, propozycja wyr\u00f3wnania zasad zosta\u0142a przedstawiona stronie rosyjskiej i spotka\u0142a si\u0119 z zainteresowaniem. \u2014 Zaproponowali\u015bmy, by bia\u0142oruscy sportowcy startowali w rosyjskich zawodach na takich samych warunkach jak Rosjanie. Zostali\u015bmy wys\u0142uchani. Mam nadziej\u0119, \u017ce ju\u017c w przysz\u0142ym roku ta kwestia zostanie ostatecznie rozwi\u0105zana \u2014 powiedzia\u0142 Tichon w rozmowie z portalem Sport5.by.<\/p>\n<p>Tichon podkre\u015bli\u0142, \u017ce Bia\u0142oru\u015b organizuje swoje zawody w otwartej formule, zapraszaj\u0105c rosyjskich sportowc\u00f3w do rywalizacji na r\u00f3wnych zasadach. <\/p>\n<p>Przewodnicz\u0105cy wyrazi\u0142 nadziej\u0119, \u017ce podobne podej\u015bcie zostanie przyj\u0119te r\u00f3wnie\u017c przez Rosj\u0119. W przesz\u0142o\u015bci, jak zauwa\u017cy\u0142, wsp\u00f3\u0142praca mi\u0119dzy krajami by\u0142a regulowana za pomoc\u0105 dw\u00f3ch oddzielnych protoko\u0142\u00f3w, co utrudnia\u0142o pe\u0142n\u0105 integracj\u0119.<\/p>\n<p>Wed\u0142ug Tichona, obie strony powinny d\u0105\u017cy\u0107 do wi\u0119kszej jedno\u015bci w sporcie, co pozwoli na rozw\u00f3j zar\u00f3wno bia\u0142oruskich, jak i rosyjskich lekkoatlet\u00f3w. Decyzje w tej sprawie mog\u0105 zapa\u015b\u0107 ju\u017c w przysz\u0142ym roku.<\/p>\n","protected":false},"excerpt":{"rendered":"Poinformowa\u0142 o tym przewodnicz\u0105cy Bia\u0142oruskiej Federacji Lekkiej Atletyki, Iwan Tichon. Temat ten zosta\u0142 poruszony podczas wsp\u00f3lnego posiedzenia ministerstw&hellip;\n","protected":false},"author":2,"featured_media":582783,"comment_status":"","ping_status":"","sticky":false,"template":"","format":"standard","meta":{"footnotes":"","_share_on_mastodon":"0"},"categories":[52122],"tags":[699,61195,28928,6123,48,46,6010,752,42,38,40,39,41,87,47],"class_list":["post-582782","post","type-post","status-publish","format-standard","has-post-thumbnail","category-pko-bank-polski","tag-bialorus","tag-bottomfeed_styl","tag-esportmania","tag-inne","tag-nat_styl","tag-omp","tag-pko-bank-polski","tag-pko-bp","tag-pl","tag-poland","tag-polish","tag-polska","tag-polski","tag-rosja","tag-screening_general"],"share_on_mastodon":{"url":"https:\/\/pubeurope.com\/@pl\/116992123033021166","error":""},"_links":{"self":[{"href":"https:\/\/www.europesays.com\/pl\/wp-json\/wp\/v2\/posts\/582782","targetHints":{"allow":["GET"]}}],"collection":[{"href":"https:\/\/www.europesays.com\/pl\/wp-json\/wp\/v2\/posts"}],"about":[{"href":"https:\/\/www.europesays.com\/pl\/wp-json\/wp\/v2\/types\/post"}],"author":[{"embeddable":true,"href":"https:\/\/www.europesays.com\/pl\/wp-json\/wp\/v2\/users\/2"}],"replies":[{"embeddable":true,"href":"https:\/\/www.europesays.com\/pl\/wp-json\/wp\/v2\/comments?post=582782"}],"version-history":[{"count":0,"href":"https:\/\/www.europesays.com\/pl\/wp-json\/wp\/v2\/posts\/582782\/revisions"}],"wp:featuredmedia":[{"embeddable":true,"href":"https:\/\/www.europesays.com\/pl\/wp-json\/wp\/v2\/media\/582783"}],"wp:attachment":[{"href":"https:\/\/www.europesays.com\/pl\/wp-json\/wp\/v2\/media?parent=582782"}],"wp:term":[{"taxonomy":"category","embeddable":true,"href":"https:\/\/www.europesays.com\/pl\/wp-json\/wp\/v2\/categories?post=582782"},{"taxonomy":"post_tag","embeddable":true,"href":"https:\/\/www.europesays.com\/pl\/wp-json\/wp\/v2\/tags?post=582782"}],"curies":[{"name":"wp","href":"https:\/\/api.w.org\/{rel}","templated":true}]}}