{"id":582878,"date":"2026-07-27T14:09:14","date_gmt":"2026-07-27T14:09:14","guid":{"rendered":"https:\/\/www.europesays.com\/pl\/582878\/"},"modified":"2026-07-27T14:09:14","modified_gmt":"2026-07-27T14:09:14","slug":"najpiekniejsza-aktorka-swiata-przerwala-milczenie-po-glosnym-rozstaniu-z-pilkarzem","status":"publish","type":"post","link":"https:\/\/www.europesays.com\/pl\/582878\/","title":{"rendered":"&#8222;Najpi\u0119kniejsza aktorka \u015bwiata&#8221; przerwa\u0142a milczenie po g\u0142o\u015bnym rozstaniu z pi\u0142karzem"},"content":{"rendered":"<p>Achraf Hakimi w pierwszej po\u0142owie 2023 r. zosta\u0142 oskar\u017cony o gwa\u0142t. M\u0142oda kobieta zg\u0142osi\u0142a spraw\u0119 na komisariacie policji, jednak nie z\u0142o\u017cy\u0142a formalnego zawiadomienia o pope\u0142nieniu przest\u0119pstwa. Prokuratura wszcz\u0119\u0142a w\u00f3wczas post\u0119powanie z urz\u0119du, a po kilku miesi\u0105cach skierowa\u0142a akt oskar\u017cenia do s\u0105du karnego. Obro\u0144cy pi\u0142karza z\u0142o\u017cyli w\u00f3wczas apelacj\u0119.<\/p>\n<p> Dalszy ci\u0105g artyku\u0142u pod materia\u0142em wideo <a href=\"https:\/\/przegladsportowy.onet.pl\/\" title=\"Strona g\u0142\u00f3wna serwisu\" aria-label=\"Strona g\u0142\u00f3wna serwisu\" data-astro-prefetch=\"tap\" class=\"ods-a-logo-main-desktop\" rel=\"nofollow noopener\" target=\"_blank\"><img src=\"https:\/\/cdn.przegladsportowy.onet.pl\/img\/Logo_desktop_Onet.svg\" class=\"ods-a-logo-main-desktop__image\" alt=\"Logo\" width=\"107\" height=\"60\" fetchpriority=\"high\" decoding=\"sync\" style=\"height:60px\"\/><\/a><\/p>\n<p class=\"ods-m-google-article__text\">Czytaj nas cz\u0119\u015bciej w Google<\/p>\n<p><a href=\"https:\/\/google.com\/preferences\/source?q=przegladsportowy.onet.pl\" target=\"_blank\" rel=\"noopener noreferrer nofollow\" aria-label=\"Dodaj w Google\" title=\"Dodaj w Google\" class=\"ods-a-button ods-a-button__primary ods-a-button__default ods-a-button-l\"> Dodaj w Google <\/a>19 czerwca br. S\u0105d Apelacyjny w Wersalu og\u0142osi\u0142, \u017ce <a href=\"https:\/\/przegladsportowy.onet.pl\/bukmacherzy\/pilka-nozna\/gra-na-mundialu-stanie-przed-sadem-pod-zarzutem-gwaltu-apelacja-oddalona\/pltl88z\" id=\"657fb302-e0c6-4d05-a7a1-d6231f299772\" rel=\"nofollow noopener\" target=\"_blank\">reprezentant Maroka stanie przed s\u0105dem pod zarzutem gwa\u0142tu<\/a>. Kilka dni p\u00f3\u017aniej francuskie media poinformowa\u0142y, \u017ce pi\u0142karz PSG odwo\u0142a si\u0119 do S\u0105du Kasacyjnego. Achraf Hakimi od pocz\u0105tku nie przyznaje si\u0119 do winy.&#8221;Za\u0142o\u017cenie rodziny by\u0142o moim marzeniem&#8221;. O ich rozstaniu by\u0142o bardzo g\u0142o\u015bno     <\/p>\n<p>W 2023 r., tu\u017c po tym, jak wysz\u0142o na jaw, \u017ce kobieta oskar\u017cy\u0142a o gwa\u0142t Hakimiego, \u017cona pi\u0142karza poinformowa\u0142a o rozstaniu. P\u00f3\u017aniej Hiba Abouk wyja\u015bni\u0142a, \u017ce decyzj\u0119 o separacji podj\u0119\u0142a ju\u017c wcze\u015bniej.<\/p>\n<p>Po trzech latach Abouk, kt\u00f3r\u0105 niekt\u00f3re hiszpa\u0144skie serwisy nazywaj\u0105 &#8222;najpi\u0119kniejsz\u0105 aktork\u0105 \u015bwiata&#8221;, wr\u00f3ci\u0142a wspomnieniami do najtrudniejszego roku w \u017cyciu. Wyzna\u0142a te\u017c, jak dzi\u015b uk\u0142adaj\u0105 si\u0119 jej relacje z by\u0142ym m\u0119\u017cem.<\/p>\n<p>&#8222;W 2023 r. zda\u0142am sobie spraw\u0119, \u017ce spotyka mnie jedno nieszcz\u0119\u015bcie za drugim i strasznie cierpia\u0142am. Rozpad mojej rodziny, rozw\u00f3d, a do tego wszystkiego do\u015b\u0107 nieprzyjemna kontrowersja. To by\u0142a dla mnie bardzo trudna decyzja, poniewa\u017c za\u0142o\u017cenie rodziny by\u0142o moim marzeniem&#8221; \u2014 wyzna\u0142a Hiba Abouk w programie &#8222;Universo Calleja&#8221;, cytowana przez AS.<\/p>\n<p>     <img class=\"ods-a-photo ods-a-photo--background\" src=\"https:\/\/www.europesays.com\/pl\/wp-content\/uploads\/2026\/07\/Ufxk9lBaHR0cHM6Ly9vY2RuLmV1L3B1bHNjbXMvTURBXy8zNzBkNjViM2ExNThiMjNjYTZjNzlmYTQ5YzI2YjU5Yi5qcGeRkwXNB.jpeg\" height=\"627\" width=\"940\" alt=\"Achraf Hakimi i Hiba Abouk\" loading=\"lazy\" fetchpriority=\"auto\" decoding=\"auto\"\/>    <\/p>\n<p>LOIC VENANCE \/ AFP<\/p>\n<p>  Achraf Hakimi i Hiba Abouk  <\/p>\n<p>   &#8222;Ponie\u015bli\u015bmy pora\u017ck\u0119 jako ma\u0142\u017ce\u0144stwo, ale chcemy odnie\u015b\u0107 sukces jako rodzice&#8221; <\/p>\n<p>Gwiazda podkre\u015bli\u0142a, \u017ce w trosce o dobro dzieci odnalaz\u0142a wsp\u00f3lny j\u0119zyk z by\u0142ym m\u0119\u017cem. &#8222;Ponie\u015bli\u015bmy pora\u017ck\u0119 jako ma\u0142\u017ce\u0144stwo, ale chcemy odnie\u015b\u0107 sukces jako rodzice i by\u0107 rodzin\u0105 w inny spos\u00f3b, bo b\u0119dziemy ni\u0105 do ko\u0144ca \u017cycia. Mamy dobre relacje, aby moje dzieci mog\u0142y dorasta\u0107 w zdrowym \u015brodowisku. Mimo wszystko. Nauka wybaczania jest podstaw\u0105 szcz\u0119\u015bcia i spokoju&#8221; \u2014 stwierdzi\u0142a 39-latka.<\/p>\n<p>W mediach kr\u0105\u017cy\u0142y plotki o tym, \u017ce Hiba Abouk i Achraf Hakimi tocz\u0105 batali\u0119 prawn\u0105 o podzia\u0142 maj\u0105tku, ale aktorka zaprzeczy\u0142a tym doniesieniom. &#8222;Plotki o tym, \u017ce poszli\u015bmy do s\u0105du, s\u0105 nieprawdziwe. Nigdy nie poszli\u015bmy do s\u0105du. Rozstali\u015bmy si\u0119 polubownie&#8221; \u2014 cytuje jej s\u0142owa OKDiario.<\/p>\n","protected":false},"excerpt":{"rendered":"Achraf Hakimi w pierwszej po\u0142owie 2023 r. zosta\u0142 oskar\u017cony o gwa\u0142t. M\u0142oda kobieta zg\u0142osi\u0142a spraw\u0119 na komisariacie policji,&hellip;\n","protected":false},"author":2,"featured_media":582879,"comment_status":"","ping_status":"","sticky":false,"template":"","format":"standard","meta":{"footnotes":"","_share_on_mastodon":"0"},"categories":[52122],"tags":[46526,61195,48,129,46,948,6010,752,42,38,40,39,41,47,11971,130],"class_list":["post-582878","post","type-post","status-publish","format-standard","has-post-thumbnail","category-pko-bank-polski","tag-achraf_hakimi","tag-bottomfeed_styl","tag-nat_styl","tag-ofsajd","tag-omp","tag-pilka_nozna","tag-pko-bank-polski","tag-pko-bp","tag-pl","tag-poland","tag-polish","tag-polska","tag-polski","tag-screening_general","tag-wags","tag-wiadomosci_sportowe"],"share_on_mastodon":{"url":"https:\/\/pubeurope.com\/@pl\/116992342903523759","error":""},"_links":{"self":[{"href":"https:\/\/www.europesays.com\/pl\/wp-json\/wp\/v2\/posts\/582878","targetHints":{"allow":["GET"]}}],"collection":[{"href":"https:\/\/www.europesays.com\/pl\/wp-json\/wp\/v2\/posts"}],"about":[{"href":"https:\/\/www.europesays.com\/pl\/wp-json\/wp\/v2\/types\/post"}],"author":[{"embeddable":true,"href":"https:\/\/www.europesays.com\/pl\/wp-json\/wp\/v2\/users\/2"}],"replies":[{"embeddable":true,"href":"https:\/\/www.europesays.com\/pl\/wp-json\/wp\/v2\/comments?post=582878"}],"version-history":[{"count":0,"href":"https:\/\/www.europesays.com\/pl\/wp-json\/wp\/v2\/posts\/582878\/revisions"}],"wp:featuredmedia":[{"embeddable":true,"href":"https:\/\/www.europesays.com\/pl\/wp-json\/wp\/v2\/media\/582879"}],"wp:attachment":[{"href":"https:\/\/www.europesays.com\/pl\/wp-json\/wp\/v2\/media?parent=582878"}],"wp:term":[{"taxonomy":"category","embeddable":true,"href":"https:\/\/www.europesays.com\/pl\/wp-json\/wp\/v2\/categories?post=582878"},{"taxonomy":"post_tag","embeddable":true,"href":"https:\/\/www.europesays.com\/pl\/wp-json\/wp\/v2\/tags?post=582878"}],"curies":[{"name":"wp","href":"https:\/\/api.w.org\/{rel}","templated":true}]}}