{"id":583098,"date":"2026-07-27T16:10:11","date_gmt":"2026-07-27T16:10:11","guid":{"rendered":"https:\/\/www.europesays.com\/pl\/583098\/"},"modified":"2026-07-27T16:10:11","modified_gmt":"2026-07-27T16:10:11","slug":"nawalnice-i-gwaltowne-burze-nad-polska-imgw-wydal-pilne-ostrzezenia","status":"publish","type":"post","link":"https:\/\/www.europesays.com\/pl\/583098\/","title":{"rendered":"Nawa\u0142nice i gwa\u0142towne burze nad Polsk\u0105. IMGW wyda\u0142 pilne ostrze\u017cenia"},"content":{"rendered":"<p>Kt\u00f3re regiony obj\u0119to ostrze\u017ceniem IMGW przed wzrostami w\u00f3d.<\/p>\n<p>Dlaczego wydano ostrze\u017cenia hydrologiczne II stopnia.<\/p>\n<p>Jakie s\u0105 przewidywane skutki intensywnych opad\u00f3w deszczu i burz.<\/p>\n<p>Do kiedy obowi\u0105zuj\u0105 aktualne ostrze\u017cenia meteorologiczne.<\/p>\n<p>    <a name=\"eztoc42389010_0_3\" id=\"eztoc42389010_0_3\"\/>Burze i intensywne opady deszczu. IMGW ostrzega przed wzrostami stan\u00f3w w\u00f3d<\/p>\n<p>Ostrze\u017cenia I stopnia przed gwa\u0142townymi wzrostami stan\u00f3w w\u00f3d wydano dla wojew\u00f3dztwa:<\/p>\n<p>podlaskiego<\/p>\n<p>podkarpackiego<\/p>\n<p>oraz cz\u0119\u015bci wojew\u00f3dztwa:<\/p>\n<p>warmi\u0144sko-mazurskiego<\/p>\n<p>mazowieckiego<\/p>\n<p>ma\u0142opolskiego<\/p>\n<p>W tych regionach obowi\u0105zuj\u0105 r\u00f3wnie\u017c ostrze\u017cenia przed burzami I i II stopnia. Alert wydano r\u00f3wnie\u017c dla wybrze\u017ca zachodniego Ba\u0142tyku na obszarze wojew\u00f3dztwa zachodniopomorskiego.<\/p>\n<p>                <img decoding=\"async\" src=\"https:\/\/www.europesays.com\/pl\/wp-content\/uploads\/2026\/07\/2439390-860x709-178ea1ca57.png\" alt=\"Ostrze\u017cenia hydrologiczne IMGW\" class=\"lazyload\" data-portal-copyright=\"Domena Publiczna\" data-width=\"860\" data-height=\"709\"\/><\/p>\n<p>\n                Fot. IMGW<\/p>\n<p>Ostrze\u017cenia hydrologiczne IMGW\n                            <\/p>\n<p>II stopie\u0144 ostrze\u017cenia obowi\u0105zuje dla wschodniej cz\u0119\u015bci wojew\u00f3dztwa warmi\u0144sko-mazurskiego. W zlewniach G\u00f3rnego E\u0142ku, G\u00f3rnej Legi i Pisy, w przypadku wyst\u0105pienia intensywnych opad\u00f3w, lokalnie mo\u017cliwe jest przekroczenie stan\u00f3w ostrzegawczych.\u00a0Alerty b\u0119d\u0105 obowi\u0105zywa\u0107 do poniedzia\u0142ku do godz. 21.00.<\/p>\n<p>Ostrze\u017cenia hydrologiczne I stopnia przewiduj\u0105 uk\u0142adanie si\u0119 stan\u00f3w w\u00f3d w strefie poni\u017cej stan\u00f3w ostrzegawczych, przy czym mo\u017cliwe jest ich lokalne, kr\u00f3tkotrwa\u0142e osi\u0105gni\u0119cie b\u0105d\u017a przekroczenie.<\/p>\n<p>Ostrze\u017cenie hydrologiczne II stopnia oznacza, \u017ce stany wody (obserwowane lub prognozowane) uk\u0142adaj\u0105 si\u0119 w strefie powy\u017cej stan\u00f3w ostrzegawczych, z tendencj\u0105 wzrostow\u0105 i mo\u017cliwo\u015bci\u0105 kr\u00f3tkotrwa\u0142ego przekroczenia stan\u00f3w alarmowych.<\/p>\n<p>\u00a0\u0179r\u00f3d\u0142o: Radio ZET\/PAP<\/p>\n<p>By\u0142e\u015b \u015bwiadkiem czego\u015b niespodziewanego? Masz temat, kt\u00f3rym powinni\u015bmy si\u0119 zaj\u0105\u0107?<\/p>\n<p>Zg\u0142o\u015b spraw\u0119 przez <a href=\"https:\/\/wiadomosci.radiozet.pl\/czerwony-telefon\" target=\"_blank\" title=\"Czerwony telefon Radia Zet\" rel=\"nofollow noopener\">Czerwony telefon Radia ZET<\/a><\/p>\n","protected":false},"excerpt":{"rendered":"Kt\u00f3re regiony obj\u0119to ostrze\u017ceniem IMGW przed wzrostami w\u00f3d. Dlaczego wydano ostrze\u017cenia hydrologiczne II stopnia. Jakie s\u0105 przewidywane skutki&hellip;\n","protected":false},"author":2,"featured_media":583099,"comment_status":"","ping_status":"","sticky":false,"template":"","format":"standard","meta":{"footnotes":"","_share_on_mastodon":"0"},"categories":[12],"tags":[14276,169,167,21201,42,78,38,40,39,41,24087,1600,8011],"class_list":["post-583098","post","type-post","status-publish","format-standard","has-post-thumbnail","category-polska","tag-burze","tag-deszcz","tag-imgw","tag-ostrzezenia-imgw","tag-pl","tag-pogoda","tag-poland","tag-polish","tag-polska","tag-polski","tag-prognoza-imgw","tag-prognoza-pogody","tag-ulewy"],"share_on_mastodon":{"url":"https:\/\/pubeurope.com\/@pl\/116992818074957582","error":""},"_links":{"self":[{"href":"https:\/\/www.europesays.com\/pl\/wp-json\/wp\/v2\/posts\/583098","targetHints":{"allow":["GET"]}}],"collection":[{"href":"https:\/\/www.europesays.com\/pl\/wp-json\/wp\/v2\/posts"}],"about":[{"href":"https:\/\/www.europesays.com\/pl\/wp-json\/wp\/v2\/types\/post"}],"author":[{"embeddable":true,"href":"https:\/\/www.europesays.com\/pl\/wp-json\/wp\/v2\/users\/2"}],"replies":[{"embeddable":true,"href":"https:\/\/www.europesays.com\/pl\/wp-json\/wp\/v2\/comments?post=583098"}],"version-history":[{"count":0,"href":"https:\/\/www.europesays.com\/pl\/wp-json\/wp\/v2\/posts\/583098\/revisions"}],"wp:featuredmedia":[{"embeddable":true,"href":"https:\/\/www.europesays.com\/pl\/wp-json\/wp\/v2\/media\/583099"}],"wp:attachment":[{"href":"https:\/\/www.europesays.com\/pl\/wp-json\/wp\/v2\/media?parent=583098"}],"wp:term":[{"taxonomy":"category","embeddable":true,"href":"https:\/\/www.europesays.com\/pl\/wp-json\/wp\/v2\/categories?post=583098"},{"taxonomy":"post_tag","embeddable":true,"href":"https:\/\/www.europesays.com\/pl\/wp-json\/wp\/v2\/tags?post=583098"}],"curies":[{"name":"wp","href":"https:\/\/api.w.org\/{rel}","templated":true}]}}