{"id":583162,"date":"2026-07-27T16:45:12","date_gmt":"2026-07-27T16:45:12","guid":{"rendered":"https:\/\/www.europesays.com\/pl\/583162\/"},"modified":"2026-07-27T16:45:12","modified_gmt":"2026-07-27T16:45:12","slug":"waldemar-zurek-krytycznie-o-decyzji-karola-nawrockiego-wezmie-to-na-siebie","status":"publish","type":"post","link":"https:\/\/www.europesays.com\/pl\/583162\/","title":{"rendered":"Waldemar \u017burek krytycznie o decyzji Karola Nawrockiego. &#8222;We\u017amie to na siebie?&#8221;"},"content":{"rendered":"\n<p>Co napisa\u0142 Waldemar \u017burek?<\/p>\n<p>W przededniu wr\u0119czenia nominacji nowej czw\u00f3rce s\u0119dziowskiej g\u0142os w tej sprawie zabra\u0142 minister sprawiedliwo\u015bci Waldemar \u017burek. &#8222;Szef personelu Kancelarii Prezydenta, pan Bogucki zapowiedzia\u0142, \u017ce Prezydent zamierza we wtorek (28 lipca) powo\u0142a\u0107 4 nowych neos\u0119dzi\u00f3w do S\u0105du Najwy\u017cszego. Cel jest jasny \u2014 pog\u0142\u0119bienie kryzysu. Warto wi\u0119c publicznie zapyta\u0107: Kto zap\u0142aci za odszkodowania, obci\u0105\u017caj\u0105ce Skarb Pa\u0144stwa, zas\u0105dzane przez ETPC na rzecz obywateli, z tytu\u0142u udzia\u0142u w ich sprawach nieprawid\u0142owo powo\u0142anych s\u0119dzi\u00f3w S\u0105du Najwy\u017cszego? Kancelaria Prezydenta RP z w\u0142asnego bud\u017cetu czy g\u0142owa pa\u0144stwa we\u017amie to na siebie?&#8221; \u2014 napisa\u0142 na X minister sprawiedliwo\u015bci.<\/p>\n","protected":false},"excerpt":{"rendered":"Co napisa\u0142 Waldemar \u017burek? W przededniu wr\u0119czenia nominacji nowej czw\u00f3rce s\u0119dziowskiej g\u0142os w tej sprawie zabra\u0142 minister sprawiedliwo\u015bci&hellip;\n","protected":false},"author":2,"featured_media":583163,"comment_status":"","ping_status":"","sticky":false,"template":"","format":"standard","meta":{"footnotes":"","_share_on_mastodon":"0"},"categories":[12],"tags":[61195,32,33,5422,36,37,27,43,49,1381,34,35,28,31,48,25,46,42,38,40,6571,39,41,412,1341,47,29,30,70,793,26],"class_list":["post-583162","post","type-post","status-publish","format-standard","has-post-thumbnail","category-polska","tag-bottomfeed_styl","tag-breaking-news","tag-breakingnews","tag-etpc","tag-featured-news","tag-featurednews","tag-headlines","tag-karol_nawrocki","tag-kraj","tag-krs","tag-latest-news","tag-latestnews","tag-naglowki","tag-najwazniejsze-artykuly","tag-nat_styl","tag-news","tag-omp","tag-pl","tag-poland","tag-polish","tag-polityka_politycy","tag-polska","tag-polski","tag-prawo_sady_prawnicy","tag-sad_najwyzszy_rp","tag-screening_general","tag-top-stories","tag-topstories","tag-w_skrocie","tag-waldemar_zurek","tag-wiadomosci"],"share_on_mastodon":{"url":"https:\/\/pubeurope.com\/@pl\/116992955186069353","error":""},"_links":{"self":[{"href":"https:\/\/www.europesays.com\/pl\/wp-json\/wp\/v2\/posts\/583162","targetHints":{"allow":["GET"]}}],"collection":[{"href":"https:\/\/www.europesays.com\/pl\/wp-json\/wp\/v2\/posts"}],"about":[{"href":"https:\/\/www.europesays.com\/pl\/wp-json\/wp\/v2\/types\/post"}],"author":[{"embeddable":true,"href":"https:\/\/www.europesays.com\/pl\/wp-json\/wp\/v2\/users\/2"}],"replies":[{"embeddable":true,"href":"https:\/\/www.europesays.com\/pl\/wp-json\/wp\/v2\/comments?post=583162"}],"version-history":[{"count":0,"href":"https:\/\/www.europesays.com\/pl\/wp-json\/wp\/v2\/posts\/583162\/revisions"}],"wp:featuredmedia":[{"embeddable":true,"href":"https:\/\/www.europesays.com\/pl\/wp-json\/wp\/v2\/media\/583163"}],"wp:attachment":[{"href":"https:\/\/www.europesays.com\/pl\/wp-json\/wp\/v2\/media?parent=583162"}],"wp:term":[{"taxonomy":"category","embeddable":true,"href":"https:\/\/www.europesays.com\/pl\/wp-json\/wp\/v2\/categories?post=583162"},{"taxonomy":"post_tag","embeddable":true,"href":"https:\/\/www.europesays.com\/pl\/wp-json\/wp\/v2\/tags?post=583162"}],"curies":[{"name":"wp","href":"https:\/\/api.w.org\/{rel}","templated":true}]}}