{"id":583500,"date":"2026-07-27T20:00:14","date_gmt":"2026-07-27T20:00:14","guid":{"rendered":"https:\/\/www.europesays.com\/pl\/583500\/"},"modified":"2026-07-27T20:00:14","modified_gmt":"2026-07-27T20:00:14","slug":"zbigniew-ziobro-odpowiada-na-wniosek-o-ekstradycje-zamiescil-wpis","status":"publish","type":"post","link":"https:\/\/www.europesays.com\/pl\/583500\/","title":{"rendered":"Zbigniew Ziobro odpowiada na wniosek o ekstradycj\u0119. Zamie\u015bci\u0142 wpis"},"content":{"rendered":"<p><a href=\"https:\/\/wiadomosci.onet.pl\/kraj\/ekstradycja-zbigniewa-ziobry-prokuratura-zabiera-glos\/xe9qh1v\" id=\"7b04302d-a2c8-40c8-a1b4-019cc3511d3b\" rel=\"nofollow noopener\" target=\"_blank\">W poniedzia\u0142ek Prokuratura Krajowa poinformowa\u0142a o z\u0142o\u017ceniu wniosku o ekstradycj\u0119 by\u0142ego ministra sprawiedliwo\u015bci, Zbigniewa Ziobry, ze Stan\u00f3w Zjednoczonych<\/a>. Na Ziobrze ci\u0105\u017c\u0105 zarzuty w \u015bledztwie dotycz\u0105cym nieprawid\u0142owo\u015bci w Funduszu Sprawiedliwo\u015bci. W lutym s\u0105d rejonowy wyrazi\u0142 zgod\u0119 na jego areszt, nast\u0119pnie za politykiem wystawiono list go\u0144czy. Dalszy ci\u0105g artyku\u0142u pod materia\u0142em wideo Zbigniew Ziobro odpowiada na ruch prokuratury. &#8222;Jestem got\u00f3w&#8221;<a href=\"https:\/\/www.onet.pl\/\" title=\"Strona G\u0142\u00f3wna\" aria-label=\"Strona G\u0142\u00f3wna\" data-astro-prefetch=\"tap\" class=\"ods-a-logo-main-desktop\" rel=\"nofollow noopener\" target=\"_blank\"><img src=\"https:\/\/cdn.wiadomosci.onet.pl\/img\/Logo_desktop_Onet.svg\" class=\"ods-a-logo-main-desktop__image\" alt=\"Logo\" width=\"107\" height=\"60\" fetchpriority=\"high\" decoding=\"sync\" style=\"height:60px\"\/><\/a><\/p>\n<p class=\"ods-m-google-article__text\">Czytaj nas cz\u0119\u015bciej w Google<\/p>\n<p><a href=\"https:\/\/google.com\/preferences\/source?q=wiadomosci.onet.pl\" target=\"_blank\" rel=\"noopener noreferrer nofollow\" aria-label=\"Dodaj w Google\" title=\"Dodaj w Google\" class=\"ods-a-button ods-a-button__primary ods-a-button__default ods-a-button-l\"> Dodaj w Google <\/a><\/p>\n<p>Zbigniew Ziobro odni\u00f3s\u0142 si\u0119 do sprawy w poniedzia\u0142ek wieczorem w mediach spo\u0142eczno\u015bciowych.<\/p>\n<p>Oskar\u017cy\u0142 Donalda Tuska i Waldemara \u017burka o to, \u017ce ich dzia\u0142ania i wniosek do USA s\u0105 motywowane politycznie, i stwierdzi\u0142, \u017ce &#8222;bezprawiu tej w\u0142adzy nie b\u0119[dzie] si\u0119 poddawa\u0142&#8221;.<\/p>\n<p>&#8222;Jestem got\u00f3w na rzeteln\u0105, uczciw\u0105 i bezstronn\u0105 weryfikacj\u0119 zar\u00f3wno zarzut\u00f3w kierowanych wobec mnie, jak i ca\u0142ego politycznego kontekstu tego post\u0119powania. Wierz\u0119, \u017ce ameryka\u0144skie instytucje zbadaj\u0105 nie tylko tre\u015b\u0107 wniosku o ekstradycj\u0119, ale r\u00f3wnie\u017c okoliczno\u015bci jego powstania, spos\u00f3b dzia\u0142ania polskich organ\u00f3w oraz to, czy nie dosz\u0142o do bezprawnego i instrumentalnego wykorzystania wymiaru sprawiedliwo\u015bci do walki z przeciwnikiem politycznym&#8221; \u2014 napisa\u0142 by\u0142y minister sprawiedliwo\u015bci na platformie X.<\/p>\n<p>&#8222;Jestem przekonany, \u017ce instytucje Stan\u00f3w Zjednoczonych dokonaj\u0105 niezale\u017cnej oceny tej sprawy, kieruj\u0105c si\u0119 wy\u0142\u0105cznie prawem i faktami&#8221; \u2014 doda\u0142 Ziobro.<\/p>\n<p>Sprawa Zbigniewa ZiobryBy\u0142y minister sprawiedliwo\u015bci, prokurator generalny Zbigniew Ziobro ma sformu\u0142owane zarzuty w \u015bledztwie dotycz\u0105cym nieprawid\u0142owo\u015bci w Funduszu Sprawiedliwo\u015bci. W lutym s\u0105d rejonowy wyrazi\u0142 zgod\u0119 na jego areszt, nast\u0119pnie za politykiem wystawiono list go\u0144czy. Prokuratura skierowa\u0142a te\u017c wniosek o wydanie wobec Ziobry Europejskiego Nakazu Aresztowania (ENA); <a href=\"https:\/\/wiadomosci.onet.pl\/kraj\/co-z-europejskim-nakazem-aresztowania-wobec-zbigniewa-ziobry-jest-decyzja-sadu\/112kh9e\" id=\"b84b6419-5a56-438b-bbc9-a60a42361665\" rel=\"nofollow noopener\" target=\"_blank\">warszawski s\u0105d okr\u0119gowy w Warszawie odm\u00f3wi\u0142 jednak jego wydania w lipcu tego roku<\/a>.10 maja br. \u2014 ju\u017c po przegranych przez Orbana wyborach \u2014 Ziobro poinformowa\u0142, \u017ce przebywa w USA. O\u015bwiadczy\u0142, \u017ce nie uciek\u0142 z Polski i pos\u0142uguje si\u0119 dokumentem przyznanym mu wraz z prawem do azylu, kt\u00f3ry otrzyma\u0142 na W\u0119grzech. <a href=\"https:\/\/wiadomosci.onet.pl\/kraj\/co-dalej-ze-zbigniewem-ziobra-resort-ujawnia-swoje-plany\/9dnzfs2\" id=\"aa1ffca5-2d96-40e2-b3a4-8d1ceee13288\" rel=\"nofollow noopener\" target=\"_blank\">Ju\u017c wtedy obecny minister sprawiedliwo\u015bci i prokurator generalny Waldemar \u017burek zapowiada\u0142 wniosek o ekstradycj\u0119<\/a>. Lekarz oskar\u017cony o \u015bmier\u0107 ojca Zbigniewa Ziobry: ta sprawa nigdy si\u0119 nie zako\u0144czy   <img class=\"ods-a-photo ods-a-photo--background\" src=\"https:\/\/www.europesays.com\/pl\/wp-content\/uploads\/2026\/07\/ZdNk9lBaHR0cHM6Ly9vY2RuLmV1L3B1bHNjbXMvTURBXy8yNDFmMGM4YzA2MGJiNjQ2YjYxMGRkOGNmODQ3MTNlOC5qcGeRlQLNA.jpeg\" height=\"300\" width=\"450\" alt=\"Zbigniew Ziobro\" loading=\"lazy\" fetchpriority=\"low\" decoding=\"async\"\/>  <\/p>\n","protected":false},"excerpt":{"rendered":"W poniedzia\u0142ek Prokuratura Krajowa poinformowa\u0142a o z\u0142o\u017ceniu wniosku o ekstradycj\u0119 by\u0142ego ministra sprawiedliwo\u015bci, Zbigniewa Ziobry, ze Stan\u00f3w Zjednoczonych.&hellip;\n","protected":false},"author":2,"featured_media":583501,"comment_status":"","ping_status":"","sticky":false,"template":"","format":"standard","meta":{"footnotes":"","_share_on_mastodon":"0"},"categories":[12],"tags":[61195,32,33,1624,36,37,27,49,34,35,28,31,48,25,46,42,38,40,39,41,47,29,30,71,26,2037],"class_list":["post-583500","post","type-post","status-publish","format-standard","has-post-thumbnail","category-polska","tag-bottomfeed_styl","tag-breaking-news","tag-breakingnews","tag-ekstradycja","tag-featured-news","tag-featurednews","tag-headlines","tag-kraj","tag-latest-news","tag-latestnews","tag-naglowki","tag-najwazniejsze-artykuly","tag-nat_styl","tag-news","tag-omp","tag-pl","tag-poland","tag-polish","tag-polska","tag-polski","tag-screening_general","tag-top-stories","tag-topstories","tag-usa","tag-wiadomosci","tag-zbigniew_ziobro"],"share_on_mastodon":{"url":"https:\/\/pubeurope.com\/@pl\/116993723225804688","error":""},"_links":{"self":[{"href":"https:\/\/www.europesays.com\/pl\/wp-json\/wp\/v2\/posts\/583500","targetHints":{"allow":["GET"]}}],"collection":[{"href":"https:\/\/www.europesays.com\/pl\/wp-json\/wp\/v2\/posts"}],"about":[{"href":"https:\/\/www.europesays.com\/pl\/wp-json\/wp\/v2\/types\/post"}],"author":[{"embeddable":true,"href":"https:\/\/www.europesays.com\/pl\/wp-json\/wp\/v2\/users\/2"}],"replies":[{"embeddable":true,"href":"https:\/\/www.europesays.com\/pl\/wp-json\/wp\/v2\/comments?post=583500"}],"version-history":[{"count":0,"href":"https:\/\/www.europesays.com\/pl\/wp-json\/wp\/v2\/posts\/583500\/revisions"}],"wp:featuredmedia":[{"embeddable":true,"href":"https:\/\/www.europesays.com\/pl\/wp-json\/wp\/v2\/media\/583501"}],"wp:attachment":[{"href":"https:\/\/www.europesays.com\/pl\/wp-json\/wp\/v2\/media?parent=583500"}],"wp:term":[{"taxonomy":"category","embeddable":true,"href":"https:\/\/www.europesays.com\/pl\/wp-json\/wp\/v2\/categories?post=583500"},{"taxonomy":"post_tag","embeddable":true,"href":"https:\/\/www.europesays.com\/pl\/wp-json\/wp\/v2\/tags?post=583500"}],"curies":[{"name":"wp","href":"https:\/\/api.w.org\/{rel}","templated":true}]}}