{"id":583628,"date":"2026-07-27T21:14:13","date_gmt":"2026-07-27T21:14:13","guid":{"rendered":"https:\/\/www.europesays.com\/pl\/583628\/"},"modified":"2026-07-27T21:14:13","modified_gmt":"2026-07-27T21:14:13","slug":"polska-ma-coraz-mniej-mieszkancow-kraj-nadal-sie-wyludnia","status":"publish","type":"post","link":"https:\/\/www.europesays.com\/pl\/583628\/","title":{"rendered":"Polska ma coraz mniej mieszka\u0144c\u00f3w. Kraj nadal si\u0119 wyludnia"},"content":{"rendered":"<p>Liczba mieszka\u0144c\u00f3w Polski systematycznie spada. Z najnowszych wst\u0119pnych danych G\u0142\u00f3wnego Urz\u0119du Statystycznego wynika, \u017ce \u2013 jak podaje Interia Biznes \u2013 pod koniec czerwca 2026 r. w kraju mieszka\u0142o 37 mln 243 tys. os\u00f3b. To o 159 tys. mniej ni\u017c rok wcze\u015bniej i o oko\u0142o 90 tys. mniej ni\u017c na koniec 2025 r.\u00a0<\/p>\n<p>Demograficzny trend pozostaje niekorzystny \u2013 rodzi si\u0119 zbyt ma\u0142o dzieci, a liczba zgon\u00f3w wci\u0105\u017c przewy\u017csza liczb\u0119 urodze\u0144.\u00a0<\/p>\n<p>Wi\u0119ksza liczba ma\u0142\u017ce\u0144stw nie przek\u0142ada si\u0119 na liczb\u0119 narodzin\u00a0<\/p>\n<p>Wed\u0142ug GUS tempo spadku liczby ludno\u015bci nie s\u0142abnie. W ci\u0105gu zaledwie 6 miesi\u0119cy populacja Polski zmniejszy\u0142a si\u0119 o oko\u0142o 90 tys. os\u00f3b, a w uj\u0119ciu rocznym ubytek wyni\u00f3s\u0142 159 tys. Oznacza to, \u017ce kraj liczy ju\u017c mniej ni\u017c 37,3 mln mieszka\u0144c\u00f3w.\u00a0<\/p>\n<p>Za pog\u0142\u0119biaj\u0105cym si\u0119 kryzysem demograficznym stoi przede wszystkim utrzymuj\u0105cy si\u0119 ujemny przyrost naturalny. Cho\u0107 liczba zawieranych ma\u0142\u017ce\u0144stw wzros\u0142a w por\u00f3wnaniu z ubieg\u0142ym rokiem, nie prze\u0142o\u017cy\u0142o si\u0119 to na wi\u0119ksz\u0105 liczb\u0119 narodzin. Jednocze\u015bnie zgon\u00f3w nadal jest wi\u0119cej ni\u017c urodze\u0144, co powoduje dalszy spadek liczby mieszka\u0144c\u00f3w.\u00a0<\/p>\n<p>Nie jest to jednak zjawisko nowe. Oficjalne dane GUS pokazuj\u0105, \u017ce liczba ludno\u015bci Polski maleje niemal nieprzerwanie od ponad dekady.\u00a0<\/p>\n<p>Utrzymuj\u0105 si\u0119 niska dzietno\u015b\u0107 i starzenie si\u0119 spo\u0142ecze\u0144stwa<\/p>\n<p>Na koniec 2025 r. kraj liczy\u0142 37,332 mln mieszka\u0144c\u00f3w \u2013 o oko\u0142o 157 tys. mniej ni\u017c rok wcze\u015bniej. W ca\u0142ym 2025 r. odnotowano oko\u0142o 238 tys. urodze\u0144 i oko\u0142o 406 tys. zgon\u00f3w, co oznacza\u0142o bardzo wysoki ubytek naturalny.\u00a0<\/p>\n<p>Eksperci od lat wskazuj\u0105, \u017ce przyczyn\u0105 pogarszaj\u0105cej si\u0119 sytuacji jest \u2013 podkre\u015bla serwis \u2013 utrzymuj\u0105ca si\u0119 bardzo niska dzietno\u015b\u0107 oraz starzenie si\u0119 spo\u0142ecze\u0144stwa. Coraz mniej liczna grupa os\u00f3b w wieku rozrodczym sprawia, \u017ce nawet poprawa wska\u017anika dzietno\u015bci nie przynios\u0142aby szybkiego odwr\u00f3cenia trendu.<\/p>\n<p>Demograficzne zmiany b\u0119d\u0105 mia\u0142y coraz wi\u0119kszy wp\u0142yw na gospodark\u0119 i rynek pracy. Mniejsza liczba os\u00f3b w wieku produkcyjnym oznacza wi\u0119ksze problemy ze znalezieniem pracownik\u00f3w, rosn\u0105c\u0105 presj\u0119 na system emerytalny i ochron\u0119 zdrowia oraz konieczno\u015b\u0107 dostosowania us\u0142ug publicznych do starzej\u0105cego si\u0119 spo\u0142ecze\u0144stwa.<\/p>\n<p>GUS eksperymentalnie<\/p>\n<p>Przypomnijmy jeszcze, \u017ce r\u00f3wnolegle GUS prowadzi tak\u017ce eksperymentalne badania pokazuj\u0105ce liczb\u0119 os\u00f3b faktycznie przebywaj\u0105cych w Polsce.\u00a0<\/p>\n<p>Wed\u0142ug tych analiz pod koniec 2025 r. w kraju przebywa\u0142o oko\u0142o 38,8 mln os\u00f3b, w tym oko\u0142o 2,3 mln cudzoziemc\u00f3w. Dane te nie zast\u0119puj\u0105 jednak oficjalnych statystyk ludno\u015bci i s\u0142u\u017c\u0105 innym celom analitycznym.\u00a0<\/p>\n","protected":false},"excerpt":{"rendered":"Liczba mieszka\u0144c\u00f3w Polski systematycznie spada. Z najnowszych wst\u0119pnych danych G\u0142\u00f3wnego Urz\u0119du Statystycznego wynika, \u017ce \u2013 jak podaje Interia&hellip;\n","protected":false},"author":2,"featured_media":583629,"comment_status":"","ping_status":"","sticky":false,"template":"","format":"standard","meta":{"footnotes":"","_share_on_mastodon":"0"},"categories":[12],"tags":[4438,17511,1704,42,38,40,39,41,95814,115084],"class_list":["post-583628","post","type-post","status-publish","format-standard","has-post-thumbnail","category-polska","tag-demografia","tag-dzietnosc","tag-gus","tag-pl","tag-poland","tag-polish","tag-polska","tag-polski","tag-starzenie-spoleczenstwa","tag-wyludnienie"],"share_on_mastodon":{"url":"","error":""},"_links":{"self":[{"href":"https:\/\/www.europesays.com\/pl\/wp-json\/wp\/v2\/posts\/583628","targetHints":{"allow":["GET"]}}],"collection":[{"href":"https:\/\/www.europesays.com\/pl\/wp-json\/wp\/v2\/posts"}],"about":[{"href":"https:\/\/www.europesays.com\/pl\/wp-json\/wp\/v2\/types\/post"}],"author":[{"embeddable":true,"href":"https:\/\/www.europesays.com\/pl\/wp-json\/wp\/v2\/users\/2"}],"replies":[{"embeddable":true,"href":"https:\/\/www.europesays.com\/pl\/wp-json\/wp\/v2\/comments?post=583628"}],"version-history":[{"count":0,"href":"https:\/\/www.europesays.com\/pl\/wp-json\/wp\/v2\/posts\/583628\/revisions"}],"wp:featuredmedia":[{"embeddable":true,"href":"https:\/\/www.europesays.com\/pl\/wp-json\/wp\/v2\/media\/583629"}],"wp:attachment":[{"href":"https:\/\/www.europesays.com\/pl\/wp-json\/wp\/v2\/media?parent=583628"}],"wp:term":[{"taxonomy":"category","embeddable":true,"href":"https:\/\/www.europesays.com\/pl\/wp-json\/wp\/v2\/categories?post=583628"},{"taxonomy":"post_tag","embeddable":true,"href":"https:\/\/www.europesays.com\/pl\/wp-json\/wp\/v2\/tags?post=583628"}],"curies":[{"name":"wp","href":"https:\/\/api.w.org\/{rel}","templated":true}]}}