{"id":583750,"date":"2026-07-27T22:32:17","date_gmt":"2026-07-27T22:32:17","guid":{"rendered":"https:\/\/www.europesays.com\/pl\/583750\/"},"modified":"2026-07-27T22:32:17","modified_gmt":"2026-07-27T22:32:17","slug":"utrudnienia-na-trasie-zamosc-lublin-rusza-remont-15-km-ekspresowki-zwezenia-jeden-pas-i-ograniczenie-predkosci","status":"publish","type":"post","link":"https:\/\/www.europesays.com\/pl\/583750\/","title":{"rendered":"Utrudnienia na trasie Zamo\u015b\u0107-Lublin. Rusza remont 15 km ekspres\u00f3wki. Zw\u0119\u017cenia, jeden pas i ograniczenie pr\u0119dko\u015bci"},"content":{"rendered":"<p class=\"news__lead\">W poniedzia\u0142ek, 27 lipca, drogowcy rozpoczn\u0105 remont ponad 15-kilometrowego odcinka S12\/S17 mi\u0119dzy Lublinem a Piaskami. To jedna z najbardziej obci\u0105\u017conych tras w regionie, kt\u00f3r\u0105 ka\u017cdego dnia przeje\u017cd\u017ca nawet 35 tys. pojazd\u00f3w. Kierowcy musz\u0105 przygotowa\u0107 si\u0119 na zw\u0119\u017cenia, jazd\u0119 jednym pasem, ograniczenie pr\u0119dko\u015bci, a w kolejnych etapach tak\u017ce przekierowanie ruchu na s\u0105siedni\u0105 jezdni\u0119. Prace maj\u0105 potrwa\u0107 do IV kwarta\u0142u tego roku.<\/p>\n<p>Najpierw Wierzchowiska<\/p>\n<p>Remont obejmie tras\u0119 S12\/S17 \u0142\u0105cz\u0105c\u0105 obwodnic\u0119 Lublina z obwodnic\u0105 Piask. Drogowcy wymieni\u0105 warstw\u0119 \u015bcieraln\u0105 nawierzchni na obu jezdniach. Roboty b\u0119d\u0105 prowadzone tak\u017ce na pasach w\u0142\u0105czenia i wy\u0142\u0105czenia oraz w rejonie wiadukt\u00f3w na w\u0119z\u0142ach Lublin Felin, \u015awidnik i Piaski Zach\u00f3d.<\/p>\n<p>Pierwszych utrudnie\u0144 kierowcy powinni spodziewa\u0107 si\u0119 na wysoko\u015bci Wierzchowisk. W poniedzia\u0142ek i wtorek wykonawca b\u0119dzie wprowadza\u0142 tymczasow\u0105 organizacj\u0119 ruchu i ustawia\u0142 oznakowanie.\u00a0Na oko\u0142o 3-kilometrowym odcinku w kierunku Piask ruch zostanie ograniczony do jednego pasa, a maksymalna pr\u0119dko\u015b\u0107 wyniesie 80 km\/h.<\/p>\n<p>Wi\u0119ksze zmiany nast\u0105pi\u0105 od \u015brody, kiedy rozpocznie si\u0119 remont jezdni w kierunku Lublina. Ruch w obu kierunkach zostanie wtedy przeniesiony na jezdni\u0119, kt\u00f3r\u0105 na co dzie\u0144 poruszaj\u0105 si\u0119 kierowcy jad\u0105cy w stron\u0119 Piask i Che\u0142ma.\u00a0Tego samego dnia zw\u0119\u017cenie zostanie wprowadzone r\u00f3wnie\u017c na kr\u00f3tkim odcinku w rejonie Kazimierz\u00f3wki. Drogowcy przygotuj\u0105 tam tymczasowy przejazd pomi\u0119dzy jezdniami.<\/p>\n<p>\u00a0<\/p>\n<p>Nawet 35 tys. samochod\u00f3w na dob\u0119<\/p>\n<p>Remont dotyczy jednej z najwa\u017cniejszych tras wyjazdowych z Lublina. S12 na tym odcinku biegnie wsp\u00f3lnie z S17 i prowadzi w kierunku \u015awidnika, Che\u0142ma, Zamo\u015bcia oraz granicy pa\u0144stwa.<\/p>\n<p>Odcinek zosta\u0142 oddany do ruchu w lipcu 2013 roku. Od tamtej pory jest intensywnie eksploatowany \u2013 nat\u0119\u017cenie ruchu si\u0119ga tutaj nawet 35 tys. pojazd\u00f3w na dob\u0119.\u00a0Jak wyja\u015bnia Generalna Dyrekcja Dr\u00f3g Krajowych i Autostrad, po 13 latach u\u017cytkowania konieczne s\u0105 planowe prace utrzymaniowe.<\/p>\n<p>\u2013 \u017beby utrzyma\u0107 drog\u0119 w dobrym stanie technicznym przez kolejne lata, musimy przeprowadzi\u0107 planowe prace utrzymaniowe, obejmuj\u0105ce m.in. wymian\u0119 warstwy \u015bcieralnej nawierzchni \u2013 informuje GDDKiA.<\/p>\n<p>Utrudnienia przez kilka miesi\u0119cy<\/p>\n<p>Remont b\u0119dzie prowadzony etapami, dlatego wraz z post\u0119pem rob\u00f3t b\u0119dzie zmienia\u0142a si\u0119 organizacja ruchu. Kierowcy powinni zwraca\u0107 szczeg\u00f3ln\u0105 uwag\u0119 na tymczasowe oznakowanie i obowi\u0105zuj\u0105ce ograniczenia pr\u0119dko\u015bci.<\/p>\n<p>Zako\u0144czenie wszystkich prac na ponad 15-kilometrowym odcinku S12\/S17 zaplanowano na IV kwarta\u0142 2026 roku. Do tego czasu osoby podr\u00f3\u017cuj\u0105ce z Lublina w kierunku \u015awidnika, Piask, Che\u0142ma czy Zamo\u015bcia musz\u0105 liczy\u0107 si\u0119 z utrudnieniami i mo\u017cliwym wyd\u0142u\u017ceniem czasu przejazdu.<\/p>\n<p>                                                                                                                                                                                                        ]]><\/p>\n","protected":false},"excerpt":{"rendered":"W poniedzia\u0142ek, 27 lipca, drogowcy rozpoczn\u0105 remont ponad 15-kilometrowego odcinka S12\/S17 mi\u0119dzy Lublinem a Piaskami. To jedna z&hellip;\n","protected":false},"author":2,"featured_media":583751,"comment_status":"","ping_status":"","sticky":false,"template":"","format":"standard","meta":{"footnotes":"","_share_on_mastodon":"0"},"categories":[51612],"tags":[24571,1081,42,38,40,39,41,7752],"class_list":["post-583750","post","type-post","status-publish","format-standard","has-post-thumbnail","category-lublin","tag-generalna-dyrekcja-drog-krajowych-i-autostrad","tag-lublin","tag-pl","tag-poland","tag-polish","tag-polska","tag-polski","tag-zamosc"],"share_on_mastodon":{"url":"https:\/\/pubeurope.com\/@pl\/116994319523057908","error":""},"_links":{"self":[{"href":"https:\/\/www.europesays.com\/pl\/wp-json\/wp\/v2\/posts\/583750","targetHints":{"allow":["GET"]}}],"collection":[{"href":"https:\/\/www.europesays.com\/pl\/wp-json\/wp\/v2\/posts"}],"about":[{"href":"https:\/\/www.europesays.com\/pl\/wp-json\/wp\/v2\/types\/post"}],"author":[{"embeddable":true,"href":"https:\/\/www.europesays.com\/pl\/wp-json\/wp\/v2\/users\/2"}],"replies":[{"embeddable":true,"href":"https:\/\/www.europesays.com\/pl\/wp-json\/wp\/v2\/comments?post=583750"}],"version-history":[{"count":0,"href":"https:\/\/www.europesays.com\/pl\/wp-json\/wp\/v2\/posts\/583750\/revisions"}],"wp:featuredmedia":[{"embeddable":true,"href":"https:\/\/www.europesays.com\/pl\/wp-json\/wp\/v2\/media\/583751"}],"wp:attachment":[{"href":"https:\/\/www.europesays.com\/pl\/wp-json\/wp\/v2\/media?parent=583750"}],"wp:term":[{"taxonomy":"category","embeddable":true,"href":"https:\/\/www.europesays.com\/pl\/wp-json\/wp\/v2\/categories?post=583750"},{"taxonomy":"post_tag","embeddable":true,"href":"https:\/\/www.europesays.com\/pl\/wp-json\/wp\/v2\/tags?post=583750"}],"curies":[{"name":"wp","href":"https:\/\/api.w.org\/{rel}","templated":true}]}}