{"id":583840,"date":"2026-07-27T23:32:24","date_gmt":"2026-07-27T23:32:24","guid":{"rendered":"https:\/\/www.europesays.com\/pl\/583840\/"},"modified":"2026-07-27T23:32:24","modified_gmt":"2026-07-27T23:32:24","slug":"karol-linetty-trenuje-z-lechem-poznan-wychowanek-wrocil-na-bulgarska-futbol","status":"publish","type":"post","link":"https:\/\/www.europesays.com\/pl\/583840\/","title":{"rendered":"Karol Linetty trenuje z Lechem Pozna\u0144. Wychowanek wr\u00f3ci\u0142 na Bu\u0142garsk\u0105 | Futbol"},"content":{"rendered":"<p>Akceptuj\u0119 poni\u017csze cookies dotycz\u0105ce reklamy\/ targetowania. Cookies dotycz\u0105ce reklamy\/ targetowania, kt\u00f3rych u\u017cywamy do \u015bledzenia aktywno\u015bci i sesji U\u017cytkownika, pomagaj\u0105 dostarczy\u0107 bardziej spersonalizowan\u0105 ofert\u0119 i kt\u00f3re, w przypadku cookies reklamowych ustawiaj\u0105 podmioty trzecie bior\u0105ce udzia\u0142 w realizacji naszych kampanii reklamowych i kt\u00f3re umo\u017cliwiaj\u0105 nam zamieszczanie reklam pokrywaj\u0105cych si\u0119 z zainteresowaniami U\u017cytkownika.<\/p>\n","protected":false},"excerpt":{"rendered":"Akceptuj\u0119 poni\u017csze cookies dotycz\u0105ce reklamy\/ targetowania. Cookies dotycz\u0105ce reklamy\/ targetowania, kt\u00f3rych u\u017cywamy do \u015bledzenia aktywno\u015bci i sesji U\u017cytkownika,&hellip;\n","protected":false},"author":2,"featured_media":583841,"comment_status":"","ping_status":"","sticky":false,"template":"","format":"standard","meta":{"footnotes":"","_share_on_mastodon":"0"},"categories":[51609],"tags":[6968,1157,970,9873,971,274,57133,16219,4449,84630,9880,33022,215,13155,2153,270,57134,936,1914,269,42,38,40,39,41,115125,1817,19691,537,2817,115124],"class_list":["post-583840","post","type-post","status-publish","format-standard","has-post-thumbnail","category-poznan","tag-arsenal","tag-barcelona","tag-bayern","tag-bulgarska","tag-chelsea","tag-ekstraklasa","tag-euro2021","tag-football","tag-futbol","tag-karol-linetty","tag-kibice","tag-kocaelispor","tag-lech-poznan","tag-liga","tag-liga-angielska","tag-liga-mistrzow","tag-liga-polska","tag-liverpool","tag-manchester","tag-pilka-nozna","tag-pl","tag-poland","tag-polish","tag-polska","tag-polski","tag-polski-pomocnik","tag-poznan","tag-reprezentacja","tag-reprezentacja-polski","tag-transfery","tag-wychowanek-lecha"],"share_on_mastodon":{"url":"https:\/\/pubeurope.com\/@pl\/116994555751940797","error":""},"_links":{"self":[{"href":"https:\/\/www.europesays.com\/pl\/wp-json\/wp\/v2\/posts\/583840","targetHints":{"allow":["GET"]}}],"collection":[{"href":"https:\/\/www.europesays.com\/pl\/wp-json\/wp\/v2\/posts"}],"about":[{"href":"https:\/\/www.europesays.com\/pl\/wp-json\/wp\/v2\/types\/post"}],"author":[{"embeddable":true,"href":"https:\/\/www.europesays.com\/pl\/wp-json\/wp\/v2\/users\/2"}],"replies":[{"embeddable":true,"href":"https:\/\/www.europesays.com\/pl\/wp-json\/wp\/v2\/comments?post=583840"}],"version-history":[{"count":0,"href":"https:\/\/www.europesays.com\/pl\/wp-json\/wp\/v2\/posts\/583840\/revisions"}],"wp:featuredmedia":[{"embeddable":true,"href":"https:\/\/www.europesays.com\/pl\/wp-json\/wp\/v2\/media\/583841"}],"wp:attachment":[{"href":"https:\/\/www.europesays.com\/pl\/wp-json\/wp\/v2\/media?parent=583840"}],"wp:term":[{"taxonomy":"category","embeddable":true,"href":"https:\/\/www.europesays.com\/pl\/wp-json\/wp\/v2\/categories?post=583840"},{"taxonomy":"post_tag","embeddable":true,"href":"https:\/\/www.europesays.com\/pl\/wp-json\/wp\/v2\/tags?post=583840"}],"curies":[{"name":"wp","href":"https:\/\/api.w.org\/{rel}","templated":true}]}}