{"id":583906,"date":"2026-07-28T00:11:11","date_gmt":"2026-07-28T00:11:11","guid":{"rendered":"https:\/\/www.europesays.com\/pl\/583906\/"},"modified":"2026-07-28T00:11:11","modified_gmt":"2026-07-28T00:11:11","slug":"dyplomatyczny-spor-w-onz-usa-bojkotuja-wystapienie-przedstawiciela-francji","status":"publish","type":"post","link":"https:\/\/www.europesays.com\/pl\/583906\/","title":{"rendered":"Dyplomatyczny sp\u00f3r w ONZ. USA bojkotuj\u0105 wyst\u0105pienie przedstawiciela Francji"},"content":{"rendered":"\n<p>Jak USA t\u0142umacz\u0105 opuszczenie posiedzenia ONZ?<\/p>\n<p>Dan Negrea, zast\u0119pca przedstawiciela USA przy ONZ, o\u015bwiadczy\u0142, \u017ce ameryka\u0144ska delegacja opu\u015bci\u0142a sal\u0119 w trakcie wyst\u0105pienia przedstawiciela Francji i b\u0119dzie robi\u0107 to nadal, dop\u00f3ki Francja &#8222;nie zrezygnuje ze swojej protekcjonalnej i lekcewa\u017c\u0105cej retoryki&#8221;. Doda\u0142, \u017ce francuskie wypowiedzi by\u0142y &#8222;upolitycznionym be\u0142kotem&#8221; oraz &#8222;nieszczerymi politycznymi popisami&#8221;.<\/p>\n","protected":false},"excerpt":{"rendered":"Jak USA t\u0142umacz\u0105 opuszczenie posiedzenia ONZ? Dan Negrea, zast\u0119pca przedstawiciela USA przy ONZ, o\u015bwiadczy\u0142, \u017ce ameryka\u0144ska delegacja opu\u015bci\u0142a&hellip;\n","protected":false},"author":2,"featured_media":583907,"comment_status":"","ping_status":"","sticky":false,"template":"","format":"standard","meta":{"footnotes":"","_share_on_mastodon":"0"},"categories":[14],"tags":[61195,32,33,96,27,34,35,28,31,48,25,46,1191,40,41,47,80,29,100098,111182,30,71,26,82,83,84],"class_list":["post-583906","post","type-post","status-publish","format-standard","has-post-thumbnail","category-swiat","tag-bottomfeed_styl","tag-breaking-news","tag-breakingnews","tag-francja","tag-headlines","tag-latest-news","tag-latestnews","tag-naglowki","tag-najwazniejsze-artykuly","tag-nat_styl","tag-news","tag-omp","tag-onz","tag-polish","tag-polski","tag-screening_general","tag-swiat","tag-top-stories","tag-topbar","tag-topbar_tst1","tag-topstories","tag-usa","tag-wiadomosci","tag-world","tag-world-news","tag-worldnews"],"share_on_mastodon":{"url":"https:\/\/pubeurope.com\/@pl\/116994709043705195","error":""},"_links":{"self":[{"href":"https:\/\/www.europesays.com\/pl\/wp-json\/wp\/v2\/posts\/583906","targetHints":{"allow":["GET"]}}],"collection":[{"href":"https:\/\/www.europesays.com\/pl\/wp-json\/wp\/v2\/posts"}],"about":[{"href":"https:\/\/www.europesays.com\/pl\/wp-json\/wp\/v2\/types\/post"}],"author":[{"embeddable":true,"href":"https:\/\/www.europesays.com\/pl\/wp-json\/wp\/v2\/users\/2"}],"replies":[{"embeddable":true,"href":"https:\/\/www.europesays.com\/pl\/wp-json\/wp\/v2\/comments?post=583906"}],"version-history":[{"count":0,"href":"https:\/\/www.europesays.com\/pl\/wp-json\/wp\/v2\/posts\/583906\/revisions"}],"wp:featuredmedia":[{"embeddable":true,"href":"https:\/\/www.europesays.com\/pl\/wp-json\/wp\/v2\/media\/583907"}],"wp:attachment":[{"href":"https:\/\/www.europesays.com\/pl\/wp-json\/wp\/v2\/media?parent=583906"}],"wp:term":[{"taxonomy":"category","embeddable":true,"href":"https:\/\/www.europesays.com\/pl\/wp-json\/wp\/v2\/categories?post=583906"},{"taxonomy":"post_tag","embeddable":true,"href":"https:\/\/www.europesays.com\/pl\/wp-json\/wp\/v2\/tags?post=583906"}],"curies":[{"name":"wp","href":"https:\/\/api.w.org\/{rel}","templated":true}]}}