{"id":583954,"date":"2026-07-28T00:41:11","date_gmt":"2026-07-28T00:41:11","guid":{"rendered":"https:\/\/www.europesays.com\/pl\/583954\/"},"modified":"2026-07-28T00:41:11","modified_gmt":"2026-07-28T00:41:11","slug":"awantura-na-antenie-tv-republika-kaczynski-ukaral-kurskiego","status":"publish","type":"post","link":"https:\/\/www.europesays.com\/pl\/583954\/","title":{"rendered":"Awantura na antenie TV Republika. Kaczy\u0144ski ukara\u0142 Kurskiego"},"content":{"rendered":"\n<p>&#13;<br \/>\nWyst\u0119p by\u0142ego prezesa TVP na\u00a0antenie TV Republika wywo\u0142a\u0142 du\u017ce kontrowersje. Jacek Kurski oskar\u017cy\u0142 m.in. by\u0142ego premiera Mateusza Morawieckiego o\u00a0udzia\u0142 w\u00a0pr\u00f3bie rozbicia PiS i\u00a0zarzuci\u0142 mu dzia\u0142anie na\u00a0rzecz realizacji &#8222;niemieckiego planu podboju Europy&#8221;, czym rozw\u015bcieczy\u0142 nie\u00a0tylko polityk\u00f3w partii, ale\u00a0tak\u017ce samego prezesa Kaczy\u0144skiego. &#13;\n<\/p>\n<p>&#13;<br \/>\nJu\u017c w\u00a0niedziel\u0119 media donosi\u0142y, \u017ce\u00a0Jaros\u0142aw Kaczy\u0144ski b\u0119dzie si\u0119 domaga\u0142 wyja\u015bnie\u0144 od\u00a0by\u0142ego prezesa TVP. Wed\u0142ug niekt\u00f3rych medi\u00f3w, Jacek Kurski mo\u017ce zosta\u0107 ukarany zakazem wyst\u0119p\u00f3w medialnych, cho\u0107 decyzja jeszcze nie\u00a0zapad\u0142a. &#13;\n<\/p>\n<p>&#13;<br \/>\nWyst\u0119p Jacka Kurskiego przykry\u0142 dwa wa\u017cne dla\u00a0PiS wydarzenia: kandydatur\u0119 Marcina Ociepy na\u00a0wicemarsza\u0142ka Sejmu oraz\u00a0decyzj\u0119 jednego z\u00a0cz\u0142onk\u00f3w Stowarzyszenia Rozw\u00f3j Plus <a href=\"https:\/\/dorzeczy.pl\/opinie\/920701\/jeden-z-ludzi-morawieckiego-wraca-do-pis-to-grzegorz-lorek.html\" title=\"Jeden z\u00a0ludzi Morawieckiego wraca do\u00a0PiS\" rel=\"nofollow noopener\" target=\"_blank\">o powrocie do\u00a0partii<\/a>. &#13;\n<\/p>\n<p>Atak Kurskiego na\u00a0Morawieckiego<\/p>\n<p>&#13;<br \/>\nW trakcie swojego wyst\u0119pu na\u00a0antenie stacji Kurski przekonywa\u0142, \u017ce\u00a0dzia\u0142ania wok\u00f3\u0142 Mateusza Morawieckiego s\u0105 elementem planu wymierzonego w\u00a0Prawo i\u00a0Sprawiedliwo\u015b\u0107. \u2013\u00a0Tutaj mamy do\u00a0czynienia z\u00a0ordynarn\u0105 akcj\u0105 na\u00a0zlecenie Tuska, na\u00a0zlecenie koalicji 13 grudnia, rozbicia jedynej realnej machiny politycznej i\u00a0wyborczej, kt\u00f3ra mo\u017ce odebra\u0107 im\u00a0w\u0142adz\u0119 \u2013\u00a0powiedzia\u0142 na\u00a0antenie TV Republika. &#13;\n<\/p>\n<p>&#13;<br \/>\nW dalszej cz\u0119\u015bci wypowiedzi Kurski nawi\u0105za\u0142 do\u00a0katastrofy smole\u0144skiej i\u00a0wydarze\u0144 po\u00a0\u015bmierci prezydenta Lecha Kaczy\u0144skiego. \u2013\u00a0I\u00a0w\u00a0czasie katastrofy smole\u0144skiej nad grobem, nad zw\u0142okami Lecha Kaczy\u0144skiego Tusk \u015bciska si\u0119 z\u00a0Putinem (&#8230;). I\u00a0przez dwa lata przemys\u0142u pogardy, m\u0142ody cz\u0142owieku, kiedy pod\u00a0krzy\u017cem przypalano kobiety papierosami, kiedy ustawiono z\u00a0puszek po\u00a0piwie krzy\u017c, to\u00a0wtedy przez dwa lata Morawiecki siedzi u\u00a0Tuska i\u00a0si\u0119 s\u0142owem nie\u00a0odzywa \u2013\u00a0m\u00f3wi\u0142. &#13;\n<\/p>\n<p>&#13;<br \/>\n   Czytaj te\u017c:<br \/><a href=\"https:\/\/dorzeczy.pl\/opinie\/920392\/w-imieniu-prezesa-kaczynskiego-bochenek-zabral-glos.html\" rel=\"follow nofollow noopener\" data-schema=\"DORZECZY\" data-image=\"https:\/\/img.dorzeczy.pl\/_thumb\/d0\/f6\/42d42902d6e3a19b196a1348a8f3.jpeg\" target=\"_blank\">&#8222;W\u00a0imieniu prezesa Kaczy\u0144skiego&#8221;. Rzecznik PiS zabra\u0142 g\u0142os<\/a>   Czytaj te\u017c:<br \/><a href=\"https:\/\/dorzeczy.pl\/opinie\/920374\/zalosne-widowisko-prof-andrzej-nowak-ostro-o-sporze-w-pis.html\" rel=\"follow nofollow noopener\" data-schema=\"DORZECZY\" data-image=\"https:\/\/img.dorzeczy.pl\/_thumb\/82\/2f\/4d90c2ed5f6780b322730c5138f6.jpeg\" target=\"_blank\">&#8222;\u017ba\u0142osne widowisko&#8221;. Prof. Nowak ostro o\u00a0sporze w\u00a0PiS<\/a>&#13;<\/p>\n","protected":false},"excerpt":{"rendered":"&#13; Wyst\u0119p by\u0142ego prezesa TVP na\u00a0antenie TV Republika wywo\u0142a\u0142 du\u017ce kontrowersje. Jacek Kurski oskar\u017cy\u0142 m.in. by\u0142ego premiera Mateusza&hellip;\n","protected":false},"author":2,"featured_media":583955,"comment_status":"","ping_status":"","sticky":false,"template":"","format":"standard","meta":{"footnotes":"","_share_on_mastodon":"0"},"categories":[12],"tags":[744,32,33,98,36,37,27,4110,49,115150,34,35,3816,28,31,25,102,3653,529,42,38,40,39,41,29,30,26],"class_list":["post-583954","post","type-post","status-publish","format-standard","has-post-thumbnail","category-polska","tag-atak","tag-breaking-news","tag-breakingnews","tag-dorzeczy","tag-featured-news","tag-featurednews","tag-headlines","tag-kaczynski","tag-kraj","tag-kurski","tag-latest-news","tag-latestnews","tag-morawiecki","tag-naglowki","tag-najwazniejsze-artykuly","tag-news","tag-opinie","tag-partia","tag-pis","tag-pl","tag-poland","tag-polish","tag-polska","tag-polski","tag-top-stories","tag-topstories","tag-wiadomosci"],"share_on_mastodon":{"url":"https:\/\/pubeurope.com\/@pl\/116994827178550235","error":""},"_links":{"self":[{"href":"https:\/\/www.europesays.com\/pl\/wp-json\/wp\/v2\/posts\/583954","targetHints":{"allow":["GET"]}}],"collection":[{"href":"https:\/\/www.europesays.com\/pl\/wp-json\/wp\/v2\/posts"}],"about":[{"href":"https:\/\/www.europesays.com\/pl\/wp-json\/wp\/v2\/types\/post"}],"author":[{"embeddable":true,"href":"https:\/\/www.europesays.com\/pl\/wp-json\/wp\/v2\/users\/2"}],"replies":[{"embeddable":true,"href":"https:\/\/www.europesays.com\/pl\/wp-json\/wp\/v2\/comments?post=583954"}],"version-history":[{"count":0,"href":"https:\/\/www.europesays.com\/pl\/wp-json\/wp\/v2\/posts\/583954\/revisions"}],"wp:featuredmedia":[{"embeddable":true,"href":"https:\/\/www.europesays.com\/pl\/wp-json\/wp\/v2\/media\/583955"}],"wp:attachment":[{"href":"https:\/\/www.europesays.com\/pl\/wp-json\/wp\/v2\/media?parent=583954"}],"wp:term":[{"taxonomy":"category","embeddable":true,"href":"https:\/\/www.europesays.com\/pl\/wp-json\/wp\/v2\/categories?post=583954"},{"taxonomy":"post_tag","embeddable":true,"href":"https:\/\/www.europesays.com\/pl\/wp-json\/wp\/v2\/tags?post=583954"}],"curies":[{"name":"wp","href":"https:\/\/api.w.org\/{rel}","templated":true}]}}