{"id":584178,"date":"2026-07-28T03:18:30","date_gmt":"2026-07-28T03:18:30","guid":{"rendered":"https:\/\/www.europesays.com\/pl\/584178\/"},"modified":"2026-07-28T03:18:30","modified_gmt":"2026-07-28T03:18:30","slug":"chciala-dostawac-2-mln-zl-miesiecznie-sad-wydal-ostateczny-wyrok","status":"publish","type":"post","link":"https:\/\/www.europesays.com\/pl\/584178\/","title":{"rendered":"Chcia\u0142a dostawa\u0107 2 mln z\u0142 miesi\u0119cznie. S\u0105d wyda\u0142 ostateczny wyrok"},"content":{"rendered":"<p>Portale plotkarskie przez lata rozpisywa\u0142y si\u0119 na temat Wandy Nary i Mauro Icardiego, kt\u00f3ry by\u0142 jej drugim m\u0119\u017cem. Wcze\u015bniej argenty\u0144ska gwiazda by\u0142a \u017con\u0105 pi\u0142karza Maxi Lopeza, z kt\u00f3rym Icardi si\u0119 przyja\u017ani\u0142. Para mia\u0142a romans, a w 2014 r. wzi\u0119\u0142a \u015blub. <\/p>\n<p><a href=\"https:\/\/przegladsportowy.onet.pl\/\" title=\"Strona g\u0142\u00f3wna serwisu\" aria-label=\"Strona g\u0142\u00f3wna serwisu\" data-astro-prefetch=\"tap\" class=\"ods-a-logo-main-desktop\" rel=\"nofollow noopener\" target=\"_blank\"><img src=\"https:\/\/cdn.przegladsportowy.onet.pl\/img\/Logo_desktop_Onet.svg\" class=\"ods-a-logo-main-desktop__image\" alt=\"Logo\" width=\"107\" height=\"60\" fetchpriority=\"high\" decoding=\"sync\" style=\"height:60px\"\/><\/a><\/p>\n<p class=\"ods-m-google-article__text\">Czytaj nas cz\u0119\u015bciej w Google<\/p>\n<p><a href=\"https:\/\/google.com\/preferences\/source?q=przegladsportowy.onet.pl\" target=\"_blank\" rel=\"noopener noreferrer nofollow\" aria-label=\"Dodaj w Google\" title=\"Dodaj w Google\" class=\"ods-a-button ods-a-button__primary ods-a-button__default ods-a-button-l\"> Dodaj w Google <\/a><\/p>\n<p>Po hucznym \u015blubie zacz\u0119\u0142y si\u0119 k\u0142opoty w raju. Zakochani raz si\u0119 kochali, a innym razem zarzucali sobie zdrady i inne wybryki. W 2024 r. po fali rozsta\u0144 i wzajemnych oskar\u017ce\u0144 do s\u0105du trafi\u0142y papiery rozwodowe, a Wanda Nara za\u017c\u0105da\u0142a od by\u0142ego reprezentanta Argentyny 480 tys. euro miesi\u0119cznie.<\/p>\n<p> Dalszy ci\u0105g artyku\u0142u pod materia\u0142em wideo Wanda Nara \u017c\u0105da\u0142a g\u00f3ry pieni\u0119dzy od Mauro Icardiego<\/p>\n<p>Gwiazda telewizji chcia\u0142a 100 tys. euro odszkodowania rozwodowego, 250 tys. euro aliment\u00f3w dla niej oraz po 65 tys. dla ka\u017cdej z ich dw\u00f3ch c\u00f3rek. Icardi nie chcia\u0142 zgodzi\u0107 si\u0119 na kuriozalne roszczenia by\u0142ej partnerki. S\u0105d w Mediolanie popar\u0142 jego sprzeciw, a pro\u015bby Argentynki zosta\u0142y odrzucone najpierw w s\u0105dzie pierwszej instancji, a p\u00f3\u017aniej apelacyjnym.<\/p>\n<p>&#8222;Zapad\u0142a nowa decyzja. Po tym, jak za\u017c\u0105dano ode mnie 250 000 euro miesi\u0119cznie dla mojej by\u0142ej \u017cony, 65 000 euro dla ka\u017cdej z c\u00f3rek i 100 000 euro miesi\u0119cznie z tytu\u0142u rozwodu, s\u0119dzia odrzuci\u0142 to szale\u0144stwo 1 czerwca 2026 r.&#8221; \u2014 zacz\u0105\u0142 Mauro Icardi w swoim po\u015bcie.<\/p>\n<p>&#8222;Nie zastosowali si\u0119 do decyzji i chc\u0105c nadal kra\u015b\u0107 moje pieni\u0105dze, zaskar\u017cyli j\u0105. Dzi\u015b, 27 lipca 2026 r., decyzja w\u0142oskiego wymiaru sprawiedliwo\u015bci by\u0142a tak jednoznaczna, jak to tylko mo\u017cliwe: uznali j\u0105 za niedopuszczaln\u0105, zamykaj\u0105c tym samym wszelkie skargi i wnioski&#8221; \u2014 doda\u0142 by\u0142y gwiazdor Galatasaray, kt\u00f3ry zaznaczy\u0142 te\u017c, \u017ce pozosta\u0142o jeszcze kilka krok\u00f3w do ostatecznego rozwi\u0105zania jego ma\u0142\u017ce\u0144stwa, jednak cieszy si\u0119 z tego, \u017ce w\u0142oski wymiar sprawiedliwo\u015bci odrzuci\u0142 kuriozalne jego by\u0142ej ukochanej.<\/p>\n<p>     <img class=\"ods-a-photo ods-a-photo--background\" src=\"https:\/\/www.europesays.com\/pl\/wp-content\/uploads\/2026\/07\/_ksk9lBaHR0cHM6Ly9vY2RuLmV1L3B1bHNjbXMvTURBXy82MDBmNGFkZTk5MWI0OTZhNjJjNzUyNWZiMDVjOGU2YS5qcGeRkwXNA.jpeg\" height=\"886\" width=\"487\" alt=\"Mauro Idardi na instastories\" loading=\"lazy\" fetchpriority=\"auto\" decoding=\"auto\"\/>    <\/p>\n<p>instagram<\/p>\n<p>  Mauro Idardi na instastories  <\/p>\n","protected":false},"excerpt":{"rendered":"Portale plotkarskie przez lata rozpisywa\u0142y si\u0119 na temat Wandy Nary i Mauro Icardiego, kt\u00f3ry by\u0142 jej drugim m\u0119\u017cem.&hellip;\n","protected":false},"author":2,"featured_media":584179,"comment_status":"","ping_status":"","sticky":false,"template":"","format":"standard","meta":{"footnotes":"","_share_on_mastodon":"0"},"categories":[52122],"tags":[61195,29308,48,129,46,948,6010,752,42,38,40,39,41,47,11971,29307,130],"class_list":["post-584178","post","type-post","status-publish","format-standard","has-post-thumbnail","category-pko-bank-polski","tag-bottomfeed_styl","tag-mauro_icardi","tag-nat_styl","tag-ofsajd","tag-omp","tag-pilka_nozna","tag-pko-bank-polski","tag-pko-bp","tag-pl","tag-poland","tag-polish","tag-polska","tag-polski","tag-screening_general","tag-wags","tag-wanda_nara","tag-wiadomosci_sportowe"],"share_on_mastodon":{"url":"https:\/\/pubeurope.com\/@pl\/116995445107967623","error":""},"_links":{"self":[{"href":"https:\/\/www.europesays.com\/pl\/wp-json\/wp\/v2\/posts\/584178","targetHints":{"allow":["GET"]}}],"collection":[{"href":"https:\/\/www.europesays.com\/pl\/wp-json\/wp\/v2\/posts"}],"about":[{"href":"https:\/\/www.europesays.com\/pl\/wp-json\/wp\/v2\/types\/post"}],"author":[{"embeddable":true,"href":"https:\/\/www.europesays.com\/pl\/wp-json\/wp\/v2\/users\/2"}],"replies":[{"embeddable":true,"href":"https:\/\/www.europesays.com\/pl\/wp-json\/wp\/v2\/comments?post=584178"}],"version-history":[{"count":0,"href":"https:\/\/www.europesays.com\/pl\/wp-json\/wp\/v2\/posts\/584178\/revisions"}],"wp:featuredmedia":[{"embeddable":true,"href":"https:\/\/www.europesays.com\/pl\/wp-json\/wp\/v2\/media\/584179"}],"wp:attachment":[{"href":"https:\/\/www.europesays.com\/pl\/wp-json\/wp\/v2\/media?parent=584178"}],"wp:term":[{"taxonomy":"category","embeddable":true,"href":"https:\/\/www.europesays.com\/pl\/wp-json\/wp\/v2\/categories?post=584178"},{"taxonomy":"post_tag","embeddable":true,"href":"https:\/\/www.europesays.com\/pl\/wp-json\/wp\/v2\/tags?post=584178"}],"curies":[{"name":"wp","href":"https:\/\/api.w.org\/{rel}","templated":true}]}}