{"id":584188,"date":"2026-07-28T03:25:09","date_gmt":"2026-07-28T03:25:09","guid":{"rendered":"https:\/\/www.europesays.com\/pl\/584188\/"},"modified":"2026-07-28T03:25:09","modified_gmt":"2026-07-28T03:25:09","slug":"xx-ogolnopolski-festiwal-dobrego-smaku-w-poznaniu","status":"publish","type":"post","link":"https:\/\/www.europesays.com\/pl\/584188\/","title":{"rendered":"XX Og\u00f3lnopolski Festiwal Dobrego Smaku w Poznaniu"},"content":{"rendered":"<p class=\"atomsHappeningContent__desc\">XX Og\u00f3lnopolski Festiwal Dobrego Smaku odb\u0119dzie si\u0119 w dniach 21\u201323 sierpnia 2026 roku na Placu Wolno\u015bci w Poznaniu. To jubileuszowa, 20. edycja tego popularnego wydarzenia kulinarnego.<\/p>\n<p>Przez wszystkie trzy dni festiwalu najm\u0142odsi b\u0119d\u0105 mogli korzysta\u0107 ze Strefy Warsztat\u00f3w i R\u0119kodzie\u0142a. To miejsce pe\u0142ne kreatywnej zabawy, gdzie dzieci b\u0119d\u0105 tworzy\u0107, odkrywa\u0107 i rozwija\u0107 swoj\u0105 wyobra\u017ani\u0119 pod okiem animator\u00f3w.<\/p>\n<p>20 Edycja<br \/>100+ Wystawc\u00f3w<br \/>3 Dni festiwalu<\/p>\n","protected":false},"excerpt":{"rendered":"XX Og\u00f3lnopolski Festiwal Dobrego Smaku odb\u0119dzie si\u0119 w dniach 21\u201323 sierpnia 2026 roku na Placu Wolno\u015bci w Poznaniu.&hellip;\n","protected":false},"author":2,"featured_media":584189,"comment_status":"","ping_status":"","sticky":false,"template":"","format":"standard","meta":{"footnotes":"","_share_on_mastodon":"0"},"categories":[51609],"tags":[6226,10195,8775,42,38,40,39,41,1817,22920],"class_list":["post-584188","post","type-post","status-publish","format-standard","has-post-thumbnail","category-poznan","tag-bilety","tag-impreza","tag-kulinaria","tag-pl","tag-poland","tag-polish","tag-polska","tag-polski","tag-poznan","tag-wydarzenie"],"share_on_mastodon":{"url":"","error":""},"_links":{"self":[{"href":"https:\/\/www.europesays.com\/pl\/wp-json\/wp\/v2\/posts\/584188","targetHints":{"allow":["GET"]}}],"collection":[{"href":"https:\/\/www.europesays.com\/pl\/wp-json\/wp\/v2\/posts"}],"about":[{"href":"https:\/\/www.europesays.com\/pl\/wp-json\/wp\/v2\/types\/post"}],"author":[{"embeddable":true,"href":"https:\/\/www.europesays.com\/pl\/wp-json\/wp\/v2\/users\/2"}],"replies":[{"embeddable":true,"href":"https:\/\/www.europesays.com\/pl\/wp-json\/wp\/v2\/comments?post=584188"}],"version-history":[{"count":0,"href":"https:\/\/www.europesays.com\/pl\/wp-json\/wp\/v2\/posts\/584188\/revisions"}],"wp:featuredmedia":[{"embeddable":true,"href":"https:\/\/www.europesays.com\/pl\/wp-json\/wp\/v2\/media\/584189"}],"wp:attachment":[{"href":"https:\/\/www.europesays.com\/pl\/wp-json\/wp\/v2\/media?parent=584188"}],"wp:term":[{"taxonomy":"category","embeddable":true,"href":"https:\/\/www.europesays.com\/pl\/wp-json\/wp\/v2\/categories?post=584188"},{"taxonomy":"post_tag","embeddable":true,"href":"https:\/\/www.europesays.com\/pl\/wp-json\/wp\/v2\/tags?post=584188"}],"curies":[{"name":"wp","href":"https:\/\/api.w.org\/{rel}","templated":true}]}}