{"id":584210,"date":"2026-07-28T03:43:21","date_gmt":"2026-07-28T03:43:21","guid":{"rendered":"https:\/\/www.europesays.com\/pl\/584210\/"},"modified":"2026-07-28T03:43:21","modified_gmt":"2026-07-28T03:43:21","slug":"gazowy-chaos-w-europie-coraz-wiecej-pytan-o-ceny-i-zapasy-na-zime","status":"publish","type":"post","link":"https:\/\/www.europesays.com\/pl\/584210\/","title":{"rendered":"Gazowy chaos w Europie. Coraz wi\u0119cej pyta\u0144 o ceny i zapasy na zim\u0119"},"content":{"rendered":"<p class=\"post-excerpt\" data-v-7b37e3e8=\"\">Ceny gazu w Europie wahaj\u0105 si\u0119. Po dwucyfrowych wzrostach w zesz\u0142ym tygodniu w poniedzia\u0142ek obserwujemy mocne spadki. Ale sytuacja na rynku daleka jest od spokojnej. \u2013 Obecne niedobory i konieczno\u015b\u0107 wype\u0142nienia magazyn\u00f3w sprawiaj\u0105, \u017ce przez kolejne miesi\u0105ce ceny gazu powinny utrzymywa\u0107 si\u0119 na wy\u017cszych poziomach \u2013 m\u00f3wi Zero.pl ekspert. Niewiadom\u0105 s\u0105 te\u017c nasze rachunki za gaz w przysz\u0142ym roku.<\/p>\n<p><img decoding=\"async\" data-nuxt-img=\"\"   onerror=\"this.setAttribute('data-error', 1)\" alt=\"Czy Europa mo\u017ce odczu\u0107 deficyt gazu zim\u0105?\" fetchpriority=\"high\" src=\"https:\/\/www.europesays.com\/pl\/wp-content\/uploads\/2026\/07\/pap_20211007_2lr-ratio-3x2-1.jpg\" data-v-f60c0091=\"\"\/>Czy Europa mo\u017ce odczu\u0107 deficyt gazu zim\u0105? (fot. Utrecht Robin\/ABACA \/ PAP)<\/p>\n<ul>\n<li>Ceny gazu znalaz\u0142y si\u0119 na hu\u015btawce. Powodem jest bardzo zmienna sytuacja na Bliskim Wschodzie.<\/li>\n<li>Utrudniony transport b\u0142\u0119kitnego paliwa z rejonu Zatoki Perskiej to coraz wi\u0119kszy problem dla Europy. Poziom wype\u0142nienia magazyn\u00f3w gazu w UE mocno niepokoi.<\/li>\n<li>\u2013 To, co dzieje si\u0119 obecnie w geopolityce, to bardzo z\u0142a informacja tak dla konsument\u00f3w, jak i gospodarki, bo ceny mog\u0105 by\u0107 po prostu wy\u017csze \u2013 m\u00f3wi Zero.pl ekspert. Co z naszymi rachunkami za gaz?<\/li>\n<\/ul>\n<p>W miniony weekend wojska ameryka\u0144skie i ira\u0144skie powstrzyma\u0142y si\u0119 od wzajemnych atak\u00f3w. Wcze\u015bniej si\u0142y USA dokonywa\u0142y uderze\u0144 na cele w Iranie przez niemal dwa tygodnie bez przerwy. W reakcji na uspokojenie sytuacji rynek gazu natychmiast wzi\u0105\u0142 g\u0142\u0119boki oddech.<\/p>\n<p><a href=\"https:\/\/zero.pl\/news\/ciesnina-ormuz-i-ceny-ropy-naftowej-jak-wojna-w-iranie-wplywa-na-koszt-paliwa-w-polsce\" class=\"\" rel=\"nofollow noopener\" target=\"_blank\">Od cie\u015bniny Ormuz do dystrybutora. Dlaczego ropa tanieje, a paliwo wci\u0105\u017c dro\u017ceje?<\/a><\/p>\n<p>Ceny gazu wsiad\u0142y na rollercoaster<\/p>\n<p>Ceny gazu w dostawach na sierpie\u0144 na holenderskim hubie TTF, b\u0119d\u0105cym punktem odniesienia dla ca\u0142ej Unii Europejskiej, spada\u0142y w poniedzia\u0142ek rano o ponad 9 proc., czyli najmocniej od ponad miesi\u0105ca. Przed godz. 16 czasu polskiego skala tych spadk\u00f3w by\u0142a nieco mniejsza: gaz tania\u0142 o ok. 7 proc. do 59,105 euro za MWh. Ale i tak sytuacja odwr\u00f3ci\u0142a si\u0119 o 180 stopni, bo jeszcze w ubieg\u0142ym tygodniu notowania by\u0142y niemal na poziomie 4-miesi\u0119cznych maksim\u00f3w (60,35 euro za MWh).<\/p>\n<p>Nie wiadomo jednak, jak d\u0142ugo potrwa obecna deeskalacja konfliktu na Bliskim Wschodzie i kiedy wreszcie ruch w cie\u015bninie Ormuz wr\u00f3ci do poziom\u00f3w sprzed wybuchu wojny. W tej sytuacji presja na notowania gazu utrzymuje si\u0119.<\/p>\n<p>\u2013 To, co dzieje si\u0119 obecnie w geopolityce, to bardzo z\u0142a informacja tak dla konsument\u00f3w, jak i gospodarki, bo ceny mog\u0105 by\u0107 po prostu wy\u017csze \u2013 m\u00f3wi portalowi Zero.pl Jakub Szkopek, analityk Erste Securities.<\/p>\n<p>\u2013 Na ceny gazu mocno wp\u0142ywa informacja o przed\u0142u\u017ceniu do po\u0142owy pa\u017adziernika stanu si\u0142y wy\u017cszej przez koncern QatarEnergy LNG, a tak\u017ce problemy z bezpieczn\u0105 \u017ceglug\u0105 przez cie\u015bnin\u0119 Ormuz. Te zak\u0142\u00f3cenia powoduj\u0105, \u017ce \u0142adunki gazu nie docieraj\u0105 do Europy.<\/p>\n<p>QatarEnergy LNG to najwi\u0119kszy producent skroplonego gazu ziemnego na \u015bwiecie. W marcu nale\u017c\u0105cy do tego koncernu kompleks przemys\u0142owy Ras Laffan sta\u0142 si\u0119 celem ataku rakietowego ze strony Iranu. Ucierpia\u0142y kluczowe instalacje do produkcji LNG, w zwi\u0105zku z czym katarski gigant poinformowa\u0142 odbiorc\u00f3w (w tym polski Orlen) o wstrzymaniu cz\u0119\u015bci planowanych dostaw, powo\u0142uj\u0105c si\u0119 na stan tzw. si\u0142y wy\u017cszej. W miniony weekend agencja Bloomberga poinformowa\u0142a, \u017ce Katar wkr\u00f3tce wy\u015ble do klient\u00f3w w Europie i Azji oficjalne komunikaty o przed\u0142u\u017ceniu tego stanu.<\/p>\n<p>Katar odpowiada za 20 proc. globalnego eksportu LNG, a ca\u0142o\u015b\u0107 eksportowanego przeze\u0144 surowca przechodzi w\u0142a\u015bnie przez cie\u015bnin\u0119 Ormuz. Perturbacje w tym bliskowschodnim kraju od razu odbijaj\u0105 si\u0119 na zaopatrzeniu Europy w gaz.<\/p>\n<p>\u2013 30-dniowa \u015brednia importu LNG do Europy wynios\u0142a 108 ton dziennie na dzie\u0144 26 lipca, co stanowi spadek o oko\u0142o 42 proc. w por\u00f3wnaniu z rokiem poprzednim \u2013 zwraca uwag\u0119 Jakub Szkopek.<\/p>\n<p>Alarmuj\u0105cy stan zapas\u00f3w gazu w Europie<\/p>\n<p>Tymczasem Europa musi zape\u0142nia\u0107 magazyny gazu przed zim\u0105. Bliski Wsch\u00f3d to dla niej kluczowy kierunek, z kt\u00f3rego importuje b\u0142\u0119kitne paliwo (obok USA) po tym, jak Stary Kontynent odci\u0105\u0142 si\u0119 od dostaw z Rosji. Teraz to bliskowschodnie \u017ar\u00f3d\u0142o wysycha.<\/p>\n<blockquote class=\"quote text-heading-md flex flex-col py-9 font-semibold\" data-v-878074e6=\"\">\n<p>\u2013 Efekty ju\u017c wida\u0107 po poziomie zape\u0142nienia magazyn\u00f3w gazu. \u015arednia dla UE to obecnie ok. 55 proc. wobec \u015bredniej wieloletniej wynosz\u0105cej ok. 70 proc. Europie nie pomaga pogoda \u2013 fala upa\u0142\u00f3w na zachodzie kontynentu sprawia, \u017ce system energetyczny konsumuje wi\u0119cej paliwa, tak\u017ce gazowego.<\/p>\n<p>Jakub Szkopek, analityk ds. rynku gazu w Erste Securities<\/p>\n<\/blockquote>\n<p>Polska na tle Europy wygl\u0105da bardzo dobrze. Wed\u0142ug platformy AGSI monitoruj\u0105cej rynek gazu, nasze magazyny s\u0105 obecnie wype\u0142nione w ok. 83 proc. Lepiej od nas wypada w UE tylko Portugalia (wype\u0142nienie na poziomie nieco ponad 86 proc.).<\/p>\n<p>Jednak i tak odczujemy skutki og\u00f3lnych problem\u00f3w z poda\u017c\u0105 gazu przy zwi\u0119kszonym popycie. Sezon grzewczy zbli\u017ca si\u0119 wielkimi krokami.<\/p>\n<blockquote class=\"quote text-heading-md flex flex-col py-9 font-semibold\" data-v-878074e6=\"\">\n<p>\u2013 Obecne niedobory i konieczno\u015b\u0107 wype\u0142nienia magazyn\u00f3w sprawiaj\u0105, \u017ce przez kolejne miesi\u0105ce ceny gazu powinny utrzymywa\u0107 si\u0119 na wy\u017cszych poziomach, o ile na Bliskim Wschodzie nie stanie si\u0119 jaki\u015b cud \u2013 m\u00f3wi Jakub Szkopek.<\/p>\n<\/blockquote>\n<p>Dro\u017cej\u0105cy gaz wywraca kolejne kostki domina<\/p>\n<p>Z kolei dro\u017cej\u0105cy gaz mo\u017ce podbi\u0107 koszty nawoz\u00f3w, czyli w praktyce koszty produkcji rolnej. Je\u015bli tak si\u0119 stanie, nie pozostanie to bez wp\u0142ywu na ceny \u017cywno\u015bci.<\/p>\n<p>\u2013 Ceny nawoz\u00f3w w II po\u0142. 2026 r. mog\u0105 p\u00f3j\u015b\u0107 w g\u00f3r\u0119, mimo \u017ce UE zawiesi\u0142a c\u0142a importowe na niekt\u00f3re nawozy azotowe, w tym mocznik i amoniak \u2013 stwierdza rozm\u00f3wca Zero.pl.<\/p>\n<p>Pozostaje jeszcze kwestia <a href=\"https:\/\/zero.pl\/news\/ceny-gazu-w-drugiej-polowie-2026-r-tyle-zaplacimy-jest-taryfa\" class=\"\" rel=\"nofollow noopener\" target=\"_blank\">rachunk\u00f3w gospodarstw domowych za gaz<\/a>. W czerwcu Urz\u0105d Regulacji Energetyki (URE) opublikowa\u0142 komunikat dotycz\u0105cy taryfy myOrlen na sprzeda\u017c gazu ziemnego na II p\u00f3\u0142rocze br. To w\u0142a\u015bnie Orlen jest g\u0142\u00f3wnym dostawc\u0105 b\u0142\u0119kitnego paliwa w Polsce po tym, jak przej\u0105\u0142 PGNiG.<\/p>\n<p>Na mocy decyzji URE w okresie od 1 lipca do 31 grudnia 2026 r. stawki w gazowej taryfie Orlenu (obejmuj\u0105cej 7 mln klient\u00f3w sp\u00f3\u0142ki myOrlen, czyli dawnego PGNiG Obr\u00f3t Detaliczny) pozostan\u0105 na takim samym poziomie, jak w I p\u00f3\u0142roczu.<\/p>\n<p>Cena gazu ziemnego oraz stawki op\u0142at abonamentowych dla odbiorc\u00f3w w gospodarstwach domowych oraz niekt\u00f3rych kategorii odbiorc\u00f3w realizuj\u0105cych zadania z zakresu u\u017cyteczno\u015bci publicznej (czyli np. \u017c\u0142obk\u00f3w, przedszkoli, szk\u00f3\u0142 i szpitali) b\u0119dzie nadal wynosi\u0142a 197,29 z\u0142\/MWh. Z kolei odbiorcy biznesowi\u00a0korzystaj\u0105cy z taryfy gazowej Orlenu b\u0119d\u0105 nadal p\u0142aci\u0107 196,91 z\u0142\/MWh.<\/p>\n<p>Co, je\u015bli ceny gazu b\u0119d\u0105 nadal ros\u0142y? Czy gro\u017c\u0105 nam podwy\u017cki? \u2013 Co do ryzyka wzrostu taryfy gazowej dla odbiorc\u00f3w indywidualnych w przysz\u0142ym roku, to pami\u0119tajmy, \u017ce b\u0119dzie to rok wybor\u00f3w, w zwi\u0105zku z czym decyzje regulatora mog\u0105 by\u0107 pod wp\u0142ywem czynnik\u00f3w politycznych \u2013 zauwa\u017ca Jakub Szkopek.<\/p>\n<p><a href=\"https:\/\/zero.pl\/news\/kwota-wolna-wraca-na-polityczna-agende-czy-rzad-poswieci-budzet-by-zyskac-wyborcow\" class=\"\" rel=\"nofollow noopener\" target=\"_blank\">Ni\u017cszy PIT wraca przed wyborami. \u201eJest jeszcze przestrze\u0144\u201d<\/a><\/p>\n<p>Potencjalne dalsze mro\u017cenie taryfy gazowej i fakt, \u017ce Polska jest bezpieczna pod wzgl\u0119dem poziomu zaopatrzenia w gaz (Orlen regularnie podkre\u015bla, \u017ce dba o zr\u00f3\u017cnicowanie kierunk\u00f3w dostaw) to pozytywne okoliczno\u015bci, jednak nie do ko\u0144ca chroni\u0105 one nasz\u0105 gospodark\u0119 przed konsekwencjami wysokich cen gazu w Europie. Wielki przemys\u0142, np. zak\u0142ady nawozowe, kupuje gaz na zasadach rynkowych, a wi\u0119c sytuacja na europejskich gie\u0142dach (takich jak wspomniany hub TTF) ma ogromny wp\u0142yw na koszty dzia\u0142alno\u015bci takich przedsi\u0119biorstw. W ten spos\u00f3b wy\u017csze koszty gazu w przemy\u015ble \u201erozlewaj\u0105 si\u0119\u201d na ceny produkt\u00f3w i us\u0142ug, co nieuchronnie prowadzi do wzrostu inflacji.<\/p>\n","protected":false},"excerpt":{"rendered":"Ceny gazu w Europie wahaj\u0105 si\u0119. Po dwucyfrowych wzrostach w zesz\u0142ym tygodniu w poniedzia\u0142ek obserwujemy mocne spadki. Ale&hellip;\n","protected":false},"author":2,"featured_media":584211,"comment_status":"","ping_status":"","sticky":false,"template":"","format":"standard","meta":{"footnotes":"","_share_on_mastodon":"0"},"categories":[16],"tags":[113,112,9435,4779,42,38,40,39,41,47611],"class_list":["post-584210","post","type-post","status-publish","format-standard","has-post-thumbnail","category-biznes","tag-biznes","tag-business","tag-ceny-energii","tag-gaz","tag-pl","tag-poland","tag-polish","tag-polska","tag-polski","tag-wojna-w-iranie"],"share_on_mastodon":{"url":"https:\/\/pubeurope.com\/@pl\/116995542498623439","error":""},"_links":{"self":[{"href":"https:\/\/www.europesays.com\/pl\/wp-json\/wp\/v2\/posts\/584210","targetHints":{"allow":["GET"]}}],"collection":[{"href":"https:\/\/www.europesays.com\/pl\/wp-json\/wp\/v2\/posts"}],"about":[{"href":"https:\/\/www.europesays.com\/pl\/wp-json\/wp\/v2\/types\/post"}],"author":[{"embeddable":true,"href":"https:\/\/www.europesays.com\/pl\/wp-json\/wp\/v2\/users\/2"}],"replies":[{"embeddable":true,"href":"https:\/\/www.europesays.com\/pl\/wp-json\/wp\/v2\/comments?post=584210"}],"version-history":[{"count":0,"href":"https:\/\/www.europesays.com\/pl\/wp-json\/wp\/v2\/posts\/584210\/revisions"}],"wp:featuredmedia":[{"embeddable":true,"href":"https:\/\/www.europesays.com\/pl\/wp-json\/wp\/v2\/media\/584211"}],"wp:attachment":[{"href":"https:\/\/www.europesays.com\/pl\/wp-json\/wp\/v2\/media?parent=584210"}],"wp:term":[{"taxonomy":"category","embeddable":true,"href":"https:\/\/www.europesays.com\/pl\/wp-json\/wp\/v2\/categories?post=584210"},{"taxonomy":"post_tag","embeddable":true,"href":"https:\/\/www.europesays.com\/pl\/wp-json\/wp\/v2\/tags?post=584210"}],"curies":[{"name":"wp","href":"https:\/\/api.w.org\/{rel}","templated":true}]}}