{"id":584212,"date":"2026-07-28T03:44:12","date_gmt":"2026-07-28T03:44:12","guid":{"rendered":"https:\/\/www.europesays.com\/pl\/584212\/"},"modified":"2026-07-28T03:44:12","modified_gmt":"2026-07-28T03:44:12","slug":"andy-burnham-o-wspolpracy-z-ukraina-zapowiedzial-wizyte","status":"publish","type":"post","link":"https:\/\/www.europesays.com\/pl\/584212\/","title":{"rendered":"Andy Burnham o wsp\u00f3\u0142pracy z Ukrain\u0105. Zapowiedzia\u0142 wizyt\u0119"},"content":{"rendered":"<p>Andy Burnham zadeklarowa\u0142 w poniedzia\u0142ek blisk\u0105 wsp\u00f3\u0142prac\u0119 mi\u0119dzy Wielk\u0105 Brytani\u0105 a Ukrain\u0105. Wcze\u015bniej spotka\u0142 si\u0119 z Wo\u0142odymyrem Ze\u0142enskim.<\/p>\n<p><a href=\"https:\/\/www.onet.pl\/\" title=\"Strona G\u0142\u00f3wna\" aria-label=\"Strona G\u0142\u00f3wna\" data-astro-prefetch=\"tap\" class=\"ods-a-logo-main-desktop\" rel=\"nofollow noopener\" target=\"_blank\"><img src=\"https:\/\/cdn.wiadomosci.onet.pl\/img\/Logo_desktop_Onet.svg\" class=\"ods-a-logo-main-desktop__image\" alt=\"Logo\" width=\"107\" height=\"60\" fetchpriority=\"high\" decoding=\"sync\" style=\"height:60px\"\/><\/a><\/p>\n<p class=\"ods-m-google-article__text\">Czytaj nas cz\u0119\u015bciej w Google<\/p>\n<p><a href=\"https:\/\/google.com\/preferences\/source?q=wiadomosci.onet.pl\" target=\"_blank\" rel=\"noopener noreferrer nofollow\" aria-label=\"Dodaj w Google\" title=\"Dodaj w Google\" class=\"ods-a-button ods-a-button__primary ods-a-button__default ods-a-button-l\"> Dodaj w Google <\/a><\/p>\n<p>Ukrai\u0144ski prezydent zosta\u0142 tym samym pierwszym \u015bwiatowym przyw\u00f3dc\u0105, z kt\u00f3rym rozmawia\u0142 w cztery oczy nowy brytyjski premier. Premier Wielkiej Brytanii i prezydent Ukrainy odwiedzili razem baz\u0119 wojskow\u0105 w Portsmouth, gdzie szkoli si\u0119 obecnie 200 ukrai\u0144skich \u017co\u0142nierzy.<\/p>\n<p>Andy Burhmam przekaza\u0142, \u017ce spotkanie z Wo\u0142odymyrem Ze\u0142enskim by\u0142o &#8222;serdeczne&#8221; i zamierza wkr\u00f3tce odwiedzi\u0107 Ukrain\u0119. \u2014 B\u0119dziemy pracowa\u0107 nad rozwi\u0105zaniem r\u00f3\u017cnych problem\u00f3w prezydenta Wo\u0142odymyra Ze\u0142enskiego. Wiele z nich om\u00f3wili\u015bmy dzisiaj \u2014 zapowiedzia\u0142.<\/p>\n<p>Londyn og\u0142osi\u0142 tak\u017ce, \u017ce podzieli si\u0119 z Kijowem swoimi patentami wojskowymi. Wielka Brytania ma udost\u0119pni\u0107 Ukrainie m.in. sw\u00f3j system &#8222;stone cloak&#8221; [ang. kamiennych peleryn], czyli zestawy specjalnych urz\u0105dze\u0144 przymocowywanych do dron\u00f3w, kt\u00f3re pomagaj\u0105 bezza\u0142ogowcom unikn\u0105\u0107 wykrycia.<\/p>\n<p> Dalszy ci\u0105g artyku\u0142u pod materia\u0142em wideo Polityka Wielkiej Brytanii wobec Ukrainy     <\/p>\n<p>Andy Burnham w ostatnim czasie skupia si\u0119 na sprawach wewn\u0119trznych Wielkiej Brytanii, odpowiadaj\u0105c niejako na krytyk\u0119 wobec swojego poprzednika Keira Starmera, kt\u00f3remu zarzucano zbytnie koncertowanie si\u0119 na sprawach zagranicznych kosztem swojego kraju.<\/p>\n<p> Wielka Brytania buduje now\u0105 armi\u0119. Wzoruje si\u0119 na Ukrainie   <img class=\"ods-a-photo ods-a-photo--background\" src=\"https:\/\/www.europesays.com\/pl\/wp-content\/uploads\/2026\/07\/PP8k9lBaHR0cHM6Ly9vY2RuLmV1L3B1bHNjbXMvTURBXy85MDgxMGI2M2Y5ZjczMDkyODI3OTQ2ZWM0MTMyN2VhMC5qcGeRlQLNA.jpeg\" height=\"300\" width=\"450\" alt=\"Brytyjscy \u017co\u0142nierze (zdj. ilustracyjne)\" loading=\"lazy\" fetchpriority=\"low\" decoding=\"async\"\/>  <\/p>\n<p>Nowy premier stara si\u0119 jednak zademonstrowa\u0107 ci\u0105g\u0142o\u015b\u0107 brytyjskiej polityki wobec Ukrainy. W jednej z pierwszych rozm\u00f3w telefonicznych po obj\u0119ciu urz\u0119du premiera w zesz\u0142ym tygodniu zaprosi\u0142 Wo\u0142odymyra Ze\u0142enskiego do odwiedzenia Wielkiej Brytanii &#8222;przy najbli\u017cszej okazji&#8221;. Keir Starmer sp\u0119dzi\u0142 sw\u00f3j ostatni pe\u0142ny dzie\u0144 na stanowisku premiera w Kijowie, gdzie og\u0142osi\u0142 pakiet wsparcia dla Ukrainy o warto\u015bci 255 mln funt\u00f3w (ok. 1,29 mld z\u0142).<\/p>\n<p>Wo\u0142odymyr Ze\u0142enski powiedzia\u0142 w poniedzia\u0142ek w telewizji Sky News, \u017ce jego rozmowa telefoniczna z Andym Burnhamem by\u0142a &#8222;bardzo dobra&#8221;. Doda\u0142, \u017ce Keir Starmer zapewni\u0142 go wcze\u015bniej, \u017ce &#8222;nowy rz\u0105d b\u0119dzie kontynuowa\u0142 polityk\u0119 wspierania Ukrainy w czasie wojny&#8221;.<\/p>\n","protected":false},"excerpt":{"rendered":"Andy Burnham zadeklarowa\u0142 w poniedzia\u0142ek blisk\u0105 wsp\u00f3\u0142prac\u0119 mi\u0119dzy Wielk\u0105 Brytani\u0105 a Ukrain\u0105. Wcze\u015bniej spotka\u0142 si\u0119 z Wo\u0142odymyrem Ze\u0142enskim.&hellip;\n","protected":false},"author":2,"featured_media":584213,"comment_status":"","ping_status":"","sticky":false,"template":"","format":"standard","meta":{"footnotes":"","_share_on_mastodon":"0"},"categories":[14],"tags":[98676,61195,32,33,27,34,35,28,31,48,25,46,40,41,47,80,29,30,415,26,79,309,82,83,84],"class_list":["post-584212","post","type-post","status-publish","format-standard","has-post-thumbnail","category-swiat","tag-andy_burnham","tag-bottomfeed_styl","tag-breaking-news","tag-breakingnews","tag-headlines","tag-latest-news","tag-latestnews","tag-naglowki","tag-najwazniejsze-artykuly","tag-nat_styl","tag-news","tag-omp","tag-polish","tag-polski","tag-screening_general","tag-swiat","tag-top-stories","tag-topstories","tag-ukraina","tag-wiadomosci","tag-wielka_brytania","tag-wolodymyr_zelenski","tag-world","tag-world-news","tag-worldnews"],"share_on_mastodon":{"url":"","error":""},"_links":{"self":[{"href":"https:\/\/www.europesays.com\/pl\/wp-json\/wp\/v2\/posts\/584212","targetHints":{"allow":["GET"]}}],"collection":[{"href":"https:\/\/www.europesays.com\/pl\/wp-json\/wp\/v2\/posts"}],"about":[{"href":"https:\/\/www.europesays.com\/pl\/wp-json\/wp\/v2\/types\/post"}],"author":[{"embeddable":true,"href":"https:\/\/www.europesays.com\/pl\/wp-json\/wp\/v2\/users\/2"}],"replies":[{"embeddable":true,"href":"https:\/\/www.europesays.com\/pl\/wp-json\/wp\/v2\/comments?post=584212"}],"version-history":[{"count":0,"href":"https:\/\/www.europesays.com\/pl\/wp-json\/wp\/v2\/posts\/584212\/revisions"}],"wp:featuredmedia":[{"embeddable":true,"href":"https:\/\/www.europesays.com\/pl\/wp-json\/wp\/v2\/media\/584213"}],"wp:attachment":[{"href":"https:\/\/www.europesays.com\/pl\/wp-json\/wp\/v2\/media?parent=584212"}],"wp:term":[{"taxonomy":"category","embeddable":true,"href":"https:\/\/www.europesays.com\/pl\/wp-json\/wp\/v2\/categories?post=584212"},{"taxonomy":"post_tag","embeddable":true,"href":"https:\/\/www.europesays.com\/pl\/wp-json\/wp\/v2\/tags?post=584212"}],"curies":[{"name":"wp","href":"https:\/\/api.w.org\/{rel}","templated":true}]}}