{"id":584392,"date":"2026-07-28T05:48:13","date_gmt":"2026-07-28T05:48:13","guid":{"rendered":"https:\/\/www.europesays.com\/pl\/584392\/"},"modified":"2026-07-28T05:48:13","modified_gmt":"2026-07-28T05:48:13","slug":"kghm-zaglebie-piast-20-miedziowi-znowu-liderem-ekstraklasy","status":"publish","type":"post","link":"https:\/\/www.europesays.com\/pl\/584392\/","title":{"rendered":"KGHM Zag\u0142\u0119bie &#8211; Piast 2:0. Miedziowi znowu liderem Ekstraklasy"},"content":{"rendered":"<p>Gdyby zapyta\u0107 kibic\u00f3w KGHM Zag\u0142\u0119bia Lubin i samego trenera Leszka Ojrzy\u0144skiego o najprzyjemniejszy moment minionych, szalonych rozgrywek PKO BP Ekstraklasy, zdecydowanie by\u0142by to mecz przeciwko Piastowi Gliwice Daniela My\u015bliwca. Miedziowi na samym pocz\u0105tku rundy wiosennej rozpocz\u0119li imponuj\u0105c\u0105 seri\u0119 zwyci\u0119stw i korzystaj\u0105c z bezprecedensowego \u015bcisku w czubie tabeli, sensacyjnie wysforowali si\u0119 na miejsce w tabeli. Od marcowej wygranej przy Okrzei (3:1) Miedziowi byli ju\u017c jednak najgorzej punktuj\u0105c\u0105 dru\u017cyn\u0105 w stawce, co w ko\u0144cowym rozrachunku kosztowa\u0142o ich wypadni\u0119cie nawet poza stref\u0119 pucharow\u0105. Na pocz\u0105tek nowych rozgrywek Lubinianie d\u0142ugo wchodzili na odpowiednie obroty w ofensywie, ale kiedy ju\u017c ruszyli, przypomnieli, \u017ce Ojrzy\u0144ski dawno ju\u017c odcisn\u0105\u0142 na zespole swoje pi\u0119tno.<\/p>\n<p>      KGHM Zag\u0142\u0119bie znowu liderem PKO BP Ekstraklasy     <\/p>\n<p>KGHM Zag\u0142\u0119bie w poniedzia\u0142ek znowu wskoczy\u0142o na 1. miejsce w tabeli, cho\u0107 tym razem ma to oczywi\u015bcie zdecydowanie mniejsz\u0105 wag\u0119 ni\u017c w rundzie wiosennej poprzedniego sezonu. Dru\u017cyna Ojrzy\u0144skiego nie potrzebowa\u0142a do tego nieprawdopodobnej skuteczno\u015bci, bo weekendowe mecze by\u0142y tak wyr\u00f3wnane, \u017ce do obj\u0119cia fotela lidera wystarcza\u0142a jej w\u0142a\u015bnie dwubramkowa wygrana, cho\u0107 d\u0142ugo nic nie zapowiada\u0142o takiego przebiegu wypadk\u00f3w w Lubinie.<\/p>\n<p>Zamiast trafie\u0144 kibice do pewnego momentu ogl\u0105dali bowiem bardzo mozolny start, kt\u00f3ry przypomina\u0142 wydarzenia sprzed dok\u0142adnie dwunastu miesi\u0119cy, gdy na prze\u0142omie lipca i sierpnia punkty Zag\u0142\u0119bia te\u017c specjalnie si\u0119 nie trzyma\u0142y. Przed rokiem ofensywa Miedziowych nabra\u0142a kolor\u00f3w wraz ze wzmocnieniami, na kt\u00f3re trzeba by\u0142o czeka\u0107 dos\u0142ownie do ostatnich godzin letniego okienka, a najwi\u0119ksz\u0105 furor\u0119 wzbudzi\u0142 wypo\u017cyczony z Rakowa Cz\u0119stochowa Leonardo Rocha.<\/p>\n<p>Teraz pozycja wyj\u015bciowa zdawa\u0142a si\u0119 lepsza, bo ju\u017c w czerwcu kontrakt podpisa\u0142 Sebastian Kerk, skutecznym snajperem ma by\u0107 Filip Szymczak (w poniedzia\u0142ek wszed\u0142 dos\u0142ownie na ostatnie minuty), a do tego w klubie uda\u0142o si\u0119 zatrzyma\u0107 Marcela Regu\u0142\u0119. Niema\u0142e, jak na dru\u017cyn\u0119 Ojrzy\u0144skiego, ofensywne zasoby nie da\u0142y a\u017c tak dobrego wyst\u0119pu na tle Piasta, jak w marcu, jednak po ostatnim gwizdku w szatni Miedziowych znowu zapanowa\u0142a rado\u015b\u0107.<\/p>\n<p>          <img class=\"ods-a-photo ods-a-photo--background\" src=\"https:\/\/www.europesays.com\/pl\/wp-content\/uploads\/2026\/07\/9Ggk9lBaHR0cHM6Ly9vY2RuLmV1L3B1bHNjbXMvTURBXy9kZmFiM2I0ZTU2OWE0NDJjN2QxYzE3OTQ1MmFmM2MxMC5qcGeRkwXNB.jpeg\" height=\"627\" width=\"940\" alt=\"Bramka Marcela Regu\u0142y przypiecz\u0119towa\u0142a zwyci\u0119stwo KGHM Zag\u0142\u0119bia z Piastem (2:0)\" loading=\"lazy\" fetchpriority=\"auto\" decoding=\"auto\"\/>    <\/p>\n<p>Fot. Antoni Dec \/ Arena Akcji\/NEWSPIX.PL \/ newspix.pl<\/p>\n<p>  Bramka Marcela Regu\u0142y przypiecz\u0119towa\u0142a zwyci\u0119stwo KGHM Zag\u0142\u0119bia z Piastem (2:0)  <\/p>\n<p>   Nieoczywisty bohater Miedziowych<\/p>\n<p>Bohater Zag\u0142\u0119bia w poniedzia\u0142ek okaza\u0142 si\u0119 nieoczywisty, bo rezerwowy Sypek (wprowadzony w przerwie jako jeden z a\u017c trzech zawodnik\u00f3w) strzeli\u0142 pierwszego gola w 2026 roku, a w minionych rozgrywkach dzia\u0142a\u0142 na dru\u017cyn\u0119 Ojrzy\u0144skiego niczym talizman. Kiedy on trafia\u0142 do siatki, Miedziowi wygrywali i za ka\u017cdym razem by\u0142y to pami\u0119tne komplety punkt\u00f3w przeciwko Lechii Gda\u0144sk (6:2), Legii Warszawa (3:1) oraz Rakowowi Cz\u0119stochowa (1:0).<\/p>\n<p>Bardzo efektowna by\u0142a te\u017c akcja asystuj\u0105cego przy jego bramce z Piastem Mateusz Grzybek. Sypek w pierwszym roku po powrocie do klubu, w kt\u00f3rym si\u0119 wychowa\u0142, ca\u0142o\u015bciowo nie spe\u0142ni\u0142 sporych oczekiwa\u0144, jakie przynosi\u0142 po kilku sezonach nabierania do\u015bwiadcze\u0144 mi\u0119dzy innymi w Widzewie \u0141\u00f3d\u017a oraz Lechii Gda\u0144sk.<\/p>\n<p>Trafienie po wej\u015bciu z \u0142awki w tak zamkni\u0119tym meczu otwieraj\u0105cym nowy sezon by\u0107 dla niego niezwykle pozytywnym bod\u017acem, aby kolejne rozgrywki by\u0142y ju\u017c zdecydowanie lepsze. Przy okazji jest te\u017c ma\u0142y jubileusz, bo skrzyd\u0142owy z Nysy strzeli\u0142 ju\u017c dziesi\u0105tego gola w ekstraklasowej karierze. Nied\u0142ugo p\u00f3\u017aniej sw\u00f3j dorobek wzbogaci\u0142 o asyst\u0119 do wspomnianego Regu\u0142y i Miedziowi mog\u0105 patrze\u0107 na reszt\u0119 stawki z g\u00f3ry przed wyjazdem na \u0141azienkowsk\u0105 (niedziela, godz. 14:45). \u2013 Sypek zosta\u0142 bohaterem i na pewno znajdzie si\u0119 w jedenastce kolejki. W ci\u0105gu 45 minut walnie si\u0119 przyczyni\u0142 do tego zwyci\u0119stwa. Sypek w trakcie przygotowa\u0144 dobrze wygl\u0105da\u0142, nie mia\u0142 \u017cadnej kontuzji, ci\u0119\u017cko pracowa\u0142. By\u0142 dylemat, czy on powinien zagra\u0107 od pierwszej minuty, czy Kerk \u2013 przyznaje trener Ojrzy\u0144ski. <\/p>\n<p>W\u015br\u00f3d kilku warto\u015bciowych wzmocnie\u0144, powr\u00f3t do optymalnej formy zawodnika, kt\u00f3ry ju\u017c od d\u0142u\u017cszego czasu jest w klubie, mo\u017ce by\u0107 dla Miedziowych niczym dodatkowy transfer, na jaki nie narzeka\u0142aby wi\u0119kszo\u015b\u0107 ekstraklasowych szkoleniowc\u00f3w. A w jakim stanie posiadania KGHM Zag\u0142\u0119bie b\u0119dzie kontynuowa\u0142o sezon? \u2013 Kadra jest ju\u017c kompletna, je\u015bli nikt nie odejdzie. Gdyby odszed\u0142 Regu\u0142a, jaki\u015b ruch mo\u017ce by\u0107. Mamy Mlinaricia, do tego du\u017co m\u0142odych, raz zagraj\u0105 lepiej, raz gorzej. Jest rywalizacja, bez tego nie ma co szuka\u0107 \u2013 podsumowuje opiekun ekipy z Lubina.<\/p>\n","protected":false},"excerpt":{"rendered":"Gdyby zapyta\u0107 kibic\u00f3w KGHM Zag\u0142\u0119bia Lubin i samego trenera Leszka Ojrzy\u0144skiego o najprzyjemniejszy moment minionych, szalonych rozgrywek PKO&hellip;\n","protected":false},"author":2,"featured_media":584393,"comment_status":"","ping_status":"","sticky":false,"template":"","format":"standard","meta":{"footnotes":"","_share_on_mastodon":"0"},"categories":[52220],"tags":[56,61195,3106,274,3953,52221,15449,23506,48,46,55,948,42,38,40,39,41,47,130,3376],"class_list":["post-584392","post","type-post","status-publish","format-standard","has-post-thumbnail","category-kghm","tag-article_premium","tag-bottomfeed_styl","tag-dzis_pisza_dla_was","tag-ekstraklasa","tag-kghm","tag-kghm-polska-miedz","tag-leszek_ojrzynski","tag-marcel_regula","tag-nat_styl","tag-omp","tag-phx","tag-pilka_nozna","tag-pl","tag-poland","tag-polish","tag-polska","tag-polski","tag-screening_general","tag-wiadomosci_sportowe","tag-zaglebie_lubin"],"share_on_mastodon":{"url":"https:\/\/pubeurope.com\/@pl\/116996035414590219","error":""},"_links":{"self":[{"href":"https:\/\/www.europesays.com\/pl\/wp-json\/wp\/v2\/posts\/584392","targetHints":{"allow":["GET"]}}],"collection":[{"href":"https:\/\/www.europesays.com\/pl\/wp-json\/wp\/v2\/posts"}],"about":[{"href":"https:\/\/www.europesays.com\/pl\/wp-json\/wp\/v2\/types\/post"}],"author":[{"embeddable":true,"href":"https:\/\/www.europesays.com\/pl\/wp-json\/wp\/v2\/users\/2"}],"replies":[{"embeddable":true,"href":"https:\/\/www.europesays.com\/pl\/wp-json\/wp\/v2\/comments?post=584392"}],"version-history":[{"count":0,"href":"https:\/\/www.europesays.com\/pl\/wp-json\/wp\/v2\/posts\/584392\/revisions"}],"wp:featuredmedia":[{"embeddable":true,"href":"https:\/\/www.europesays.com\/pl\/wp-json\/wp\/v2\/media\/584393"}],"wp:attachment":[{"href":"https:\/\/www.europesays.com\/pl\/wp-json\/wp\/v2\/media?parent=584392"}],"wp:term":[{"taxonomy":"category","embeddable":true,"href":"https:\/\/www.europesays.com\/pl\/wp-json\/wp\/v2\/categories?post=584392"},{"taxonomy":"post_tag","embeddable":true,"href":"https:\/\/www.europesays.com\/pl\/wp-json\/wp\/v2\/tags?post=584392"}],"curies":[{"name":"wp","href":"https:\/\/api.w.org\/{rel}","templated":true}]}}