{"id":584584,"date":"2026-07-28T07:59:23","date_gmt":"2026-07-28T07:59:23","guid":{"rendered":"https:\/\/www.europesays.com\/pl\/584584\/"},"modified":"2026-07-28T07:59:23","modified_gmt":"2026-07-28T07:59:23","slug":"brutalne-pobicie-pary-ukraincow-media-sprawcami-sa-gangster-i-pseudokibic","status":"publish","type":"post","link":"https:\/\/www.europesays.com\/pl\/584584\/","title":{"rendered":"Brutalne pobicie pary Ukrai\u0144c\u00f3w. Media: sprawcami s\u0105 gangster i pseudokibic"},"content":{"rendered":"<p><a href=\"https:\/\/wiadomosci.onet.pl\/wroclaw\/brutalny-atak-na-pare-ukraincow-we-wroclawiu-policja-szuka-sprawcow\/9clh6tz\" id=\"7c3ed032-a02c-4b21-96de-b5d9751c1e7e\" rel=\"nofollow noopener\" target=\"_blank\">W niedziel\u0119 na ul. Okulickiego we Wroc\u0142awiu dosz\u0142o do pobicia 20-latki oraz 21-latka narodowo\u015bci ukrai\u0144skiej.<\/a> Na filmie opublikowanym w mediach spo\u0142eczno\u015bciowych wida\u0107, jak trzech m\u0119\u017cczyzn brutalnie bije Ukrai\u0144ca oraz jego partnerk\u0119, kt\u00f3ra pr\u00f3buje go broni\u0107 przed agresorami. Dalszy ci\u0105g artyku\u0142u pod materia\u0142em wideo <a href=\"https:\/\/www.onet.pl\/\" title=\"Strona G\u0142\u00f3wna\" aria-label=\"Strona G\u0142\u00f3wna\" data-astro-prefetch=\"tap\" class=\"ods-a-logo-main-desktop\" rel=\"nofollow noopener\" target=\"_blank\"><img src=\"https:\/\/cdn.wiadomosci.onet.pl\/img\/Logo_desktop_Onet.svg\" class=\"ods-a-logo-main-desktop__image\" alt=\"Logo\" width=\"107\" height=\"60\" fetchpriority=\"high\" decoding=\"sync\" style=\"height:60px\"\/><\/a><\/p>\n<p class=\"ods-m-google-article__text\">Czytaj nas cz\u0119\u015bciej w Google<\/p>\n<p><a href=\"https:\/\/google.com\/preferences\/source?q=wiadomosci.onet.pl\" target=\"_blank\" rel=\"noopener noreferrer nofollow\" aria-label=\"Dodaj w Google\" title=\"Dodaj w Google\" class=\"ods-a-button ods-a-button__primary ods-a-button__default ods-a-button-l\"> Dodaj w Google <\/a><\/p>\n<p>Policjanci zatrzymali w poniedzia\u0142ek dw\u00f3ch m\u0119\u017cczyzn podejrzewanych o udzia\u0142 w brutalnym pobiciu \u2014 27-latka i 45-latka. &#8222;Gazeta Wyborcza&#8221; podaje, \u017ce s\u0105 to Adam C. ps. Cycu, gangster z wi\u0119zienn\u0105 przesz\u0142o\u015bci\u0105, bokser walcz\u0105cy na go\u0142e pi\u0119\u015bci oraz pseudokibic, walcz\u0105cy w MMA.<\/p>\n<p>&#8222;GW&#8221; dotar\u0142a do nagranego na platformie YouTube wywiadu, jakiego jeden z podejrzanych \u2014 Adam C. udzieli\u0142 dwa lata temu. &#8222;Po swojej pierwszej walce \u2014 przegranej \u2014 przyzna\u0142, \u017ce trenowa\u0142 od dw\u00f3ch miesi\u0119cy, bo wcze\u015bniej odsiedzia\u0142 dziesi\u0119cioletni wyrok&#8221; \u2014 czytamy.<\/p>\n<p>Adama C. rozpoznano na nagraniu z monitoringu po banda\u017cu na lewej nodze. Mia\u0142 wcze\u015bniej wej\u015b\u0107 z koleg\u0105 w czerwonej koszulce do sklepu i ustawi\u0107 si\u0119 w kolejce przed 20-letni\u0105 Anastasi\u0119. Gdy kobieta zwr\u00f3ci\u0142a mu uwag\u0119, opu\u015bci\u0142 lokal wraz z towarzyszem. Po wyj\u015bciu ze sklepu Anastasia w\u0142\u0105czy\u0142a kamer\u0119 w telefonie.<\/p>\n<p>      &#8222;Akademia gwa\u0142tu&#8221;. Kulisy obrzydliwego procederu. &#8222;Twierdzi, \u017ce by\u0142 szanta\u017cowany&#8221;  <\/p>\n<p class=\"ods-o-frame-in-text__paragraph\"><a href=\"https:\/\/www.onet.pl\/informacje\/onetlublin\/akademia-gwaltu-kulisy-obrzydliwego-procederu-twierdzi-ze-byl-szantazowany\/15vzw4c,79cfc278\" id=\"d1db78ec-2865-4813-9210-f7122c69d296\" rel=\"nofollow noopener\" target=\"_blank\">Przeczytaj ca\u0142y artyku\u0142<\/a><\/p>\n<p>   <img class=\"ods-a-photo ods-a-photo--background\" src=\"https:\/\/www.europesays.com\/pl\/wp-content\/uploads\/2026\/07\/1785225563_478_IY7k9lBaHR0cHM6Ly9vY2RuLmV1L3B1bHNjbXMvTURBXy8zZTg0YWMxZjFjMjgzN2E2MDBhMGY3NjA2YTRlNjFkNS5qcGeRlQLNA.jpeg\" height=\"298\" width=\"450\" alt=\"&quot;Akademia gwa\u0142tu&quot;. Kulisy obrzydliwego procederu\" loading=\"lazy\" fetchpriority=\"low\" decoding=\"async\"\/>  <\/p>\n<p>&#8222;Pierwsze sekundy nagrania pokazuj\u0105, jak mi\u0119\u015bniak z banda\u017cem na nodze uderza pi\u0119\u015bci\u0105 w twarz Maksyma. Po chwili wida\u0107, \u017ce obok stoi kolega w czerwonej koszulce. [&#8230;] Kamera pokazuje jego praw\u0105 r\u0119k\u0119, zaciskaj\u0105c\u0105 si\u0119 w pi\u0119\u015b\u0107, zamach i pot\u0119\u017cny cios w g\u0142ow\u0119 Anastasii&#8221; \u2014 opisuje &#8222;Wyborcza&#8221;.<\/p>\n<p>20-letnia Ukrainka zacz\u0119\u0142a wzywa\u0107 pomoc, a scenie przygl\u0105dali si\u0119 stoj\u0105cy przy jasnozielonym sportowym aucie kobieta i m\u0119\u017cczyzna, kt\u00f3ry p\u00f3\u017aniej do\u0142\u0105czy\u0142 do napastnik\u00f3w. &#8222;Jak si\u0119 dowiadujemy, drugi z zatrzymanych to w\u0142a\u015bnie ten w \u017c\u00f3\u0142tej koszulce ze sportowego samochodu&#8221; \u2014 informuje &#8222;Gazeta Wyborcza&#8221;.<\/p>\n<p>O zatrzymaniu agresor\u00f3w <a href=\"https:\/\/wiadomosci.onet.pl\/wroclaw\/brutalne-pobicie-pary-ukraincow-we-wroclawiu-policja-zatrzymala-dwie-osoby\/xhqth13\" id=\"18fc5d16-30d8-4440-bd75-ed4a4e1afe65\" rel=\"nofollow noopener\" target=\"_blank\">poinformowa\u0142 w poniedzia\u0142ek na platformie X minister spraw wewn\u0119trznych i administracji Marcin Kierwi\u0144ski<\/a>.<\/p>\n","protected":false},"excerpt":{"rendered":"W niedziel\u0119 na ul. Okulickiego we Wroc\u0142awiu dosz\u0142o do pobicia 20-latki oraz 21-latka narodowo\u015bci ukrai\u0144skiej. Na filmie opublikowanym&hellip;\n","protected":false},"author":2,"featured_media":584585,"comment_status":"","ping_status":"","sticky":false,"template":"","format":"standard","meta":{"footnotes":"","_share_on_mastodon":"0"},"categories":[51607],"tags":[61195,10936,48,46,42,38,40,39,41,1598,47,415,1853],"class_list":["post-584584","post","type-post","status-publish","format-standard","has-post-thumbnail","category-wroclaw","tag-bottomfeed_styl","tag-brutalne_pobicie","tag-nat_styl","tag-omp","tag-pl","tag-poland","tag-polish","tag-polska","tag-polski","tag-pseudokibice","tag-screening_general","tag-ukraina","tag-wroclaw"],"share_on_mastodon":{"url":"https:\/\/pubeurope.com\/@pl\/116996550179199894","error":""},"_links":{"self":[{"href":"https:\/\/www.europesays.com\/pl\/wp-json\/wp\/v2\/posts\/584584","targetHints":{"allow":["GET"]}}],"collection":[{"href":"https:\/\/www.europesays.com\/pl\/wp-json\/wp\/v2\/posts"}],"about":[{"href":"https:\/\/www.europesays.com\/pl\/wp-json\/wp\/v2\/types\/post"}],"author":[{"embeddable":true,"href":"https:\/\/www.europesays.com\/pl\/wp-json\/wp\/v2\/users\/2"}],"replies":[{"embeddable":true,"href":"https:\/\/www.europesays.com\/pl\/wp-json\/wp\/v2\/comments?post=584584"}],"version-history":[{"count":0,"href":"https:\/\/www.europesays.com\/pl\/wp-json\/wp\/v2\/posts\/584584\/revisions"}],"wp:featuredmedia":[{"embeddable":true,"href":"https:\/\/www.europesays.com\/pl\/wp-json\/wp\/v2\/media\/584585"}],"wp:attachment":[{"href":"https:\/\/www.europesays.com\/pl\/wp-json\/wp\/v2\/media?parent=584584"}],"wp:term":[{"taxonomy":"category","embeddable":true,"href":"https:\/\/www.europesays.com\/pl\/wp-json\/wp\/v2\/categories?post=584584"},{"taxonomy":"post_tag","embeddable":true,"href":"https:\/\/www.europesays.com\/pl\/wp-json\/wp\/v2\/tags?post=584584"}],"curies":[{"name":"wp","href":"https:\/\/api.w.org\/{rel}","templated":true}]}}