{"id":584884,"date":"2026-07-28T11:04:23","date_gmt":"2026-07-28T11:04:23","guid":{"rendered":"https:\/\/www.europesays.com\/pl\/584884\/"},"modified":"2026-07-28T11:04:23","modified_gmt":"2026-07-28T11:04:23","slug":"gracze-nie-odpuszczaja-sony-zapowiadaja-protest-w-obrotnie-plyt","status":"publish","type":"post","link":"https:\/\/www.europesays.com\/pl\/584884\/","title":{"rendered":"Gracze nie odpuszczaj\u0105 Sony. Zapowiadaj\u0105\u00a0protest w obrotnie p\u0142yt"},"content":{"rendered":"<ul>\n<li>Gracze nie przestaj\u0105 protestowa\u0107 przeciwko planom wycofania przez Sony gier na p\u0142ytach od 2028 r.<\/li>\n<li>Nowa inicjatywa zak\u0142ada tygodniowy protest. Od 20 do 27 sierpnia gracze zamierzaj\u0105 nie uruchamia\u0107 konsol i nie korzysta\u0107 z us\u0142ug cyfrowych Sony.<\/li>\n<li>Protest mo\u017ce skutecznie zwr\u00f3ci\u0107 uwag\u0119 firmy na problemy graczy, ale w przypadku pora\u017cki, b\u0119dzie niczym wi\u0119cej jak potwierdzeniem argument\u00f3w Sony.\u00a0<\/li>\n<\/ul>\n<p>Na profilu Does it play? w serwisie X pojawi\u0142o si\u0119 wezwanie do protestu przeciwko Sony. Gracze chc\u0105 wywrze\u0107 presj\u0119 na firmie, ale jednocze\u015bnie mog\u0105 da\u0107 jej solidny argument za utrzymaniem decyzji o wycofaniu gier na fizycznych no\u015bnikach.\u00a0<\/p>\n<p>Tydzie\u0144 bez PlayStation w ramach protestu przeciwko Sony<\/p>\n<p>W ramach protestu gracze chc\u0105 przesta\u0107 korzysta\u0107 z konsol PlayStation przez tydzie\u0144. Gamingowy strajk ma rozpocz\u0105\u0107 si\u0119 23 sierpnia i trwa\u0107 do 30 sierpnia. Przez ten czas konsole maj\u0105 by\u0107 wy\u0142\u0105czone, bez logowania si\u0119 do konta PlayStation i bez zakup\u00f3w na wszystkich platformach Sony.<\/p>\n<p>Temat gier na p\u0142ytach to tylko jeden z powod\u00f3w do protestu. Tw\u00f3rcy inicjatywy podkre\u015blaj\u0105 te\u017c rosn\u0105ce ceny sprz\u0119tu, rezygnacj\u0119 z dalszych plan\u00f3w rozwoju nowych projekt\u00f3w sprz\u0119towych (jak gogle VR) i zamykanie studi\u00f3w deweloperskich.\u00a0<\/p>\n<p>Sony mo\u017ce wykorzysta\u0107 protest do potwierdzenia swoich racji<\/p>\n<p>Je\u015bli protest si\u0119 uda dla Sony b\u0119dzie to jasny sygna\u0142, \u017ce gracze maj\u0105 do\u015b\u0107 polityki firmy. Nawet je\u015bli bojkot konsol PlayStation nie b\u0119dzie trwa\u0107 tydzie\u0144, ale uda si\u0119 przez jeden lub dwa dni utrzyma\u0107 wyra\u017any spadek u\u017cytkownik\u00f3w, trudno b\u0119dzie przej\u015b\u0107 obok tego oboj\u0119tnie.\u00a0W\u0105tpi\u0119, aby firma zmieni\u0142a swoj\u0105 polityk\u0119, ale b\u0119dzie musia\u0142a znale\u017a\u0107 spos\u00f3b na popraw\u0119 wizerunku.<\/p>\n<p>Z drugiej strony, Sony mo\u017ce bezlito\u015bnie wykorzysta\u0107 protest, je\u015bli oka\u017ce si\u0119 pora\u017ck\u0105. W przypadku, kiedy spadek liczby graczy nie b\u0119dzie du\u017cy, wystarczy pokaza\u0107 wykres i powiedzie\u0107, \u017ce temat nikogo nie interesuje, dzia\u0142amy dalej. W podobny spos\u00f3b Sony argumentuje wycofanie fizycznych no\u015bnik\u00f3w. M\u00f3wi\u0105c, \u017ce cyfrowa dystrybucja jest coraz popularniejsza i jest to odpowied\u017a na potrzeby graczy.\u00a0<\/p>\n<p>Czy da si\u0119 pogodzi\u0107 obie strony?\u00a0<\/p>\n<p>W dost\u0119pie do fizycznych no\u015bnik\u00f3w nie chodzi wcale o p\u0142yt\u0119. To bardziej symbol wi\u0119kszego problemu. Gracze chc\u0105 mie\u0107 pewno\u015b\u0107, \u017ce kupiona gra do nich nale\u017cy. \u017be b\u0119d\u0105 mogli j\u0105 uruchamia\u0107 kiedy i ile razy chc\u0105, \u017ce zawsze b\u0119dzie ich w\u0142asno\u015bci\u0105 i nikt im jej nie zabierze. Albo kiedy ju\u017c przejd\u0105 kampani\u0119 nowego \u201eCall of Duty\u201d\u00a0to po tych emocjonuj\u0105cych czterech godzinach b\u0119d\u0105 mogli odsprzeda\u0107 gr\u0119 innemu u\u017cytkownikowi. Takiej pewno\u015bci nie daje dzisiaj dystrybucja cyfrowa.\u00a0<\/p>\n<p>Sony mo\u017ce zadowoli\u0107 graczy i zosta\u0107 przy swoich planach. Wyobra\u017amy sobie idealny scenariusz. Sony zmienia regulaminy dodaj\u0105c do nich zapis daj\u0105cy graczom pewno\u015b\u0107, \u017ce zakupiona przez nich gra nie b\u0119dzie mog\u0142a zosta\u0107 usuni\u0119ta z ich konta. Dodaje do tego mo\u017cliwo\u015b\u0107 odsprzedania jej w formie cyfrowej i przetransferowania na konto innego u\u017cytkownika. Albo idzie jeszcze dalej i pozwala przenie\u015b\u0107 gr\u0119 na fizyczny no\u015bnik. Dysk lub kart\u0119 pami\u0119ci.\u00a0<\/p>\n<p>Mo\u017cna znale\u017a\u0107 wiele rozwi\u0105za\u0144 tego problemu, ale wymaga to przede wszystkim pr\u00f3by podj\u0119cia dialogu ze strony Sony i nieco ust\u0119pstw ze strony graczy. Na to na razie si\u0119 nie zanosi.\u00a0<\/p>\n","protected":false},"excerpt":{"rendered":"Gracze nie przestaj\u0105 protestowa\u0107 przeciwko planom wycofania przez Sony gier na p\u0142ytach od 2028 r. Nowa inicjatywa zak\u0142ada&hellip;\n","protected":false},"author":2,"featured_media":584885,"comment_status":"","ping_status":"","sticky":false,"template":"","format":"standard","meta":{"footnotes":"","_share_on_mastodon":"0"},"categories":[20],"tags":[120,118,119,42,38,40,39,41,116,114,115,4199,121,1348,117],"class_list":["post-584884","post","type-post","status-publish","format-standard","has-post-thumbnail","category-nauka-i-technika","tag-nauka","tag-nauka-i-technika","tag-naukatechnika","tag-pl","tag-poland","tag-polish","tag-polska","tag-polski","tag-science","tag-science-and-technology","tag-sciencetechnology","tag-sony","tag-technika","tag-technologia","tag-technology"],"share_on_mastodon":{"url":"https:\/\/pubeurope.com\/@pl\/116997276856970665","error":""},"_links":{"self":[{"href":"https:\/\/www.europesays.com\/pl\/wp-json\/wp\/v2\/posts\/584884","targetHints":{"allow":["GET"]}}],"collection":[{"href":"https:\/\/www.europesays.com\/pl\/wp-json\/wp\/v2\/posts"}],"about":[{"href":"https:\/\/www.europesays.com\/pl\/wp-json\/wp\/v2\/types\/post"}],"author":[{"embeddable":true,"href":"https:\/\/www.europesays.com\/pl\/wp-json\/wp\/v2\/users\/2"}],"replies":[{"embeddable":true,"href":"https:\/\/www.europesays.com\/pl\/wp-json\/wp\/v2\/comments?post=584884"}],"version-history":[{"count":0,"href":"https:\/\/www.europesays.com\/pl\/wp-json\/wp\/v2\/posts\/584884\/revisions"}],"wp:featuredmedia":[{"embeddable":true,"href":"https:\/\/www.europesays.com\/pl\/wp-json\/wp\/v2\/media\/584885"}],"wp:attachment":[{"href":"https:\/\/www.europesays.com\/pl\/wp-json\/wp\/v2\/media?parent=584884"}],"wp:term":[{"taxonomy":"category","embeddable":true,"href":"https:\/\/www.europesays.com\/pl\/wp-json\/wp\/v2\/categories?post=584884"},{"taxonomy":"post_tag","embeddable":true,"href":"https:\/\/www.europesays.com\/pl\/wp-json\/wp\/v2\/tags?post=584884"}],"curies":[{"name":"wp","href":"https:\/\/api.w.org\/{rel}","templated":true}]}}