{"id":584988,"date":"2026-07-28T12:07:13","date_gmt":"2026-07-28T12:07:13","guid":{"rendered":"https:\/\/www.europesays.com\/pl\/584988\/"},"modified":"2026-07-28T12:07:13","modified_gmt":"2026-07-28T12:07:13","slug":"daniel-obajtek-uslyszal-dwa-zarzuty-jestem-z-nich-dumny","status":"publish","type":"post","link":"https:\/\/www.europesays.com\/pl\/584988\/","title":{"rendered":"Daniel Obajtek us\u0142ysza\u0142 dwa zarzuty. &#8222;Jestem z nich dumny&#8221;"},"content":{"rendered":"<p>Prokuratura Okr\u0119gowa w Warszawie wezwa\u0142a na wtorek Obajtka, aby przedstawi\u0107 mu zarzuty w \u0142\u0105cznie dw\u00f3ch sprawach: wycofania w marcu 2023 r. (gdy by\u0142 prezesem Orlen) ze wszystkich punkt\u00f3w sprzeda\u017cy Orlenu jednego z numer\u00f3w tygodnika &#8222;Nie&#8221; oraz podejrzenia sk\u0142adania fa\u0142szywych zezna\u0144 przed s\u0105dem dotycz\u0105cych jego znajomo\u015bci z dziennikarzem Piotrem Nisztorem. W obu tych sprawach Parlament Europejski <a href=\"https:\/\/wiadomosci.onet.pl\/kraj\/immunitet-czterech-polskich-europoslow-jest-decyzja-parlamentu-europejskiego\/wepl442\" id=\"9d0d91a9-9351-4964-9ea2-d5466043d149\" rel=\"nofollow noopener\" target=\"_blank\">uchyli\u0142 Obajtkowi immunitet w kwietniu tego roku<\/a>. Dalszy ci\u0105g artyku\u0142u pod materia\u0142em wideo Obajtek odm\u00f3wi\u0142 sk\u0142adania wyja\u015bnie\u0144. &#8222;Zarzut jest \u00bbniepowa\u017cny\u00ab&#8221;<a href=\"https:\/\/www.onet.pl\/\" title=\"Strona G\u0142\u00f3wna\" aria-label=\"Strona G\u0142\u00f3wna\" data-astro-prefetch=\"tap\" class=\"ods-a-logo-main-desktop\" rel=\"nofollow noopener\" target=\"_blank\"><img src=\"https:\/\/cdn.wiadomosci.onet.pl\/img\/Logo_desktop_Onet.svg\" class=\"ods-a-logo-main-desktop__image\" alt=\"Logo\" width=\"107\" height=\"60\" fetchpriority=\"high\" decoding=\"sync\" style=\"height:60px\"\/><\/a><\/p>\n<p class=\"ods-m-google-article__text\">Czytaj nas cz\u0119\u015bciej w Google<\/p>\n<p><a href=\"https:\/\/google.com\/preferences\/source?q=wiadomosci.onet.pl\" target=\"_blank\" rel=\"noopener noreferrer nofollow\" aria-label=\"Dodaj w Google\" title=\"Dodaj w Google\" class=\"ods-a-button ods-a-button__primary ods-a-button__default ods-a-button-l\"> Dodaj w Google <\/a><\/p>\n<p>Daniel Obajtek po wyj\u015bciu z prokuratury odni\u00f3s\u0142 si\u0119 do postawionych zarzut\u00f3w. \u2014 Oczywi\u015bcie odm\u00f3wi\u0142em sk\u0142adania wyja\u015bnie\u0144, nie przyznaj\u0119 si\u0119 do zarzucanych mi cel\u00f3w. Pan prokurator, jaki zbieg okoliczno\u015bci, \u017ce pan prokurator awansowa\u0142 przed postawieniem mi zarzut\u00f3w \u2014 m\u00f3wi\u0142 europose\u0142. \u2014 Jeszcze raz, dumny jestem z tych zarzut\u00f3w. Podkre\u015blam, \u017ce jeden zarzut zwi\u0105zany z panem redaktorem Nisztorem nie ma \u017cadnego uzasadnienia \u2014 m\u00f3wi\u0142 Obajtek, dodaj\u0105c, \u017ce jego zdaniem zarzut ten jest &#8222;niepowa\u017cny&#8221;.<\/p>\n<p>Sprawa fa\u0142szywych zezna\u0144 przed s\u0105dem rozpocz\u0119\u0142a si\u0119 od zawiadomienia dziennikarza Grzegorza Jakubowskiego, w zwi\u0105zku z procesem przed S\u0105dem Rejonowym dla Warszawy-\u015ar\u00f3dmie\u015bcia zainicjowanym prywatnym aktem oskar\u017cenia. W zawiadomieniu Jakubowski zarzuci\u0142 Obajtkowi k\u0142amstwo wyg\u0142oszone przed s\u0105dem 11 maja 2023 r. Powo\u0142a\u0142 si\u0119 na nagranie z 2018 r., kt\u00f3re opublikowali\u015bmy w marcu 2024 r. w Onecie, a kt\u00f3re \u015bwiadczy\u0142o o nieformalnych kontaktach Obajtka z Nisztorem \u2014 wbrew temu, co Obajtek zezna\u0142 w s\u0105dzie.<\/p>\n<p>     W Onecie ujawnili\u015bmy m.in., \u017ce Obajtek, w okresie, gdy kierowa\u0142 Orlenem, mia\u0142 za\u0142o\u017cony pods\u0142uch w gabinecie. <a href=\"https:\/\/wiadomosci.onet.pl\/kraj\/prawicowy-dziennikarz-piotr-nisztor-uslyszy-zarzuty-za-falszywe-zeznania\/l3fb45v\" id=\"9985a457-c660-4583-a643-0a036f53ca47\" rel=\"nofollow noopener\" target=\"_blank\">Dotarli\u015bmy te\u017c do nagrania z 2018 r. i rozmowy Obajtka z Nisztorem<\/a>. Nisztor prosi\u0142 w\u00f3wczas Obajtka o prac\u0119 dla swojej \u017cony; obaj poruszali w\u0105tki polityczne, w tym tematy niewygodne dla rz\u0105dz\u0105cego w\u00f3wczas PiS. Przychodzi Nisztor do Obajtka i prosi o prac\u0119 dla \u017cony oraz ojca. &#8222;My o ni\u0105 zadbamy i si\u0119 zaopiekujemy. Tak samo z ojcem. Mo\u017ce kogo\u015b wyp***\u0119&#8221; \u2014 obiecuje prezes Orlenu   <img class=\"ods-a-photo ods-a-photo--background\" src=\"https:\/\/www.europesays.com\/pl\/wp-content\/uploads\/2026\/07\/8E0k9lBaHR0cHM6Ly9vY2RuLmV1L3B1bHNjbXMvTURBXy9iNzkyNjMyNjc3NDk3YTFiYWI5NjQ2ZTQyYzVkOGI4OS5qcGeRlQLNA.jpeg\" height=\"253\" width=\"450\" alt=\"Ta\u015bmy-Obajtek Nisztor2\" loading=\"lazy\" fetchpriority=\"low\" decoding=\"async\"\/>  <\/p>\n<p>Daniel Obajtek sugeruje, \u017ce nagrania s\u0105 zmanipulowane i poci\u0119te. Na dzisiejszej konferencji prasowej stanowczo wobec takich tez oponowa\u0142 rzecznik prasowy warszawskiej prokuratury okr\u0119gowej Piotr Antoni Skiba, kt\u00f3ry odczyta\u0142 fragment opinii bieg\u0142ego. \u2014 Jak wynika z przeprowadzonych bada\u0144, zapis rozmowy jest autentyczny. Nie ustalono wyst\u0119powania przerw podczas rejestrowania zdarzenia, eliminowania fragment\u00f3w nagrania po jego utrwaleniu, ani kompilowania, czyli \u0142\u0105czenia kilku fragment\u00f3w nagra\u0144 w jedno. Jak stwierdzi\u0142 bieg\u0142y, dowodowe nagranie ilustruje ci\u0105g\u0142o\u015b\u0107 zapisu, a zatem nie mamy tutaj do czynienia z \u017cadnym manipulowaniem nagraniami. Jest to autentyczne nagranie \u2014 podkre\u015bli\u0142 rzecznik.<\/p>\n<p>     &#8222;Jestem z tego zarzutu dumny. Zachowa\u0142em si\u0119 w porz\u0105dku&#8221;<\/p>\n<p>Obajtek szerzej odni\u00f3s\u0142 si\u0119 te\u017c do zarzutu zwi\u0105zanego z wycofaniem numeru tygodnika &#8222;Nie&#8221;. Wcze\u015bniej wielokrotnie powtarza\u0142, \u017ce ten numer jego zdaniem &#8222;obra\u017ca\u0142 uczucia religijne, krzy\u017c i \u015bwi\u0119tego Jana Paw\u0142a II&#8221;.<\/p>\n<p>\u2014 Jestem z tego zarzutu dumny. Przyznaj\u0119 si\u0119 do tego czynu. Kaza\u0142em wyrzuci\u0107 tygodnik, &#8222;Nie&#8221;, jedno wydanie, z racji tego, \u017ce to by\u0142o bezczeszczenie uczu\u0107 religijnych. Je\u015bli by\u0142oby to bezczeszczenie uczu\u0107 religijnych innych wyzna\u0144 ni\u017c katolickie, zrobi\u0142bym to samo \u2014 m\u00f3wi\u0142. \u2014 Zachowa\u0142em si\u0119 w porz\u0105dku. Pan prokurator uprawia politykierstwo. Powinien by\u0107 \u015bcigany tygodnik &#8222;Nie&#8221;. Niekt\u00f3rzy pr\u00f3bowali mi wm\u00f3wi\u0107, \u017ce to cenzura. Ale nie jest to \u017cadna cenzura, bo w\u0142a\u015bciciel biznesowy podejmuje decyzj\u0119, jaki tygodnik mo\u017ce by\u0107, a jaki nie. Nie jest to zwi\u0105zane z \u017cadn\u0105 cenzur\u0105 \u2014 przekonywa\u0142.<\/p>\n<p>\u2014 Nie przyzna\u0142em si\u0119 do obu zarzut\u00f3w. W przypadku zarzutu dotycz\u0105cego redaktora Nisztora uwa\u017cam, \u017ce to wierutne k\u0142amstwo. Nie mog\u0119 si\u0119 przyzna\u0107 do jakiegokolwiek wierutnego k\u0142amstwa \u2014 m\u00f3wi\u0142 Obajtek. \u2014 Do drugiego zarzutu te\u017c si\u0119 nie przyzna\u0142em tylko w tym zakresie, \u017ce uwa\u017ca\u0142em, \u017ce post\u0105pi\u0142em zgodnie z prawem. Wi\u0119c stawia\u0107 mi za to zarzut jest ca\u0142kowitym wypaczeniem prawa \u2014 wyja\u015bni\u0142.<\/p>\n","protected":false},"excerpt":{"rendered":"Prokuratura Okr\u0119gowa w Warszawie wezwa\u0142a na wtorek Obajtka, aby przedstawi\u0107 mu zarzuty w \u0142\u0105cznie dw\u00f3ch sprawach: wycofania w&hellip;\n","protected":false},"author":2,"featured_media":584989,"comment_status":"","ping_status":"","sticky":false,"template":"","format":"standard","meta":{"footnotes":"","_share_on_mastodon":"0"},"categories":[5],"tags":[115359,61195,32,33,4477,36,37,27,49,34,35,28,31,48,25,46,42,38,40,39,41,1627,47,29,100098,111182,30,26],"class_list":["post-584988","post","type-post","status-publish","format-standard","has-post-thumbnail","category-naglowki","tag-_nie_tygodnik","tag-bottomfeed_styl","tag-breaking-news","tag-breakingnews","tag-daniel_obajtek","tag-featured-news","tag-featurednews","tag-headlines","tag-kraj","tag-latest-news","tag-latestnews","tag-naglowki","tag-najwazniejsze-artykuly","tag-nat_styl","tag-news","tag-omp","tag-pl","tag-poland","tag-polish","tag-polska","tag-polski","tag-prokuratura","tag-screening_general","tag-top-stories","tag-topbar","tag-topbar_tst1","tag-topstories","tag-wiadomosci"],"share_on_mastodon":{"url":"https:\/\/pubeurope.com\/@pl\/116997524372473921","error":""},"_links":{"self":[{"href":"https:\/\/www.europesays.com\/pl\/wp-json\/wp\/v2\/posts\/584988","targetHints":{"allow":["GET"]}}],"collection":[{"href":"https:\/\/www.europesays.com\/pl\/wp-json\/wp\/v2\/posts"}],"about":[{"href":"https:\/\/www.europesays.com\/pl\/wp-json\/wp\/v2\/types\/post"}],"author":[{"embeddable":true,"href":"https:\/\/www.europesays.com\/pl\/wp-json\/wp\/v2\/users\/2"}],"replies":[{"embeddable":true,"href":"https:\/\/www.europesays.com\/pl\/wp-json\/wp\/v2\/comments?post=584988"}],"version-history":[{"count":0,"href":"https:\/\/www.europesays.com\/pl\/wp-json\/wp\/v2\/posts\/584988\/revisions"}],"wp:featuredmedia":[{"embeddable":true,"href":"https:\/\/www.europesays.com\/pl\/wp-json\/wp\/v2\/media\/584989"}],"wp:attachment":[{"href":"https:\/\/www.europesays.com\/pl\/wp-json\/wp\/v2\/media?parent=584988"}],"wp:term":[{"taxonomy":"category","embeddable":true,"href":"https:\/\/www.europesays.com\/pl\/wp-json\/wp\/v2\/categories?post=584988"},{"taxonomy":"post_tag","embeddable":true,"href":"https:\/\/www.europesays.com\/pl\/wp-json\/wp\/v2\/tags?post=584988"}],"curies":[{"name":"wp","href":"https:\/\/api.w.org\/{rel}","templated":true}]}}