{"id":585510,"date":"2026-07-28T17:09:16","date_gmt":"2026-07-28T17:09:16","guid":{"rendered":"https:\/\/www.europesays.com\/pl\/585510\/"},"modified":"2026-07-28T17:09:16","modified_gmt":"2026-07-28T17:09:16","slug":"czerwone-strefy-nad-polska-meteorolodzy-wskazali-date-poteznych-ulew","status":"publish","type":"post","link":"https:\/\/www.europesays.com\/pl\/585510\/","title":{"rendered":"Czerwone strefy nad Polsk\u0105. Meteorolodzy wskazali dat\u0119 pot\u0119\u017cnych ulew"},"content":{"rendered":"<p>\u015aciana deszczu przejdzie przez Polsk\u0119. Nawet 50 litr\u00f3w w godzin\u0119<\/p>\n<p class=\"font-primary mb-8 text-lg leading-[1.55] [&amp;_a]:text-[#23437D] [&amp;_a]:underline [&amp;_a]:font-bold\"><a href=\"https:\/\/polskieradio24.pl\/pogoda\/potezna-ulewa-w-prognozach-w-tym-regionie-nawet-25-litrow-deszczu-w-godzine\" rel=\"nofollow noopener\" target=\"_blank\">Pot\u0119\u017cna ulewa<\/a> jest widoczna w prognozach. Pierwsze oznaki za\u0142amania pogody mog\u0105 dotrze\u0107 do Polski 6 sierpnia. Wieczorem, oko\u0142o godz. 20, rozleg\u0142a strefa opad\u00f3w wkroczy nad p\u00f3\u0142nocno-zachodni\u0105 cz\u0119\u015b\u0107 kraju. <a href=\"https:\/\/polskieradio24.pl\/pogoda\/model-gfs-czym-jest-i-jak-czytac-jego-prognozy-pogody\" rel=\"nofollow noopener\" target=\"_blank\">Model GFS<\/a> pokazuje ciemnoczerwone, br\u0105zowe obszary, oznaczaj\u0105ce\u00a0ulewne opady deszczu o nat\u0119\u017ceniu\u00a025-50 mm\/h\u00a0(czyli do 20-50 litr\u00f3w na metr kwadratowy).<\/p>\n<p>Redakcja poleca<\/p>\n<p class=\"font-primary mb-8 text-lg leading-[1.55] [&amp;_a]:text-[#23437D] [&amp;_a]:underline [&amp;_a]:font-bold\">Szczeg\u00f3lnie zagro\u017cone b\u0119d\u0105 p\u00f3\u0142nocne powiaty wojew\u00f3dztwa lubuskiego, zachodnie i wschodnie kra\u0144ce wojew\u00f3dztwa zachodniopomorskiego, a tak\u017ce skrajne obszary wojew\u00f3dztw wielkopolskiego, kujawsko-pomorskiego i pomorskiego.<\/p>\n<p><img alt=\"Prognoza nat\u0119\u017cenia opad\u00f3w na 6 sierpnia (o godz. 20) wed\u0142ug modelu GFS\" loading=\"lazy\" width=\"1036\" height=\"584\" decoding=\"async\" data-nimg=\"1\" style=\"color:transparent\"   src=\"https:\/\/www.europesays.com\/pl\/wp-content\/uploads\/2026\/07\/1785258555_795_thumbnails.webp\"\/><\/p>\n<p class=\"font-inter text-[12px] sm:text-base font-semibold leading-[125%] text-[#000]\">Prognoza nat\u0119\u017cenia opad\u00f3w na 6 sierpnia (o godz. 20) wed\u0142ug modelu GFS\/ Foto: GFS<\/p>\n<p>Nocne uderzenie \u017cywio\u0142u. Ulewy przejd\u0105 przez p\u00f3\u0142 Polski<\/p>\n<p class=\"font-primary mb-8 text-lg leading-[1.55] [&amp;_a]:text-[#23437D] [&amp;_a]:underline [&amp;_a]:font-bold\">Oko\u0142o godz. 23 strefa intensywnych opad\u00f3w przesunie si\u0119 na wsch\u00f3d, w kierunku centrum kraju. Najgro\u017aniej mo\u017ce by\u0107 w pasie od p\u00f3\u0142nocnej Wielkopolski, przez niemal ca\u0142e Kujawy, po po\u0142udniow\u0105 cz\u0119\u015b\u0107 Warmii.<\/p>\n<p class=\"font-primary mb-8 text-lg leading-[1.55] [&amp;_a]:text-[#23437D] [&amp;_a]:underline [&amp;_a]:font-bold\">Na mapie modelu GFS widoczny jest rozleg\u0142y czerwony rdze\u0144, otoczony strefami s\u0142abszych opad\u00f3w. Oznacza to ryzyko punktowych ulew o bardzo du\u017cym nat\u0119\u017ceniu. Miejscami mog\u0105 im towarzyszy\u0107 burze, silne porywy wiatru oraz lokalne podtopienia.<\/p>\n<p><img alt=\"Prognoza nat\u0119\u017cenia opad\u00f3w na 6 sierpnia (o godz. 23) wed\u0142ug modelu GFS\" loading=\"lazy\" width=\"1036\" height=\"584\" decoding=\"async\" data-nimg=\"1\" style=\"color:transparent\"   src=\"https:\/\/www.europesays.com\/pl\/wp-content\/uploads\/2026\/07\/1785258556_462_thumbnails.webp\"\/><\/p>\n<p class=\"font-inter text-[12px] sm:text-base font-semibold leading-[125%] text-[#000]\">Prognoza nat\u0119\u017cenia opad\u00f3w na 6 sierpnia (o godz. 23) wed\u0142ug modelu GFS\/ Foto: GFS<\/p>\n<p class=\"font-primary mb-8 text-lg leading-[1.55] [&amp;_a]:text-[#23437D] [&amp;_a]:underline [&amp;_a]:font-bold\">W nocy z 6 na 7 sierpnia (oko\u0142o godz. 2)\u00a0najsilniejsza strefa opad\u00f3w powinna skierowa\u0107 si\u0119 nad\u00a0centraln\u0105 i p\u00f3\u0142nocno-wschodni\u0105 Polsk\u0105. Na trasie ulew znajdzie si\u0119 niemal ca\u0142e Mazowsze oraz po\u0142udniowo-zachodnia cz\u0119\u015b\u0107 Podlasia.\u00a0Jednocze\u015bnie nad zachodni\u0105 cz\u0119\u015bci\u0105 kraju utworzy si\u0119 rozleg\u0142y pas s\u0142abszych opad\u00f3w.<\/p>\n<p><img alt=\"Prognoza nat\u0119\u017cenia opad\u00f3w na 7 sierpnia (o godz. 2 w nocy) wed\u0142ug modelu GFS\" loading=\"lazy\" width=\"1036\" height=\"584\" decoding=\"async\" data-nimg=\"1\" style=\"color:transparent\"   src=\"https:\/\/www.europesays.com\/pl\/wp-content\/uploads\/2026\/07\/1785258556_94_thumbnails.webp\"\/><\/p>\n<p class=\"font-inter text-[12px] sm:text-base font-semibold leading-[125%] text-[#000]\">Prognoza nat\u0119\u017cenia opad\u00f3w na 7 sierpnia (o godz. 2 w nocy) wed\u0142ug modelu GFS\/ Foto: GFS<\/p>\n<p class=\"font-primary mb-8 text-lg leading-[1.55] [&amp;_a]:text-[#23437D] [&amp;_a]:underline [&amp;_a]:font-bold\">Z prognozy ameryka\u0144skiego modelu GFS wynika wi\u0119c, \u017ce front b\u0119dzie w\u0119drowa\u0142 z zachodu na wsch\u00f3d, przynosz\u0105c lokalnie bardzo du\u017ce ilo\u015bci deszczu w kr\u00f3tkim czasie.<\/p>\n<p>Prognoza d\u0142ugoterminowa &#8211; co to oznacza?<\/p>\n<p class=\"font-primary mb-8 text-lg leading-[1.55] [&amp;_a]:text-[#23437D] [&amp;_a]:underline [&amp;_a]:font-bold\">Powy\u017csza prognoza opiera si\u0119 na wyliczeniach modelu pogodowego GFS. Jest to tzw. FUS (Far Ultra-long Scenario), czyli prognoza d\u0142ugoterminowa obarczona du\u017c\u0105 niepewno\u015bci\u0105. Przedstawione dane odzwierciedlaj\u0105 aktualne wyliczenia modelu, jednak wraz ze zbli\u017caniem si\u0119 omawianego terminu mog\u0105 si\u0119 zmieni\u0107.<\/p>\n<p>Redakcja poleca<\/p>\n","protected":false},"excerpt":{"rendered":"\u015aciana deszczu przejdzie przez Polsk\u0119. Nawet 50 litr\u00f3w w godzin\u0119 Pot\u0119\u017cna ulewa jest widoczna w prognozach. Pierwsze oznaki&hellip;\n","protected":false},"author":2,"featured_media":585511,"comment_status":"","ping_status":"","sticky":false,"template":"","format":"standard","meta":{"footnotes":"","_share_on_mastodon":"0"},"categories":[12],"tags":[169,42,14237,38,40,39,41,1600,16655],"class_list":["post-585510","post","type-post","status-publish","format-standard","has-post-thumbnail","category-polska","tag-deszcz","tag-pl","tag-pogoda-dlugoterminowa","tag-poland","tag-polish","tag-polska","tag-polski","tag-prognoza-pogody","tag-ulewa"],"share_on_mastodon":{"url":"https:\/\/pubeurope.com\/@pl\/116998712921894404","error":""},"_links":{"self":[{"href":"https:\/\/www.europesays.com\/pl\/wp-json\/wp\/v2\/posts\/585510","targetHints":{"allow":["GET"]}}],"collection":[{"href":"https:\/\/www.europesays.com\/pl\/wp-json\/wp\/v2\/posts"}],"about":[{"href":"https:\/\/www.europesays.com\/pl\/wp-json\/wp\/v2\/types\/post"}],"author":[{"embeddable":true,"href":"https:\/\/www.europesays.com\/pl\/wp-json\/wp\/v2\/users\/2"}],"replies":[{"embeddable":true,"href":"https:\/\/www.europesays.com\/pl\/wp-json\/wp\/v2\/comments?post=585510"}],"version-history":[{"count":0,"href":"https:\/\/www.europesays.com\/pl\/wp-json\/wp\/v2\/posts\/585510\/revisions"}],"wp:featuredmedia":[{"embeddable":true,"href":"https:\/\/www.europesays.com\/pl\/wp-json\/wp\/v2\/media\/585511"}],"wp:attachment":[{"href":"https:\/\/www.europesays.com\/pl\/wp-json\/wp\/v2\/media?parent=585510"}],"wp:term":[{"taxonomy":"category","embeddable":true,"href":"https:\/\/www.europesays.com\/pl\/wp-json\/wp\/v2\/categories?post=585510"},{"taxonomy":"post_tag","embeddable":true,"href":"https:\/\/www.europesays.com\/pl\/wp-json\/wp\/v2\/tags?post=585510"}],"curies":[{"name":"wp","href":"https:\/\/api.w.org\/{rel}","templated":true}]}}