{"id":585586,"date":"2026-07-28T17:54:12","date_gmt":"2026-07-28T17:54:12","guid":{"rendered":"https:\/\/www.europesays.com\/pl\/585586\/"},"modified":"2026-07-28T17:54:12","modified_gmt":"2026-07-28T17:54:12","slug":"andrzej-poczobut-wybral-bialystok-to-dla-nas-zaszczyt","status":"publish","type":"post","link":"https:\/\/www.europesays.com\/pl\/585586\/","title":{"rendered":"Andrzej Poczobut wybra\u0142 Bia\u0142ystok. &#8222;To dla nas zaszczyt&#8221;"},"content":{"rendered":"<p>Poczobut zawnioskowa\u0142 o mieszkanie w Bia\u0142ymstoku<\/p>\n<p class=\"font-primary mb-8 text-lg leading-[1.55] [&amp;_a]:text-[#23437D] [&amp;_a]:underline [&amp;_a]:font-bold\">Wniosek zosta\u0142 podpisany podczas konferencji prasowej z udzia\u0142em prezydenta Bia\u0142egostoku Tadeusza Truskolaskiego. Andrzej Poczobut podzi\u0119kowa\u0142 Truskolaskiemu i &#8222;wszystkim osobom, kt\u00f3re by\u0142y zaanga\u017cowane w t\u0119 spraw\u0119&#8221; i &#8222;tak przyja\u017anie potraktowa\u0142y&#8221; jego bliskich.<\/p>\n<p class=\"font-primary mb-8 text-lg leading-[1.55] [&amp;_a]:text-[#23437D] [&amp;_a]:underline [&amp;_a]:font-bold\">Przypomnia\u0142, \u017ce jego c\u00f3rka mieszka w stolicy Podlasia od czterech lat. Z kolei\u00a0syn w przysz\u0142o\u015bci zamierza tan studiowa\u0107.<\/p>\n<p class=\"font-primary mb-8 text-lg leading-[1.55] [&amp;_a]:text-[#23437D] [&amp;_a]:underline [&amp;_a]:font-bold\">Prezydent Truskolaski u\u017cy\u0142 okre\u015blenia, \u017ce Poczobut b\u0119dzie mieszka\u0144cem miasta, ale on sam podkre\u015bli\u0142 w rozmowie z dziennikarzami, \u017ce jego dom pozostaje w Grodnie na Bia\u0142orusi, gdzie zamierza pojecha\u0107 we wrze\u015bniu.<\/p>\n<p class=\"font-primary mb-8 text-lg leading-[1.55] [&amp;_a]:text-[#23437D] [&amp;_a]:underline [&amp;_a]:font-bold\">Doda\u0142, \u017ce z mieszkania w Bia\u0142ymstoku b\u0119d\u0105 korzysta\u0107 jego dzieci. &#8211;\u00a0Jak b\u0119d\u0119 ich\u00a0odwiedza\u0142, b\u0119d\u0119 u siebie &#8211; powiedzia\u0142.<\/p>\n<p>Redakcja polecaPrezydent Bia\u0142egostoku: z przyjemno\u015bci\u0105 aprobuj\u0119 wniosek<\/p>\n<p class=\"font-primary mb-8 text-lg leading-[1.55] [&amp;_a]:text-[#23437D] [&amp;_a]:underline [&amp;_a]:font-bold\">&#8211; To dla nas ogromny zaszczyt, \u017ce Andrzej Poczobut wybra\u0142 Bia\u0142ystok &#8211; o\u015bwiadczy\u0142 prezydent Truskolaski. Doda\u0142, \u017ce &#8222;z przyjemno\u015bci\u0105 zaaprobowa\u0142&#8221; wniosek dzia\u0142acza.<\/p>\n<p class=\"font-primary mb-8 text-lg leading-[1.55] [&amp;_a]:text-[#23437D] [&amp;_a]:underline [&amp;_a]:font-bold\">Jak doda\u0142, ca\u0142a procedura potrwa oko\u0142o trzech tygodni. &#8211; Po tym czasie mo\u017ce by\u0107 podpisana umowa i wr\u0119czone klucze panu Andrzejowi i jego rodzinie &#8211; poinformowa\u0142.<\/p>\n<p><img alt=\"Andrzej Poczobut podpisuje wniosek o wynaj\u0119cie mieszkania w Bia\u0142ymstoku\" loading=\"lazy\" width=\"1036\" height=\"584\" decoding=\"async\" data-nimg=\"1\" style=\"color:transparent\"   src=\"https:\/\/www.europesays.com\/pl\/wp-content\/uploads\/2026\/07\/1785261252_749_thumbnails.webp\"\/><\/p>\n<p class=\"font-inter text-[12px] sm:text-base font-semibold leading-[125%] text-[#000]\">Andrzej Poczobut podpisuje wniosek o wynaj\u0119cie mieszkania w Bia\u0142ymstoku\/ Foto: Miasto Bia\u0142ystok\/Facebook<\/p>\n<p class=\"font-primary mb-8 text-lg leading-[1.55] [&amp;_a]:text-[#23437D] [&amp;_a]:underline [&amp;_a]:font-bold\">Pierwotny wniosek o przyznanie Poczobutowi mieszkania pod wynajem w zasobach sp\u00f3\u0142ki miejskiej Komunalne Towarzystwo Budownictwa Spo\u0142ecznego (KTBS) w Bia\u0142ymstoku z\u0142o\u017cy\u0142o stowarzyszenie Wsp\u00f3lnota Polska.\u00a0Tadeusz Truskolaski m\u00f3wi\u0142, \u017ce\u00a0przychyli\u0142 si\u0119 do tej pro\u015bby ze wzgl\u0119du na zas\u0142ugi i dzia\u0142alno\u015b\u0107 Andrzeja Poczobuta.<\/p>\n<p>Wi\u0119ziony na Bia\u0142orusi<\/p>\n<p class=\"font-primary mb-8 text-lg leading-[1.55] [&amp;_a]:text-[#23437D] [&amp;_a]:underline [&amp;_a]:font-bold\">Dziennikarz i dzia\u0142acz Zwi\u0105zku Polak\u00f3w na Bia\u0142orusi\u00a0wielokrotnie powtarza\u0142, \u017ce chce kontynuowa\u0107 dzia\u0142alno\u015b\u0107 na Bia\u0142orusi. Planuje wr\u00f3ci\u0107 do Grodna we wrze\u015bniu.<\/p>\n<p class=\"font-primary mb-8 text-lg leading-[1.55] [&amp;_a]:text-[#23437D] [&amp;_a]:underline [&amp;_a]:font-bold\">Od 2023 roku Poczobut by\u0142 wi\u0119ziony przez bia\u0142oruski re\u017cim w kolonii karnej. Wyszed\u0142 na wolno\u015b\u0107 pod koniec kwietnia dzi\u0119ki zabiegom dyplomatycznym i skomplikowanej, mi\u0119dzynarodowej operacji s\u0142u\u017cb specjalnych kilku kraj\u00f3w &#8211; w tym Polski i Stan\u00f3w Zjednoczonych.<\/p>\n<p>Redakcja poleca<\/p>\n","protected":false},"excerpt":{"rendered":"Poczobut zawnioskowa\u0142 o mieszkanie w Bia\u0142ymstoku Wniosek zosta\u0142 podpisany podczas konferencji prasowej z udzia\u0142em prezydenta Bia\u0142egostoku Tadeusza Truskolaskiego.&hellip;\n","protected":false},"author":2,"featured_media":585587,"comment_status":"","ping_status":"","sticky":false,"template":"","format":"standard","meta":{"footnotes":"","_share_on_mastodon":"0"},"categories":[51614],"tags":[5371,2151,699,42,38,40,39,41,435],"class_list":["post-585586","post","type-post","status-publish","format-standard","has-post-thumbnail","category-bialystok","tag-andrzej-poczobut","tag-bialystok","tag-bialorus","tag-pl","tag-poland","tag-polish","tag-polska","tag-polski","tag-warszawa"],"share_on_mastodon":{"url":"https:\/\/pubeurope.com\/@pl\/116998889321553764","error":""},"_links":{"self":[{"href":"https:\/\/www.europesays.com\/pl\/wp-json\/wp\/v2\/posts\/585586","targetHints":{"allow":["GET"]}}],"collection":[{"href":"https:\/\/www.europesays.com\/pl\/wp-json\/wp\/v2\/posts"}],"about":[{"href":"https:\/\/www.europesays.com\/pl\/wp-json\/wp\/v2\/types\/post"}],"author":[{"embeddable":true,"href":"https:\/\/www.europesays.com\/pl\/wp-json\/wp\/v2\/users\/2"}],"replies":[{"embeddable":true,"href":"https:\/\/www.europesays.com\/pl\/wp-json\/wp\/v2\/comments?post=585586"}],"version-history":[{"count":0,"href":"https:\/\/www.europesays.com\/pl\/wp-json\/wp\/v2\/posts\/585586\/revisions"}],"wp:featuredmedia":[{"embeddable":true,"href":"https:\/\/www.europesays.com\/pl\/wp-json\/wp\/v2\/media\/585587"}],"wp:attachment":[{"href":"https:\/\/www.europesays.com\/pl\/wp-json\/wp\/v2\/media?parent=585586"}],"wp:term":[{"taxonomy":"category","embeddable":true,"href":"https:\/\/www.europesays.com\/pl\/wp-json\/wp\/v2\/categories?post=585586"},{"taxonomy":"post_tag","embeddable":true,"href":"https:\/\/www.europesays.com\/pl\/wp-json\/wp\/v2\/tags?post=585586"}],"curies":[{"name":"wp","href":"https:\/\/api.w.org\/{rel}","templated":true}]}}