{"id":585784,"date":"2026-07-28T19:45:11","date_gmt":"2026-07-28T19:45:11","guid":{"rendered":"https:\/\/www.europesays.com\/pl\/585784\/"},"modified":"2026-07-28T19:45:11","modified_gmt":"2026-07-28T19:45:11","slug":"port-lotniczy-lublin-uruchamia-caloroczne-loty-do-marsa-alam-w-egipcie","status":"publish","type":"post","link":"https:\/\/www.europesays.com\/pl\/585784\/","title":{"rendered":"Port Lotniczy Lublin uruchamia ca\u0142oroczne loty do Marsa Alam w Egipcie"},"content":{"rendered":"<p>Nowe po\u0142\u0105czenie uruchamia biuro podr\u00f3\u017cy Coral Travel Polska we wsp\u00f3\u0142pracy z liniami lotniczymi Enter Air. B\u0119dzie to ju\u017c czwarty nowy kierunek uruchomiony z lubelskiego lotniska w tym roku.<\/p>\n<p>\u2013 Uruchomienie ca\u0142orocznych lot\u00f3w do Marsa Alam przez Coral Travel i Enter Air to odpowied\u017a na stale rosn\u0105cy potencja\u0142 rynku turystycznego w naszym regionie. Cieszymy si\u0119, \u017ce dzi\u0119ki tej wsp\u00f3\u0142pracy mieszka\u0144cy Lubelszczyzny zyskaj\u0105 komfortowe, bezpo\u015brednie po\u0142\u0105czenie z jednym z najpi\u0119kniejszych kurort\u00f3w Egiptu tak\u017ce w okresie zimowym \u2013 m\u00f3wi Dariusz Krzowski, prezes Portu Lotniczego Lublin.<\/p>\n<p>Pierwszy lot tu\u017c przed \u015bwi\u0119tami<\/p>\n<p>Inauguracyjny rejs do Marsa Alam zaplanowano na 23 grudnia 2026 roku. Oznacza to, \u017ce osoby planuj\u0105ce \u015bwi\u0105teczny lub sylwestrowy wyjazd b\u0119d\u0105 mog\u0142y sp\u0119dzi\u0107 ten czas w s\u0142onecznym Egipcie. Po\u0142\u0105czenie b\u0119dzie realizowane raz w tygodniu \u2013 w \u015brody.<\/p>\n<p>Raj dla mi\u0142o\u015bnik\u00f3w nurkowania<\/p>\n<p>Marsa Alam to jeden z najpopularniejszych egipskich kurort\u00f3w nad Morzem Czerwonym. Miejscowo\u015b\u0107 s\u0142ynie z malowniczych raf koralowych, doskona\u0142ych warunk\u00f3w do nurkowania oraz niemal gwarantowanej s\u0142onecznej pogody przez ca\u0142y rok. Loty z Lublina b\u0119d\u0105 obs\u0142ugiwane przez Enter Air \u2013 najwi\u0119ksz\u0105 prywatn\u0105 lini\u0119 lotnicz\u0105 w Polsce.<\/p>\n<p>Egipt coraz bli\u017cej<\/p>\n<p>To nie jedyna egipska propozycja dost\u0119pna z Portu Lotniczego Lublin. Z regionalnego lotniska mo\u017cna ju\u017c korzysta\u0107 z po\u0142\u0105cze\u0144 do Hurghady. Szczeg\u00f3\u0142y dotycz\u0105ce rezerwacji nowego kierunku s\u0105 dost\u0119pne w biurach podr\u00f3\u017cy oraz na stronie Coral Travel Polska.<\/p>\n","protected":false},"excerpt":{"rendered":"Nowe po\u0142\u0105czenie uruchamia biuro podr\u00f3\u017cy Coral Travel Polska we wsp\u00f3\u0142pracy z liniami lotniczymi Enter Air. B\u0119dzie to ju\u017c&hellip;\n","protected":false},"author":2,"featured_media":585785,"comment_status":"","ping_status":"","sticky":false,"template":"","format":"standard","meta":{"footnotes":"","_share_on_mastodon":"0"},"categories":[51612],"tags":[956,56241,1081,42,38,40,39,41,56651],"class_list":["post-585784","post","type-post","status-publish","format-standard","has-post-thumbnail","category-lublin","tag-egipt","tag-lotnisko-lublin","tag-lublin","tag-pl","tag-poland","tag-polish","tag-polska","tag-polski","tag-port-lotniczy-lublin"],"share_on_mastodon":{"url":"https:\/\/pubeurope.com\/@pl\/116999325299588064","error":""},"_links":{"self":[{"href":"https:\/\/www.europesays.com\/pl\/wp-json\/wp\/v2\/posts\/585784","targetHints":{"allow":["GET"]}}],"collection":[{"href":"https:\/\/www.europesays.com\/pl\/wp-json\/wp\/v2\/posts"}],"about":[{"href":"https:\/\/www.europesays.com\/pl\/wp-json\/wp\/v2\/types\/post"}],"author":[{"embeddable":true,"href":"https:\/\/www.europesays.com\/pl\/wp-json\/wp\/v2\/users\/2"}],"replies":[{"embeddable":true,"href":"https:\/\/www.europesays.com\/pl\/wp-json\/wp\/v2\/comments?post=585784"}],"version-history":[{"count":0,"href":"https:\/\/www.europesays.com\/pl\/wp-json\/wp\/v2\/posts\/585784\/revisions"}],"wp:featuredmedia":[{"embeddable":true,"href":"https:\/\/www.europesays.com\/pl\/wp-json\/wp\/v2\/media\/585785"}],"wp:attachment":[{"href":"https:\/\/www.europesays.com\/pl\/wp-json\/wp\/v2\/media?parent=585784"}],"wp:term":[{"taxonomy":"category","embeddable":true,"href":"https:\/\/www.europesays.com\/pl\/wp-json\/wp\/v2\/categories?post=585784"},{"taxonomy":"post_tag","embeddable":true,"href":"https:\/\/www.europesays.com\/pl\/wp-json\/wp\/v2\/tags?post=585784"}],"curies":[{"name":"wp","href":"https:\/\/api.w.org\/{rel}","templated":true}]}}