{"id":585822,"date":"2026-07-28T20:05:25","date_gmt":"2026-07-28T20:05:25","guid":{"rendered":"https:\/\/www.europesays.com\/pl\/585822\/"},"modified":"2026-07-28T20:05:25","modified_gmt":"2026-07-28T20:05:25","slug":"prezydent-karol-nawrocki-powolal-czterech-nowych-sedziow-sn-wprost","status":"publish","type":"post","link":"https:\/\/www.europesays.com\/pl\/585822\/","title":{"rendered":"Prezydent Karol Nawrocki powo\u0142a\u0142 czterech nowych s\u0119dzi\u00f3w SN \u2013 Wprost"},"content":{"rendered":"\n<p>&#13;<br \/>\nPrezydent Karol Nawrocki wr\u0119czy\u0142 we\u00a0wtorek akty powo\u0142ania czterem nowym s\u0119dziom S\u0105du Najwy\u017cszego. Nominacje otrzymali Pawe\u0142 Buco\u0144, Pawe\u0142 Chmielnicki, Andrzej Micha\u0142owicz i\u00a0Tomasz Szczurowski. &#13;\n<\/p>\n<p>Nawrocki powo\u0142a\u0142 nowych s\u0119dzi\u00f3w SN<\/p>\n<p>&#13;<br \/>\n\u201eNowo powo\u0142ani s\u0119dziowie z\u0142o\u017cyli wobec Prezydenta RP \u015blubowanie\u201d \u2013\u00a0przekaza\u0142a Kancelaria Prezydenta. Kandydaci zostali wcze\u015bniej przedstawieni g\u0142owie pa\u0144stwa przez Krajow\u0105 Rad\u0119 S\u0105downictwa. Pawe\u0142 Buco\u0144 by\u0142 rekomendowany ju\u017c w\u00a02023 roku do\u00a0Izby Cywilnej SN. &#13;\n<\/p>\n<p>&#13;<br \/>\nUroczysto\u015b\u0107 odby\u0142a si\u0119 zgodnie z\u00a0wcze\u015bniejsz\u0105 zapowiedzi\u0105 szefa Kancelarii Prezydenta Zbigniewa Boguckiego. Nied\u0142ugo przed t\u0105\u00a0uroczysto\u015bci\u0105 prezydent powo\u0142a\u0142 tak\u017ce <a href=\"https:\/\/www.wprost.pl\/kraj\/12399450\/nawrocki-i-ruch-ws-tk-jest-nowy-sedzia-kim-jest-patyra.html\" title=\"Nowy s\u0119dzia TK zaprzysi\u0119\u017cony. Kancelaria Nawrockiego opublikowa\u0142a zdj\u0119cie\" target=\"_blank\" rel=\"nofollow noopener\">nowego s\u0119dziego Trybuna\u0142u Konstytucyjnego<\/a>. Decyzja ws. SN jeszcze przed jej realizacj\u0105 wywo\u0142a\u0142a sprzeciw ministra sprawiedliwo\u015bci. &#13;\n<\/p>\n<p>\u017burek pyta\u0142 o\u00a0odszkodowania<\/p>\n<p>&#13;<br \/>\nWaldemar \u017burek nazwa\u0142 kandydat\u00f3w \u201eneos\u0119dziami\u201d i\u00a0oceni\u0142, \u017ce\u00a0celem prezydenta jest \u201epog\u0142\u0119bienie kryzysu\u201d. Nawi\u0105za\u0142 w\u00a0ten spos\u00f3b do\u00a0sporu dotycz\u0105cego sk\u0142adu KRS i\u00a0legalno\u015bci powo\u0142a\u0144 dokonywanych na\u00a0jej wniosek. &#13;\n<\/p>\n<p>&#13;<br \/>\nMinister wskazywa\u0142 r\u00f3wnie\u017c na\u00a0orzeczenia Europejskiego Trybuna\u0142u Praw Cz\u0142owieka. Pyta\u0142, kto zap\u0142aci odszkodowania zas\u0105dzane obywatelom w\u00a0zwi\u0105zku z\u00a0udzia\u0142em w\u00a0ich sprawach nieprawid\u0142owo \u2013\u00a0jego zdaniem \u2013\u00a0powo\u0142anych s\u0119dzi\u00f3w: Kancelaria Prezydenta czy\u00a0sam Karol Nawrocki. &#13;\n<\/p>\n<p>&#13;<br \/>\nObecny ob\u00f3z rz\u0105dz\u0105cy kwestionuje niezale\u017cno\u015b\u0107 KRS, kt\u00f3rej s\u0119dziowsk\u0105 cz\u0119\u015b\u0107 wybiera Sejm. Prezydent i\u00a0politycy opozycji przekonuj\u0105 natomiast, \u017ce\u00a0nominowani w\u00a0tej procedurze s\u0119dziowie maj\u0105 prawo orzeka\u0107. &#13;\n<\/p>\n<p>&#13;<br \/>\n   Czytaj te\u017c:<br \/><a href=\"https:\/\/www.wprost.pl\/kraj\/12399171\/kto-jest-liderem-prawicy-sondaz-po-rozlamie-pis.html\" rel=\"follow nofollow noopener\" data-schema=\"WPROST\" data-image=\"https:\/\/img.wprost.pl\/_thumb\/39\/xx\/f427dc727ff86b16d311209487fa.jpeg\" target=\"_blank\">Jaros\u0142aw Kaczy\u0144ski wci\u0105\u017c liderem prawicy? Nawrocki \u015bciga si\u0119 z\u00a0prezesem PiS<\/a>   Czytaj te\u017c:<br \/><a href=\"https:\/\/www.wprost.pl\/kraj\/12399093\/nawrocki-i-nowy-ruch-ws-tk-ekspert-ocenia-jego-taktyke.html\" rel=\"follow nofollow noopener\" data-schema=\"WPROST\" data-image=\"https:\/\/img.wprost.pl\/_thumb\/f5\/19\/1d37786ab5f22968ebc264f59f69.jpeg\" target=\"_blank\">Nowy ruch Nawrockiego ws. TK. Ekspert ocenia taktyk\u0119 prezydenta<\/a>&#13;<\/p>\n","protected":false},"excerpt":{"rendered":"&#13; Prezydent Karol Nawrocki wr\u0119czy\u0142 we\u00a0wtorek akty powo\u0142ania czterem nowym s\u0119dziom S\u0105du Najwy\u017cszego. Nominacje otrzymali Pawe\u0142 Buco\u0144, Pawe\u0142&hellip;\n","protected":false},"author":2,"featured_media":585823,"comment_status":"","ping_status":"","sticky":false,"template":"","format":"standard","meta":{"footnotes":"","_share_on_mastodon":"0"},"categories":[62712],"tags":[105682,690,49,1381,12284,907,1005,12285,11829,8232,2558,43315],"class_list":["post-585822","post","type-post","status-publish","format-standard","has-post-thumbnail","category-karol-nawrocki","tag-artur-siekaczynski","tag-karol-nawrocki","tag-kraj","tag-krs","tag-ministerstwo-sprawiedliwosci","tag-polityka","tag-prezydent","tag-sad-najwyzszy","tag-sedziowie","tag-trybunal-konstytucyjny","tag-waldemar-zurek","tag-wprost"],"share_on_mastodon":{"url":"https:\/\/pubeurope.com\/@pl\/116999404191503490","error":""},"_links":{"self":[{"href":"https:\/\/www.europesays.com\/pl\/wp-json\/wp\/v2\/posts\/585822","targetHints":{"allow":["GET"]}}],"collection":[{"href":"https:\/\/www.europesays.com\/pl\/wp-json\/wp\/v2\/posts"}],"about":[{"href":"https:\/\/www.europesays.com\/pl\/wp-json\/wp\/v2\/types\/post"}],"author":[{"embeddable":true,"href":"https:\/\/www.europesays.com\/pl\/wp-json\/wp\/v2\/users\/2"}],"replies":[{"embeddable":true,"href":"https:\/\/www.europesays.com\/pl\/wp-json\/wp\/v2\/comments?post=585822"}],"version-history":[{"count":0,"href":"https:\/\/www.europesays.com\/pl\/wp-json\/wp\/v2\/posts\/585822\/revisions"}],"wp:featuredmedia":[{"embeddable":true,"href":"https:\/\/www.europesays.com\/pl\/wp-json\/wp\/v2\/media\/585823"}],"wp:attachment":[{"href":"https:\/\/www.europesays.com\/pl\/wp-json\/wp\/v2\/media?parent=585822"}],"wp:term":[{"taxonomy":"category","embeddable":true,"href":"https:\/\/www.europesays.com\/pl\/wp-json\/wp\/v2\/categories?post=585822"},{"taxonomy":"post_tag","embeddable":true,"href":"https:\/\/www.europesays.com\/pl\/wp-json\/wp\/v2\/tags?post=585822"}],"curies":[{"name":"wp","href":"https:\/\/api.w.org\/{rel}","templated":true}]}}