{"id":585908,"date":"2026-07-28T20:59:13","date_gmt":"2026-07-28T20:59:13","guid":{"rendered":"https:\/\/www.europesays.com\/pl\/585908\/"},"modified":"2026-07-28T20:59:13","modified_gmt":"2026-07-28T20:59:13","slug":"hyundai-tucson-ma-promocyjny-cennik-i-to-na-model-na-2027-r-ktora-wersje-wybrac","status":"publish","type":"post","link":"https:\/\/www.europesays.com\/pl\/585908\/","title":{"rendered":"Hyundai Tucson ma promocyjny cennik. I to na model na 2027 r. Kt\u00f3r\u0105 wersj\u0119 wybra\u0107?"},"content":{"rendered":"<p>W czo\u0142owej dziesi\u0105tce najcz\u0119\u015bciej rejestrowanych nowych aut przez klient\u00f3w indywidualnych w pierwszej po\u0142owie 2026 r. w Polsce a\u017c siedem modeli odnotowa\u0142o wzrosty. Cztery najwi\u0119ksze nale\u017c\u0105 do SUV-\u00f3w azjatyckich producent\u00f3w, przy czym a\u017c troje z nich pochodzi z Chin.<\/p>\n<p><a href=\"https:\/\/www.auto-swiat.pl\/\" title=\"Strona G\u0142\u00f3wna\" aria-label=\"Strona G\u0142\u00f3wna\" data-astro-prefetch=\"tap\" class=\"ods-a-logo-main-desktop\" rel=\"nofollow noopener\" target=\"_blank\"><img src=\"https:\/\/cdn.auto-swiat.pl\/img\/Logo_desktop_Auto-Swiat.svg\" class=\"ods-a-logo-main-desktop__image\" alt=\"Logo\" width=\"47\" height=\"60\" fetchpriority=\"high\" decoding=\"sync\" style=\"height:60px\"\/><\/a><\/p>\n<p class=\"ods-m-google-article__text\">Czytaj nas cz\u0119\u015bciej w Google<\/p>\n<p><a href=\"https:\/\/google.com\/preferences\/source?q=auto-swiat.pl\" target=\"_blank\" rel=\"noopener noreferrer nofollow\" aria-label=\"Dodaj w Google\" title=\"Dodaj w Google\" class=\"ods-a-button ods-a-button__primary ods-a-button__default ods-a-button-l\"> Dodaj w Google <\/a><\/p>\n<p>Omoda 5 odnotowa\u0142a a\u017c 33,7-procentowy wzrost pierwszych rejestracji (w por\u00f3wnaniu z pierwsz\u0105 po\u0142ow\u0105 2025 r.) \u2014 zreszt\u0105 dzi\u0119ki temu trafi\u0142a do czo\u0142owej dziesi\u0105tki. MG HS mia\u0142 wzrost na poziomie a\u017c 35,4 proc., ale to i tak skromnie przy MG ZS z 53,1-procentowym wzrostem (dane: Polski Zwi\u0105zek Przemys\u0142u Motoryzacyjnego).<\/p>\n<p class=\"ods-o-frame-in-text__paragraph\">P\u0142acisz za mark\u0119 popularn\u0105, dostajesz auto premium<\/p>\n<p class=\"ods-o-frame-in-text__paragraph\"><a href=\"https:\/\/www.auto-swiat.pl\/wiadomosci\/aktualnosci\/samochody-popularnych-marek-ktore-dorownuja-autom-premium-dwa-za-niecale-160-tys-zl\/rpffb4t\" id=\"571ff72b-4f1d-4e44-bf04-7f42c04a33e8\" rel=\"nofollow noopener\" target=\"_blank\">Jakie to samochody? Poznasz je tutaj<\/a><\/p>\n<p>   <img class=\"ods-a-photo ods-a-photo--background\" src=\"https:\/\/www.europesays.com\/pl\/wp-content\/uploads\/2026\/07\/yNqk9lBaHR0cHM6Ly9vY2RuLmV1L3B1bHNjbXMvTURBXy9mNDE5MDJkNDYzZGYxZmQyMmQwYjk2YjhhNjAyMzZiZi5qcGeRlQLNA.jpeg\" height=\"253\" width=\"450\" alt=\"Omoda 9 Super Hybrid\" loading=\"lazy\" fetchpriority=\"low\" decoding=\"async\"\/>  <\/p>\n<p>Wszystkich przebi\u0142 jednak korea\u0144ski SUV: liczba pierwszych rejestracji Hyundaia Tucsona w\u015br\u00f3d klient\u00f3w indywidualnych w Polsce wzros\u0142a w okresie stycze\u0144-czerwiec 2026 r. a\u017c o 68,7 proc. \u2014 czyli przesz\u0142o 2-krotnie! \u2014 z 1982 (w I po\u0142. 2025 r.) do 3343 sztuk.<\/p>\n<p>Na dodatek SUV Hyundaia jest teraz w promocji. Kt\u00f3r\u0105 wersj\u0119 najlepiej wybra\u0107?<\/p>\n<p>Hyundai Tucson: jakie to auto?<\/p>\n<p>Hyundai Tucson to kompaktowy SUV. Obecnie na rynku jest jego czwarta generacja (ale trzecia oferowana w Europie): zadebiutowa\u0142a w 2020 r., a w 2023 r. przesz\u0142a najwi\u0119ksz\u0105 modernizacj\u0119.<\/p>\n<p>     <img class=\"ods-a-photo ods-a-photo--background\" src=\"https:\/\/www.europesays.com\/pl\/wp-content\/uploads\/2026\/07\/2Ksk9lBaHR0cHM6Ly9vY2RuLmV1L3B1bHNjbXMvTURBXy80MjFmNGE0NTA2M2UwZDFlMjFmNjlhNDY5MmY2MmQ3MS5qcGeRkwXNB.jpeg\" height=\"529\" width=\"940\" alt=\"Hyundai Tucson\" loading=\"lazy\" fetchpriority=\"auto\" decoding=\"auto\"\/>    <\/p>\n<p>materia\u0142y producenta<\/p>\n<p>  Hyundai Tucson  <\/p>\n<p>Hyundai Tucson w bazowej wersji mierzy 452,5 cm d\u0142ugo\u015bci, 186,5 cm szeroko\u015bci i 165,5 cm wysoko\u015bci. Jego rozstaw osi to 268 cm, a pojemno\u015b\u0107 baga\u017cnika \u2014 te\u017c w podstawowej odmianie \u2014 wynosi od 620 do 1799 l. Jak na kompaktowego SUV-a, to znakomity wynik.<\/p>\n<p>Obecnie Hyundai Tucson jest dost\u0119pny w pi\u0119ciu wersjach nap\u0119du (wszystkie dane dla aut na rok modelowy 2027):<\/p>\n<ol class=\"ods-m-numbered-list\">\n<li class=\"ods-m-numbered-list__item\"> 1\n<p>z silnikiem benzynowym 1.6 T-GDI (150 KM): od 123 tys. 900 z\u0142;<\/p>\n<\/li>\n<li class=\"ods-m-numbered-list__item\"> 2\n<p>z silnikiem benzynowym 1.6 T-GDI (180 KM): od 150 tys. 800 z\u0142;<\/p>\n<\/li>\n<li class=\"ods-m-numbered-list__item\"> 3\n<p>z silnikiem Diesla 1.6 CRDI (136 KM): od 164 tys. 900 z\u0142;<\/p>\n<\/li>\n<li class=\"ods-m-numbered-list__item\"> 4\n<p>z nap\u0119dem hybrydowym (silnik benzynowy i elektryczny; 239 KM): od 146 tys. 800 z\u0142;<\/p>\n<\/li>\n<li class=\"ods-m-numbered-list__item\"> 5\n<p>z nap\u0119dem hybrydowym plug-in (silnik benzynowy i elektryczny; 288 KM): od 181 tys. 700 z\u0142.<\/p>\n<\/li>\n<\/ol>\n<p>     Jakie wyposa\u017cenie ma Hyundai Tucson?<\/p>\n<p>Hyundai Tucson na rok modelowy 2027 ma r\u00f3\u017cne wersje wyposa\u017cenia w zale\u017cno\u015bci od rodzaju nap\u0119du. Na przyk\u0142ad benzynowy wariant jest oferowany w a\u017c siedmiu wariantach wyposa\u017cenia: Modern Plus, Smart, Smart Black, Executive, Platinum, N Line Plus i N Line Ultimate.<\/p>\n<p>Bazowy Modern Plus oferuje w standardzie m.in.:<\/p>\n<ul class=\"ods-m-bullet-list\">\n<li class=\"ods-a-bullet ods-a-bullet--normal\"> 17-calowe aluminiowe obr\u0119cze k\u00f3\u0142; <\/li>\n<li class=\"ods-a-bullet ods-a-bullet--normal\"> 12,3-calowy ekran dotykowy w \u015brodkowej konsoli; <\/li>\n<li class=\"ods-a-bullet ods-a-bullet--normal\"> klimatyzacj\u0119 automatyczn\u0105 2-strefow\u0105 <\/li>\n<li class=\"ods-a-bullet ods-a-bullet--normal\"> podgrzewanie przednich foteli; <\/li>\n<li class=\"ods-a-bullet ods-a-bullet--normal\"> podgrzewanie kierownicy; <\/li>\n<li class=\"ods-a-bullet ods-a-bullet--normal\"> kamer\u0119 cofania; <\/li>\n<li class=\"ods-a-bullet ods-a-bullet--normal\"> przednie i tylne czujniki parkowania; <\/li>\n<li class=\"ods-a-bullet ods-a-bullet--normal\"> elektryczn\u0105 regulacj\u0119 bocznych szyb; <\/li>\n<li class=\"ods-a-bullet ods-a-bullet--normal\"> elektryczn\u0105 regulacj\u0119, podgrzewanie i sk\u0142adanie bocznych lusterek; <\/li>\n<li class=\"ods-a-bullet ods-a-bullet--normal\"> \u0142\u0105czno\u015b\u0107 z Apple CarPlay i Android Auto; <\/li>\n<li class=\"ods-a-bullet ods-a-bullet--normal\"> LED-owe reflektory. <\/li>\n<\/ul>\n<p class=\"ods-o-frame-in-text__paragraph\">Najlepsze SUV-y premium, jakimi je\u017adzi\u0142em<\/p>\n<p class=\"ods-o-frame-in-text__paragraph\"><a href=\"https:\/\/www.auto-swiat.pl\/wiadomosci\/aktualnosci\/najlepsze-suv-y-premium-jakimi-jezdzilem-miejskie-kompaktowe-klasy-sredniej-i-wyzszej\/rmfgq3h\" id=\"bdff7148-b6aa-4153-8908-971bf1f0b999\" rel=\"nofollow noopener\" target=\"_blank\">Tu poznasz pi\u0119ciu faworyt\u00f3w. Trzy auta za mniej ni\u017c 200 tys. z\u0142<\/a><\/p>\n<p>   <img class=\"ods-a-photo ods-a-photo--background\" src=\"https:\/\/www.europesays.com\/pl\/wp-content\/uploads\/2026\/07\/1785272353_955_7GCk9lBaHR0cHM6Ly9vY2RuLmV1L3B1bHNjbXMvTURBXy82NmMwN2Q5MDYwMmYyMDc2NDZjMjJiZDhjMzdkNTdjNy5wbmeRlQLNA.jpeg\" height=\"251\" width=\"450\" alt=\"Najlepsze SUV-y premium, jakimi je\u017adzi\u0142em\" loading=\"lazy\" fetchpriority=\"low\" decoding=\"async\"\/>  <\/p>\n<p>Z kolei wersja Smart dodaje do tego bez dop\u0142aty m.in.:<\/p>\n<ul class=\"ods-m-bullet-list\">\n<li class=\"ods-a-bullet ods-a-bullet--normal\"> 18-calowe aluminiowe obr\u0119cze k\u00f3\u0142; <\/li>\n<li class=\"ods-a-bullet ods-a-bullet--normal\"> system monitorowania martwego pola; <\/li>\n<li class=\"ods-a-bullet ods-a-bullet--normal\"> regulacj\u0119 podparcia l\u0119d\u017awiowego odcinka kr\u0119gos\u0142upa w przednich fotelach; <\/li>\n<li class=\"ods-a-bullet ods-a-bullet--normal\"> elektrochromatyczne lusterko wsteczne; <\/li>\n<li class=\"ods-a-bullet ods-a-bullet--normal\"> bezprzewodow\u0105 \u0142adowark\u0119 do kompatybilnych smartfon\u00f3w; <\/li>\n<li class=\"ods-a-bullet ods-a-bullet--normal\"> relingi dachowe. <\/li>\n<\/ul>\n<p>Odmiana Smart Black oferuje w standardzie ponadto np.:<\/p>\n<ul class=\"ods-m-bullet-list\">\n<li class=\"ods-a-bullet ods-a-bullet--normal\"> 19-calowe aluminiowe obr\u0119cze k\u00f3\u0142; <\/li>\n<li class=\"ods-a-bullet ods-a-bullet--normal\"> tapicerk\u0119 sk\u00f3rzano-materia\u0142ow\u0105; <\/li>\n<li class=\"ods-a-bullet ods-a-bullet--normal\"> 12,3-calowy ekran zestawu wska\u017anik\u00f3w; <\/li>\n<li class=\"ods-a-bullet ods-a-bullet--normal\"> elektrycznie regulowan\u0105 klap\u0119 baga\u017cnika. <\/li>\n<\/ul>\n<p>Ciekawie wygl\u0105da wariant Platinum, kt\u00f3ry ma w standardzie dodatkowo m.in.:<\/p>\n<ul class=\"ods-m-bullet-list\">\n<li class=\"ods-a-bullet ods-a-bullet--normal\"> sk\u00f3rzan\u0105 tapicerk\u0119; <\/li>\n<li class=\"ods-a-bullet ods-a-bullet--normal\"> system kamer 360 st. <\/li>\n<li class=\"ods-a-bullet ods-a-bullet--normal\"> ekran head-up; <\/li>\n<li class=\"ods-a-bullet ods-a-bullet--normal\"> elektryczn\u0105 regulacj\u0119 i wentylacj\u0119 przednich foteli; <\/li>\n<li class=\"ods-a-bullet ods-a-bullet--normal\"> podgrzewanie tylnych siedze\u0144. <\/li>\n<\/ul>\n<p>Wydaje si\u0119, \u017ce optymalnym wyborem nap\u0119dowym jest Hyundai Tucson w 150-konnej wersji. Z tym silnikiem ceny powy\u017cszych poziom\u00f3w wyposa\u017cenia przedstawiaj\u0105 si\u0119 nast\u0119puj\u0105co:<\/p>\n<ul class=\"ods-m-bullet-list\">\n<li class=\"ods-a-bullet ods-a-bullet--normal\"> Modern Plus: od 123 tys. 900 z\u0142; <\/li>\n<li class=\"ods-a-bullet ods-a-bullet--normal\"> Smart: od 129 tys. 500 z\u0142; <\/li>\n<li class=\"ods-a-bullet ods-a-bullet--normal\"> Smart Black: od 143 tys. 500 z\u0142; <\/li>\n<li class=\"ods-a-bullet ods-a-bullet--normal\"> Platinum: od 161 tys. 300 z\u0142 <\/li>\n<\/ul>\n<p> Dalszy ci\u0105g artyku\u0142u pod materia\u0142em wideo Hyundai Tucson: jak\u0105 wersj\u0119 wybra\u0107?<\/p>\n<p>Najciekawsz\u0105 opcj\u0105 wydaje si\u0119 wersja Smart. Wprawdzie jest o 5600 z\u0142 dro\u017csza od Modern Plus, ale dostajesz za to m.in. system monitorowania martwego pola i elektrochromatyczne lusterko wsteczne \u2014 czyli dwa bardzo praktyczne dodatki. Poza tym na 18-calowych obr\u0119czach k\u00f3\u0142 Hyundai Tucson b\u0119dzie wygl\u0105da\u0142 po prostu lepiej ni\u017c na 17-calowych.<\/p>\n<p>Ceny z 28 lipca 2026 r. Dotycz\u0105 aut na rok modelowy 2027 wyprodukowanych w 2026 r. <\/p>\n","protected":false},"excerpt":{"rendered":"W czo\u0142owej dziesi\u0105tce najcz\u0119\u015bciej rejestrowanych nowych aut przez klient\u00f3w indywidualnych w pierwszej po\u0142owie 2026 r. w Polsce a\u017c&hellip;\n","protected":false},"author":2,"featured_media":585909,"comment_status":"","ping_status":"","sticky":false,"template":"","format":"standard","meta":{"footnotes":"","_share_on_mastodon":"0"},"categories":[16],"tags":[210,113,61195,112,24432,5658,25129,48,46,42,38,40,39,41,47,2261,33384,26],"class_list":["post-585908","post","type-post","status-publish","format-standard","has-post-thumbnail","category-biznes","tag-aktualnosci","tag-biznes","tag-bottomfeed_styl","tag-business","tag-hybrydowy_suv","tag-hyundai","tag-kompaktowy_suv","tag-nat_styl","tag-omp","tag-pl","tag-poland","tag-polish","tag-polska","tag-polski","tag-screening_general","tag-suv","tag-tucson","tag-wiadomosci"],"share_on_mastodon":{"url":"https:\/\/pubeurope.com\/@pl\/116999616523548055","error":""},"_links":{"self":[{"href":"https:\/\/www.europesays.com\/pl\/wp-json\/wp\/v2\/posts\/585908","targetHints":{"allow":["GET"]}}],"collection":[{"href":"https:\/\/www.europesays.com\/pl\/wp-json\/wp\/v2\/posts"}],"about":[{"href":"https:\/\/www.europesays.com\/pl\/wp-json\/wp\/v2\/types\/post"}],"author":[{"embeddable":true,"href":"https:\/\/www.europesays.com\/pl\/wp-json\/wp\/v2\/users\/2"}],"replies":[{"embeddable":true,"href":"https:\/\/www.europesays.com\/pl\/wp-json\/wp\/v2\/comments?post=585908"}],"version-history":[{"count":0,"href":"https:\/\/www.europesays.com\/pl\/wp-json\/wp\/v2\/posts\/585908\/revisions"}],"wp:featuredmedia":[{"embeddable":true,"href":"https:\/\/www.europesays.com\/pl\/wp-json\/wp\/v2\/media\/585909"}],"wp:attachment":[{"href":"https:\/\/www.europesays.com\/pl\/wp-json\/wp\/v2\/media?parent=585908"}],"wp:term":[{"taxonomy":"category","embeddable":true,"href":"https:\/\/www.europesays.com\/pl\/wp-json\/wp\/v2\/categories?post=585908"},{"taxonomy":"post_tag","embeddable":true,"href":"https:\/\/www.europesays.com\/pl\/wp-json\/wp\/v2\/tags?post=585908"}],"curies":[{"name":"wp","href":"https:\/\/api.w.org\/{rel}","templated":true}]}}